{"id":283698,"date":"2026-09-02T20:05:25","date_gmt":"2026-09-02T20:05:25","guid":{"rendered":"https:\/\/www.europesays.com\/lv\/283698\/"},"modified":"2026-09-02T20:05:25","modified_gmt":"2026-09-02T20:05:25","slug":"vienibas-brauciena-del-nedelas-nogale-vivi-nodrosinas-garakus-vilcienus","status":"publish","type":"post","link":"https:\/\/www.europesays.com\/lv\/283698\/","title":{"rendered":"Vien\u012bbas brauciena d\u0113\u013c ned\u0113\u013cas nogal\u0113 Vivi nodro\u0161in\u0101s gar\u0101kus vilcienus"},"content":{"rendered":"<p><img fetchpriority=\"high\" decoding=\"async\" width=\"1024\" height=\"683\" src=\"https:\/\/www.europesays.com\/lv\/wp-content\/uploads\/2026\/09\/Vivi-1024x683.jpg\" alt=\"\" class=\"wp-image-1014018\"  \/>FOTO: www.vivi.lv<\/p>\n<p class=\"wp-block-paragraph\">Atsevi\u0161\u0137os vilcienu reisos starp Siguldu un R\u012bgu 5. un 6. septembr\u012b Vivi nodro\u0161in\u0101s gar\u0101kus vilcienus, lai nodro\u0161in\u0101tu \u0113rt\u0101ku nok\u013c\u016b\u0161anu uz 36. Latvijas rite\u0146brauc\u0113ju Vien\u012bbas braucienu Siguld\u0101.<\/p>\n<p class=\"wp-block-paragraph\">Sestdien, 5. septembr\u012b, no R\u012bgas uz Siguldu vilciens ar \u010detriem vagoniem aties plkst. 18.30.<\/p>\n<p class=\"wp-block-paragraph\">Sv\u0113tdien, 6. septembr\u012b, no R\u012bgas uz Siguldu vilcieni ar \u010detriem vagoniem aties plkst. 8.00 un 11.00, bet ar pieciem vagoniem \u2013 plkst. 9.30 un 20.30. Savuk\u0101rt no Siguldas uz R\u012bgu \u010detru vagonu sast\u0101v\u0101 vilcieni aties plkst. 6.52, 9.29 un 12.29, bet ar pieciem vagoniem \u2013 plkst. 19.16.<\/p>\n<p class=\"wp-block-paragraph\">Par vilcienu kust\u012bbas sarakstiem, bi\u013ce\u0161u ieg\u0101di vai citiem ar braucieniem saist\u012btiem jaut\u0101jumiem pasa\u017eieri var sazin\u0101ties ar Vivi Klientu apkalpo\u0161anas centru, zvanot pa diennakts bezmaksas t\u0101lruni 8760.<\/p>\n<p class=\"wp-block-paragraph\">Vien\u012bbas brauciens ir apmekl\u0113t\u0101kais un trad\u012bcij\u0101m bag\u0101t\u0101kais velo notikums Latvij\u0101, kur\u0101 katru gadu pulc\u0113jas vair\u0101ki t\u016bksto\u0161i rite\u0146brauc\u0113ju gan no Latvijas, gan kaimi\u0146valst\u012bm.<\/p>\n<p class=\"wp-block-paragraph\">Ik gadu Vivi nodro\u0161ina vair\u0101k nek\u0101 desmit papildu reisus uz da\u017e\u0101diem nacion\u0101la l\u012bme\u0146a kult\u016bras un sporta notikumiem. Papildu reisus un gar\u0101kus vilcienu sast\u0101vus nor\u012bko, pamatojoties uz pas\u0101kumu organizatoru iesniegumiem.<\/p>\n<p class=\"wp-block-paragraph\">Par vilciena pasa\u017eieru p\u0101rvad\u0101t\u0101ju Vivi:<\/p>\n<p class=\"wp-block-paragraph\">Vivi ir Baltij\u0101 liel\u0101kais vilciena pasa\u017eieru p\u0101rvad\u0101t\u0101js, kas nodro\u0161ina dro\u0161us un prec\u012bzus pasa\u017eieru p\u0101rvad\u0101jumus modernos un \u0113rtos vilcienos. Izpild\u012bto reisu precizit\u0101tes zi\u0146\u0101 uz\u0146\u0113mums ir viens no prec\u012bz\u0101kajiem vilciena pasa\u017eieru p\u0101rvad\u0101t\u0101jiem Eirop\u0101 un Baltij\u0101, precizit\u0101tes r\u0101d\u012bt\u0101jam p\u0101rsniedzot 98%. 2025. gad\u0101 Vivi vilcieni p\u0101rvad\u0101ja 21,3 miljonus pasa\u017eieru. Uz\u0146\u0113mums sniedz b\u016btisku ieguld\u012bjumu Latvijas tautsaimniec\u012bb\u0101, nodro\u0161inot iedz\u012bvot\u0101ju mobilit\u0101ti un nodarbinot vair\u0101k nek\u0101 950 darbinieku.<\/p>\n","protected":false},"excerpt":{"rendered":"FOTO: www.vivi.lv Atsevi\u0161\u0137os vilcienu reisos starp Siguldu un R\u012bgu 5. un 6. septembr\u012b Vivi nodro\u0161in\u0101s gar\u0101kus vilcienus, lai&hellip;\n","protected":false},"author":2,"featured_media":283699,"comment_status":"","ping_status":"","sticky":false,"template":"","format":"standard","meta":{"footnotes":"","_share_on_mastodon":"0"},"categories":[5],"tags":[23,28,29,32,33,22,30,31,35,39,38,36,37,34,42324,40,20,26,27,24,25,1007,1009,2020,6156,21],"class_list":["post-283698","post","type-post","status-publish","format-standard","has-post-thumbnail","category-aktualitates","tag-aktualitates","tag-breaking-news","tag-breakingnews","tag-featured-news","tag-featurednews","tag-headlines","tag-latest-news","tag-latestnews","tag-latvia","tag-latvian","tag-latviesu","tag-latviesu-valoda","tag-latviesuvaloda","tag-latvija","tag-latvijasritenbraucejuvienibasbrauciens","tag-lv","tag-news","tag-popularakas-zinas","tag-popularakaszinas","tag-top-stories","tag-topstories","tag-valka","tag-valkasnovads","tag-vilciens","tag-vivi","tag-zinas"],"share_on_mastodon":{"url":"https:\/\/pubeurope.com\/@lv\/117203247288969348","error":""},"_links":{"self":[{"href":"https:\/\/www.europesays.com\/lv\/wp-json\/wp\/v2\/posts\/283698","targetHints":{"allow":["GET"]}}],"collection":[{"href":"https:\/\/www.europesays.com\/lv\/wp-json\/wp\/v2\/posts"}],"about":[{"href":"https:\/\/www.europesays.com\/lv\/wp-json\/wp\/v2\/types\/post"}],"author":[{"embeddable":true,"href":"https:\/\/www.europesays.com\/lv\/wp-json\/wp\/v2\/users\/2"}],"replies":[{"embeddable":true,"href":"https:\/\/www.europesays.com\/lv\/wp-json\/wp\/v2\/comments?post=283698"}],"version-history":[{"count":0,"href":"https:\/\/www.europesays.com\/lv\/wp-json\/wp\/v2\/posts\/283698\/revisions"}],"wp:featuredmedia":[{"embeddable":true,"href":"https:\/\/www.europesays.com\/lv\/wp-json\/wp\/v2\/media\/283699"}],"wp:attachment":[{"href":"https:\/\/www.europesays.com\/lv\/wp-json\/wp\/v2\/media?parent=283698"}],"wp:term":[{"taxonomy":"category","embeddable":true,"href":"https:\/\/www.europesays.com\/lv\/wp-json\/wp\/v2\/categories?post=283698"},{"taxonomy":"post_tag","embeddable":true,"href":"https:\/\/www.europesays.com\/lv\/wp-json\/wp\/v2\/tags?post=283698"}],"curies":[{"name":"wp","href":"https:\/\/api.w.org\/{rel}","templated":true}]}}