{"id":28371,"date":"2025-10-22T16:44:08","date_gmt":"2025-10-22T16:44:08","guid":{"rendered":"https:\/\/www.europesays.com\/lv\/28371\/"},"modified":"2025-10-22T16:44:08","modified_gmt":"2025-10-22T16:44:08","slug":"vini-rapusies-virsotne-ar-zidaini-rokas-santa","status":"publish","type":"post","link":"https:\/\/www.europesays.com\/lv\/28371\/","title":{"rendered":"vi\u0146i r\u0101pu\u0161ies virsotn\u0113 ar z\u012bdaini rok\u0101s \u2014 Santa"},"content":{"rendered":"<p>Lietuvie\u0161u p\u0101ris k\u0101pa Polijas Risi kaln\u0101, kas atrodas augstajos Tatros uz Polijas un Slov\u0101kijas robe\u017eas. Taka ir b\u012bstama un paredz\u0113ta tikai pieredz\u0113ju\u0161iem k\u0101p\u0113jiem, ta\u010du tas nav attur\u0113jis lietuvie\u0161us k\u0101pt ar savu devi\u0146us m\u0113ne\u0161us veco\u00a0b\u0113rnu. V\u0113l\u0101k noskaidrojies, ka p\u0101ris nebija gatavs k\u0101pienam, t\u0101d\u0113\u013c vi\u0146iem bija nepiecie\u0161ama kalnu gida pal\u012bdz\u012bba, lai\u00a0mazuli no virsotnes\u00a0nog\u0101d\u0101tu dro\u0161\u012bb\u0101. Gad\u012bjums ir izrais\u012bjis pamat\u012bgu sa\u0161utumu\u00a0alp\u012bnistu kom\u016bn\u0101, kas asi nosoda jaunos vec\u0101kus par b\u0113rna pak\u013cau\u0161anu re\u0101l\u0101m briesm\u0101m. Saska\u0146\u0101 ar Polijas medija TVP World sac\u012bto, z\u012bdai\u0146a vec\u0101ki bija uzk\u0101pu\u0161i 2500 metrus augst\u0101 kalna virsotn\u0113.<\/p>\n<p>Tobr\u012bd taka bija kl\u0101ta ar cietu sniegu un ledu, kam bija nepiecie\u0161ams atbilsto\u0161s apr\u012bkojums, pieredze un iema\u0146as. P\u0101ri ce\u013c\u0101 bija sastapis k\u0101ds kalnu gids no Slov\u0101kijas, kur\u0161 l\u016bdza p\u0101rgalv\u012bgos lietuvie\u0161us griesties atpaka\u013c un k\u0101pt lej\u0101. Tom\u0113r neskatoties uz slov\u0101ku gida\u00a0br\u012bdin\u0101jumiem, vec\u0101ki turpin\u0101ja k\u0101pt virsotn\u0113 kop\u0101 ar savu b\u0113rnu.<\/p>\n<p>P\u0113c virsotnes sasnieg\u0161anas p\u0101ris aptv\u0113ra, ka nok\u0101p\u0161ana ir p\u0101r\u0101k riskanta, un l\u016bdza slov\u0101ku gidam sag\u0101d\u0101t vi\u0146iem kalnu k\u0101p\u0161anas apr\u012bkojumu un pal\u012bdz\u012bbu. Vi\u0146\u0161 atteic\u0101s, paskaidrojot, ka grupas sasie\u0161ana kop\u0101 var\u0113tu apdraud\u0113t visus \u2013 ja viens cilv\u0113ks pasl\u012bd\u0113tu, tas var\u0113tu novilkt lej\u0101 ar\u012b p\u0101r\u0113jos.<\/p>\n<p>P\u0113c tam slov\u0101ks mudin\u0101ja p\u0101ri sazin\u0101ties ar gl\u0101b\u0161anas dienestiem, jo \u200b\u200btas tobr\u012bd bija vien\u012bgais dro\u0161ais risin\u0101jums, ta\u010du lietuvie\u0161i no t\u0101da varianta atteic\u0101s, jo vi\u0146u ce\u013cojuma apdro\u0161in\u0101\u0161ana nesegtu \u0161\u0101du pakalpojumu. Apzinoties situ\u0101cijas nopietn\u012bbu, slov\u0101ku gids pie\u0146\u0113ma l\u0113mumu r\u012bkoties pats. Vi\u0146\u0161 viens pats nesa mazuli lejup pa kalnu, uzman\u012bgi p\u0101rvietojoties pa b\u012bstamo reljefu. Pateicoties vi\u0146a r\u012bc\u012bbai, b\u0113rns tika nog\u0101d\u0101ts dro\u0161\u012bb\u0101. V\u0113l\u0101k nok\u0101pu\u0161i ar\u012b pa\u0161i vec\u0101ki un neviens no k\u0101p\u0113jiem neguva nopietnas traumas.\u00a0<\/p>\n<blockquote><p>&#13;<\/p>\n<p>Risi kalna virsotne ir augst\u0101k\u0101 Polij\u0101.<\/p>\n<p>&#13;\n<\/p><\/blockquote>\n<p>T\u0101 sniedzas 2500 metru augstum\u0101 un t\u0101 takas ir iecien\u012btas alp\u012bnistu vid\u016b. Tiesa, \u0161\u012bs takas nav vienk\u0101r\u0161i izejamas, t\u0101d\u0113\u013c k\u0101p\u0113jiem nepiecie\u0161ams k\u0101pt kalnos ar visu nepiecie\u0161amo ekip\u0113jumu.<\/p>\n<p>\u00a0<\/p>\n","protected":false},"excerpt":{"rendered":"Lietuvie\u0161u p\u0101ris k\u0101pa Polijas Risi kaln\u0101, kas atrodas augstajos Tatros uz Polijas un Slov\u0101kijas robe\u017eas. Taka ir b\u012bstama&hellip;\n","protected":false},"author":2,"featured_media":28372,"comment_status":"","ping_status":"","sticky":false,"template":"","format":"standard","meta":{"footnotes":""},"categories":[14],"tags":[23,57,28,29,32,33,22,30,31,35,39,38,36,37,34,40,20,26,27,24,25,54,55,56,21,58],"class_list":{"0":"post-28371","1":"post","2":"type-post","3":"status-publish","4":"format-standard","5":"has-post-thumbnail","7":"category-zinas-no-arvalstim","8":"tag-aktualitates","9":"tag-arvalstim","10":"tag-breaking-news","11":"tag-breakingnews","12":"tag-featured-news","13":"tag-featurednews","14":"tag-headlines","15":"tag-latest-news","16":"tag-latestnews","17":"tag-latvia","18":"tag-latvian","19":"tag-latviesu","20":"tag-latviesu-valoda","21":"tag-latviesuvaloda","22":"tag-latvija","23":"tag-lv","24":"tag-news","25":"tag-popularakas-zinas","26":"tag-popularakaszinas","27":"tag-top-stories","28":"tag-topstories","29":"tag-world","30":"tag-world-news","31":"tag-worldnews","32":"tag-zinas","33":"tag-zinas-no-arvalstim"},"share_on_mastodon":{"url":"","error":""},"_links":{"self":[{"href":"https:\/\/www.europesays.com\/lv\/wp-json\/wp\/v2\/posts\/28371","targetHints":{"allow":["GET"]}}],"collection":[{"href":"https:\/\/www.europesays.com\/lv\/wp-json\/wp\/v2\/posts"}],"about":[{"href":"https:\/\/www.europesays.com\/lv\/wp-json\/wp\/v2\/types\/post"}],"author":[{"embeddable":true,"href":"https:\/\/www.europesays.com\/lv\/wp-json\/wp\/v2\/users\/2"}],"replies":[{"embeddable":true,"href":"https:\/\/www.europesays.com\/lv\/wp-json\/wp\/v2\/comments?post=28371"}],"version-history":[{"count":0,"href":"https:\/\/www.europesays.com\/lv\/wp-json\/wp\/v2\/posts\/28371\/revisions"}],"wp:featuredmedia":[{"embeddable":true,"href":"https:\/\/www.europesays.com\/lv\/wp-json\/wp\/v2\/media\/28372"}],"wp:attachment":[{"href":"https:\/\/www.europesays.com\/lv\/wp-json\/wp\/v2\/media?parent=28371"}],"wp:term":[{"taxonomy":"category","embeddable":true,"href":"https:\/\/www.europesays.com\/lv\/wp-json\/wp\/v2\/categories?post=28371"},{"taxonomy":"post_tag","embeddable":true,"href":"https:\/\/www.europesays.com\/lv\/wp-json\/wp\/v2\/tags?post=28371"}],"curies":[{"name":"wp","href":"https:\/\/api.w.org\/{rel}","templated":true}]}}