{"id":28373,"date":"2025-10-22T16:50:12","date_gmt":"2025-10-22T16:50:12","guid":{"rendered":"https:\/\/www.europesays.com\/lv\/28373\/"},"modified":"2025-10-22T16:50:12","modified_gmt":"2025-10-22T16:50:12","slug":"roberts-fico-informejis-ka-slovakija-atbalstis-jaunas-eiropas-savienibas-sankcijas-krievijai","status":"publish","type":"post","link":"https:\/\/www.europesays.com\/lv\/28373\/","title":{"rendered":"Roberts Fico inform\u0113jis, ka Slov\u0101kija atbalst\u012bs jaun\u0101s Eiropas Savien\u012bbas sankcijas Krievijai"},"content":{"rendered":"<p>ES samita nosl\u0113guma deklar\u0101cijas projekt\u0101 tagad teikts, ka, &#8220;\u0146emot v\u0113r\u0101 augsto ener\u0123ijas cenu negat\u012bvo ietekmi uz Eiropas r\u016bpniec\u012bbas konkur\u0113tsp\u0113ju pasaul\u0113, Eiropas Savien\u012bbas strat\u0113\u0123isko autonomiju un Eiropas m\u0101jsaimniec\u012bb\u0101m, Eiropadome aicina [Eiropas] Komisiju pa\u0101trin\u0101t darbu, lai samazin\u0101tu ener\u0123ijas cenas un atbalst\u012btu ilgtsp\u0113j\u012bgu ener\u0123ijas ra\u017eo\u0161anu Savien\u012bb\u0101.&#8221;<\/p>\n","protected":false},"excerpt":{"rendered":"ES samita nosl\u0113guma deklar\u0101cijas projekt\u0101 tagad teikts, ka, &#8220;\u0146emot v\u0113r\u0101 augsto ener\u0123ijas cenu negat\u012bvo ietekmi uz Eiropas r\u016bpniec\u012bbas&hellip;\n","protected":false},"author":2,"featured_media":28374,"comment_status":"","ping_status":"","sticky":false,"template":"","format":"standard","meta":{"footnotes":""},"categories":[14],"tags":[23,57,28,29,32,33,22,30,31,35,39,38,36,37,34,40,20,26,27,24,25,54,55,56,21,58],"class_list":{"0":"post-28373","1":"post","2":"type-post","3":"status-publish","4":"format-standard","5":"has-post-thumbnail","7":"category-zinas-no-arvalstim","8":"tag-aktualitates","9":"tag-arvalstim","10":"tag-breaking-news","11":"tag-breakingnews","12":"tag-featured-news","13":"tag-featurednews","14":"tag-headlines","15":"tag-latest-news","16":"tag-latestnews","17":"tag-latvia","18":"tag-latvian","19":"tag-latviesu","20":"tag-latviesu-valoda","21":"tag-latviesuvaloda","22":"tag-latvija","23":"tag-lv","24":"tag-news","25":"tag-popularakas-zinas","26":"tag-popularakaszinas","27":"tag-top-stories","28":"tag-topstories","29":"tag-world","30":"tag-world-news","31":"tag-worldnews","32":"tag-zinas","33":"tag-zinas-no-arvalstim"},"share_on_mastodon":{"url":"","error":""},"_links":{"self":[{"href":"https:\/\/www.europesays.com\/lv\/wp-json\/wp\/v2\/posts\/28373","targetHints":{"allow":["GET"]}}],"collection":[{"href":"https:\/\/www.europesays.com\/lv\/wp-json\/wp\/v2\/posts"}],"about":[{"href":"https:\/\/www.europesays.com\/lv\/wp-json\/wp\/v2\/types\/post"}],"author":[{"embeddable":true,"href":"https:\/\/www.europesays.com\/lv\/wp-json\/wp\/v2\/users\/2"}],"replies":[{"embeddable":true,"href":"https:\/\/www.europesays.com\/lv\/wp-json\/wp\/v2\/comments?post=28373"}],"version-history":[{"count":0,"href":"https:\/\/www.europesays.com\/lv\/wp-json\/wp\/v2\/posts\/28373\/revisions"}],"wp:featuredmedia":[{"embeddable":true,"href":"https:\/\/www.europesays.com\/lv\/wp-json\/wp\/v2\/media\/28374"}],"wp:attachment":[{"href":"https:\/\/www.europesays.com\/lv\/wp-json\/wp\/v2\/media?parent=28373"}],"wp:term":[{"taxonomy":"category","embeddable":true,"href":"https:\/\/www.europesays.com\/lv\/wp-json\/wp\/v2\/categories?post=28373"},{"taxonomy":"post_tag","embeddable":true,"href":"https:\/\/www.europesays.com\/lv\/wp-json\/wp\/v2\/tags?post=28373"}],"curies":[{"name":"wp","href":"https:\/\/api.w.org\/{rel}","templated":true}]}}