{"id":283762,"date":"2026-09-02T20:59:20","date_gmt":"2026-09-02T20:59:20","guid":{"rendered":"https:\/\/www.europesays.com\/lv\/283762\/"},"modified":"2026-09-02T20:59:20","modified_gmt":"2026-09-02T20:59:20","slug":"muziba-devies-ilggadejais-latvijas-televizijas-zurnalists-un-redaktors-dimants-delfi","status":"publish","type":"post","link":"https:\/\/www.europesays.com\/lv\/283762\/","title":{"rendered":"M\u016b\u017e\u012bb\u0101 devies ilggad\u0113jais Latvijas Telev\u012bzijas \u017eurn\u0101lists un redaktors Dimants &#8211; DELFI"},"content":{"rendered":"<ol>\n<li><a href=\"https:\/\/news.google.com\/rss\/articles\/CBMi1AFBVV95cUxNZmRJMEJlQ0s2UVhreTB6dlJ3UnVjNUhiS2xKVzJOZTRqNDQ5ZUtrQk9YQmpWVmdPaU9xV00yb19nbUFZV1VrNVVlenpyQmhYU3Y4VUI4d0hyMnJhaTl3RWtGUHdPd2xaem5BQnNEQjBndzZjNjhMMWtLYTJablJ3OWwzRks4bGotRnhJcWdsUTFIS2RnaHJFbVo1RWoxdnJyckFKeE1pUkUzRlV3bWJ1RTM5VnVGb0tzUHVVMXV1NW1FS3NjYjZoZDh6RHJpWFVQTG02TA?oc=5\" target=\"_blank\" rel=\"nofollow noopener\">M\u016b\u017e\u012bb\u0101 devies ilggad\u0113jais Latvijas Telev\u012bzijas \u017eurn\u0101lists un redaktors Dimants<\/a>&nbsp;&nbsp;DELFI<\/li>\n<li><a href=\"https:\/\/news.google.com\/rss\/articles\/CBMimwFBVV95cUxOOW1fSmNDa0tXSDBKa1NmMDBzV0NjV3dJMjhWWFhKeWhPYU5uLS1aSGhLdjctc25jVGdQZE5ReUhtVHdrOGxuNWxJamt5XzlSOVVNSFpONUx5ZGRPSnVUbW1IR0ZFenpvZ0pJbW5WQl9RUzNWem5UUm0wZTRycmFpS3M5VXJJeUJyelVUY0VabHpfaVFicHFzQzMxUQ?oc=5\" target=\"_blank\" rel=\"nofollow noopener\">Aizsaul\u0113 devies Latvijas Telev\u012bzijas le\u0123enda J\u0101nis Dimants<\/a>&nbsp;&nbsp;Jauns.lv<\/li>\n<li><a href=\"https:\/\/news.google.com\/rss\/articles\/CBMiogFBVV95cUxNRTRIc1BVMllCYW0zbDRkOERSLUhuWHN2VG1BS3QxV3RjUGpKakdCeGl3elZNeS00YVRTTl9tcVd2SFJWYVJ6Sk5WcllfY2dZMng4dWFFbWFVTWZsNG9ITkxSQ1kyMkFCMDZoNWhMdk5WeDNEZVZoU3MteHNSTVBtMERPRVlwWjZNWlRfMGJsZ2VhNHNsdDJUZFBKUV9fNWdFYlE?oc=5\" target=\"_blank\" rel=\"nofollow noopener\">Miris le\u0123end\u0101rais \u00abPanor\u0101mas\u00bb \u017eurn\u0101lists J\u0101nis Dimants<\/a>&nbsp;&nbsp;Santa.lv<\/li>\n<li><a href=\"https:\/\/news.google.com\/rss\/articles\/CBMitwFBVV95cUxOWGJNT0RpUlFYSjdvZi04QUNITUpjZHd6VGUzQm1xd1ZaT0RGTXpsR1d1LTBUeEp6OHdMVnpvakhmZnZTOVJMcTVKSV9Ec1k1N2cyWlgwSGd1TjcwUDFRYmN6T29PbUN2VWhHUlFGSG9MWmZMdExLVWVoZ19Wdk90V3VDOWl3QWN4T09uVG9qSVRnTVZXa3BQSjFHUXREazF4NXZ1OVFsUFBRU3dOakU3QjctYjBLRG8?oc=5\" target=\"_blank\" rel=\"nofollow noopener\">M\u016b\u017e\u012bb\u0101 devies ilggad\u0113jais Latvijas Telev\u012bzijas \u017eurn\u0101lists un redaktors J\u0101nis Dimants<\/a>&nbsp;&nbsp;1188.lv<\/li>\n<\/ol>\n","protected":false},"excerpt":{"rendered":"M\u016b\u017e\u012bb\u0101 devies ilggad\u0113jais Latvijas Telev\u012bzijas \u017eurn\u0101lists un redaktors Dimants&nbsp;&nbsp;DELFI Aizsaul\u0113 devies Latvijas Telev\u012bzijas le\u0123enda J\u0101nis Dimants&nbsp;&nbsp;Jauns.lv Miris le\u0123end\u0101rais&hellip;\n","protected":false},"author":2,"featured_media":283763,"comment_status":"","ping_status":"","sticky":false,"template":"","format":"standard","meta":{"footnotes":"","_share_on_mastodon":"0"},"categories":[5],"tags":[23,28,29,32,33,22,2161,30,31,35,39,38,36,37,34,1228,40,20,26,27,24,25,21],"class_list":["post-283762","post","type-post","status-publish","format-standard","has-post-thumbnail","category-aktualitates","tag-aktualitates","tag-breaking-news","tag-breakingnews","tag-featured-news","tag-featurednews","tag-headlines","tag-in-memoriam","tag-latest-news","tag-latestnews","tag-latvia","tag-latvian","tag-latviesu","tag-latviesu-valoda","tag-latviesuvaloda","tag-latvija","tag-ltv","tag-lv","tag-news","tag-popularakas-zinas","tag-popularakaszinas","tag-top-stories","tag-topstories","tag-zinas"],"share_on_mastodon":{"url":"https:\/\/pubeurope.com\/@lv\/117203459459622760","error":""},"_links":{"self":[{"href":"https:\/\/www.europesays.com\/lv\/wp-json\/wp\/v2\/posts\/283762","targetHints":{"allow":["GET"]}}],"collection":[{"href":"https:\/\/www.europesays.com\/lv\/wp-json\/wp\/v2\/posts"}],"about":[{"href":"https:\/\/www.europesays.com\/lv\/wp-json\/wp\/v2\/types\/post"}],"author":[{"embeddable":true,"href":"https:\/\/www.europesays.com\/lv\/wp-json\/wp\/v2\/users\/2"}],"replies":[{"embeddable":true,"href":"https:\/\/www.europesays.com\/lv\/wp-json\/wp\/v2\/comments?post=283762"}],"version-history":[{"count":0,"href":"https:\/\/www.europesays.com\/lv\/wp-json\/wp\/v2\/posts\/283762\/revisions"}],"wp:featuredmedia":[{"embeddable":true,"href":"https:\/\/www.europesays.com\/lv\/wp-json\/wp\/v2\/media\/283763"}],"wp:attachment":[{"href":"https:\/\/www.europesays.com\/lv\/wp-json\/wp\/v2\/media?parent=283762"}],"wp:term":[{"taxonomy":"category","embeddable":true,"href":"https:\/\/www.europesays.com\/lv\/wp-json\/wp\/v2\/categories?post=283762"},{"taxonomy":"post_tag","embeddable":true,"href":"https:\/\/www.europesays.com\/lv\/wp-json\/wp\/v2\/tags?post=283762"}],"curies":[{"name":"wp","href":"https:\/\/api.w.org\/{rel}","templated":true}]}}