{"id":28377,"date":"2025-10-22T16:53:10","date_gmt":"2025-10-22T16:53:10","guid":{"rendered":"https:\/\/www.europesays.com\/lv\/28377\/"},"modified":"2025-10-22T16:53:10","modified_gmt":"2025-10-22T16:53:10","slug":"viena-no-maigakajam-jura-kulakova-izpausmem-iestudeta-muzikala-izrade-mazais-princis-raksts","status":"publish","type":"post","link":"https:\/\/www.europesays.com\/lv\/28377\/","title":{"rendered":"Viena no maig\u0101kaj\u0101m Jura Kulakova izpausm\u0113m. Iestud\u0113ta muzik\u0101l\u0101 izr\u0101de \u00abMazais princis\u00bb \/ Raksts"},"content":{"rendered":"<p>&#8220;Mazais princis&#8221; ir viens no izcil\u0101kajiem fran\u010du rakstnieka Antu\u0101na Mar\u012b \u017dana Barista Ro\u017e\u0113 de Sent-Ekziper\u012b darbiem. \u0160obr\u012bd Latvijas Jaunatnes te\u0101tris, godinot p\u0101ragri aizsaul\u0113 aizg\u0101ju\u0161\u0101 komponista Jura Kulakova piemi\u0146u, izpilda vi\u0146am doto sol\u012bjumu, iestud\u0113jot muzik\u0101lo izr\u0101di &#8220;Mazais princis&#8221;.\u00a0<\/p>\n<p style=\"margin-left:0cm; margin-right:0cm\">Pirmoreiz Latvijas Jaunatnes te\u0101tr\u012b \u0161\u012b izr\u0101de ar Jura Kulakova m\u016bziku iestud\u0113ta pirms desmit gadiem. Neilgi pirmais aizie\u0161anas m\u016b\u017e\u012bb\u0101 komponists izteicis v\u0113lmi, lai Mazais princis atgrie\u017eas uz skatuves, un nu \u2013\u00a0tapis jauns iestud\u0113jums.\u00a0<\/p>\n<p style=\"margin-left:0cm; margin-right:0cm\">Re\u017eisore Laila Kirmu\u0161ka st\u0101sta: &#8220;Kulakova m\u016bzika, protams, mani iedvesmoja, vi\u0146a ir \u013coti bag\u0101t\u012bga, un ar\u012b \u0161is autora darbs ir p\u0101rpasaul\u012bgs. \u0160\u012b t\u0113ma b\u016bs m\u016b\u017e\u012bga \u2013 mekl\u0113jumi sev\u012b, savas gaitas mekl\u0113jumi un ar\u012b tas, ka Pilots un Mazais princis ir divi vien\u0101.\u00a0<\/p>\n<blockquote>\n<p style=\"margin-left:0cm; margin-right:0cm\">Tas ir t\u0101 k\u0101 iek\u0161\u0113jais b\u0113rns, Mazais princis, bet tan\u012b pa\u0161\u0101 laik\u0101 vi\u0146i ir it k\u0101 atsevi\u0161\u0137i katrs par sevi. Un kop\u0101 tas ce\u013c\u0161, ko vi\u0146i iziet, lai atrastu to augst\u0101ko punktu \u2013 m\u012blest\u012bbu pret cilv\u0113ci, pret sevi, pret Visumu, tas ir \u013coti, \u013coti sp\u0113c\u012bgi.&#8221;\u00a0<\/p>\n<\/blockquote>\n<p style=\"margin-left:0cm; margin-right:0cm\">Mazo\u00a0princi izr\u0101d\u0113 att\u0113lo Mariss \u0136irsis: &#8220;Es jau no pa\u0161a s\u0101kuma visu uztv\u0113ru caur Jura Kulakova gaisotni. Tad, kad biju b\u0113rns, man nebija \u0161\u012bs gr\u0101matas, es biju par to dzird\u0113jis, bet nebiju las\u012bjis, un tad, kad mani uzrun\u0101ja piedal\u012bties \u0161aj\u0101 izr\u0101d\u0113, man uzreiz ats\u016bt\u012bja fonogrammas, tekstus, t\u0101d\u0113\u013c es nevaru iedom\u0101ties, k\u0101 tas ir izlas\u012bt, nezinot, k\u0101 \u0161o st\u0101stu ir v\u0113l\u0113jusies par\u0101d\u012bt re\u017eisore Laila Kirmu\u0161ka.&#8221;\u00a0<\/p>\n<p style=\"margin-left:0cm; margin-right:0cm\"><img decoding=\"async\" src=\"https:\/\/www.europesays.com\/lv\/wp-content\/uploads\/2025\/10\/rul8.jpg\" alt=\"Mariss \u0136irsis un \u0122irts Kr\u016bmi\u0146\u0161\"\/>Mariss \u0136irsis un \u0122irts Kr\u016bmi\u0146\u0161<\/p>\n<p>Foto: Lauris V\u012bksne<\/p>\n<\/p>\n<p style=\"margin-left:0cm; margin-right:0cm\">Lidot\u0101ja lom\u0101 izr\u0101d\u0113 iej\u016btas \u0122irts Kr\u016bmi\u0146\u0161: &#8220;T\u0101 ir viena no gr\u0101mat\u0101m, ko es atceros no b\u0113rn\u012bbas&#8230; Man bija jau k\u0101di se\u0161i gadi. Es atceros gr\u0101matu ilustr\u0101ciju d\u0113\u013c, man vi\u0146as ir paliku\u0161as atmi\u0146\u0101.\u00a0<\/p>\n<blockquote>\n<p style=\"margin-left:0cm; margin-right:0cm\">Lidot\u0101js simboliz\u0113 pieaugu\u0161u cilv\u0113ku, kur\u0161 ilgojas b\u016bt br\u012bvs. Un kaut k\u0101d\u0101 zi\u0146\u0101 b\u0113rni l\u012bdz kaut k\u0101dam vecuma ir br\u012bvi, jo vi\u0146i nav apspiesti, vi\u0146i kaut k\u0101 \u013caujas tam, kas vi\u0146i ir\u2026\u00a0<\/p>\n<\/blockquote>\n<p style=\"margin-left:0cm; margin-right:0cm\">Tas ir t\u0101 k\u0101 parad\u012bze \u2013 neesi iepazinis, kas ir \u013cauns, slikts, tev nav v\u0113rt\u0113jumu, tu priec\u0101jies par dz\u012bvi, pasauli. Tas ir tas, ko lidot\u0101js v\u0113las \u2013 atgriezties \u0161aj\u0101 zaud\u0113taj\u0101 parad\u012bz\u0113; mekl\u0113jumi uz t\u0101m plan\u0113t\u0101m, mekl\u0113jumi atgriezties br\u012bv\u012bb\u0101.&#8221;<\/p>\n<p style=\"margin-left:0cm; margin-right:0cm\"><img decoding=\"async\" src=\"https:\/\/www.europesays.com\/lv\/wp-content\/uploads\/2025\/10\/rul9.jpg\" alt=\"Sandija Misika\"\/>Sandija Misika<\/p>\n<p>Foto: Lauris V\u012bksne<\/p>\n<p><img decoding=\"async\" src=\"https:\/\/www.europesays.com\/lv\/wp-content\/uploads\/2025\/10\/rula.jpg\" alt=\"Sandija Misika\"\/>Sandija Misika<\/p>\n<p>Foto: Lauris V\u012bksne<\/p>\n<\/p>\n<p style=\"margin-left:0cm; margin-right:0cm\">Rozes lomu atveido aktrise un dzied\u0101t\u0101ja Sandija Misika: &#8220;Roze Mazajam princim simboliz\u0113 m\u012blest\u012bbu. Vi\u0146a nav no t\u0101m viegl\u0101kaj\u0101m sieviet\u0113m, bet vi\u0146am ir t\u0101 \u012bst\u0101 un vien\u012bg\u0101, jo ne pa velti vi\u0146\u0161 pie\u00a0vi\u0146as atgrie\u017eas.\u00a0<\/p>\n<blockquote>\n<p style=\"margin-left:0cm; margin-right:0cm\">Vi\u0146\u0161 saprot \u2013\u00a0lai ar\u012b ko vi\u0146\u0161 satiktu, ka ar\u012b Lapsa vi\u0146am ir noz\u012bm\u012bga, bet vi\u0146\u0161 tom\u0113r atgrie\u017eas, t\u0101p\u0113c t\u0101 ir m\u012blest\u012bba no pirm\u0101 acu skatiena.&#8221;\u00a0<\/p>\n<\/blockquote>\n<p style=\"margin-left:0cm; margin-right:0cm\">&#8220;Mazais\u00a0princis&#8221; ir tulkots vair\u0101k nek\u0101 250 valod\u0101s un atz\u012bts par 20. gadsimta lab\u0101ko gr\u0101matu\u00a0Francij\u0101.\u00a0<\/p>\n<p style=\"margin-left:0cm; margin-right:0cm\">Izr\u0101des aktieru plej\u0101d\u0113 loma ir ar\u012b dzied\u0101t\u0101jai, aktrisei un Jura Kulakova l\u012bdzgaitniecei grup\u0101 &#8220;P\u0113rkons&#8221; \u2013\u00a0Ievai Akuraterei. Vi\u0146a izr\u0101d\u0113 iej\u016btas\u00a0\u010c\u016bskas t\u0113l\u0101: &#8220;Tas, ka m\u016b\u017e\u012bba ir pilna ar m\u012blest\u012bbu un bezgal\u012bga \u2013 tas ir liel\u0101kais sp\u0113ks \u0161eit, un, protams, ka sajust ar sirdi, redz\u0113t ar sirdi, tas ir visliel\u0101kais katalizators, visuzticam\u0101kais.\u00a0<\/p>\n<blockquote>\n<p style=\"margin-left:0cm; margin-right:0cm\">Es j\u016btu, ka Juris ir sajutis \u013coti maigi, t\u0101 ir viena no maig\u0101kaj\u0101m, el\u0113\u0123isk\u0101kaj\u0101m vi\u0146a izpausm\u0113m, un es ar\u012b tad cen\u0161os iedom\u0101ties, k\u0101\u00a0vi\u0146\u0161 b\u016btu grib\u0113jis, lai es sp\u0113l\u0113ju \u010c\u016bsku, un es saprotu, ka t\u0101 \u010c\u016bska ir t\u0101da transcendent\u0101la persona, kas pal\u012bdz p\u0101rce\u013cot no vienas dimensijas otr\u0101.\u00a0<\/p>\n<\/blockquote>\n<p style=\"margin-left:0cm; margin-right:0cm\">T\u0101, lai b\u016btu interesant\u0101k un laim\u012bg\u0101k.&#8221;<\/p>\n<p style=\"margin-left:0cm; margin-right:0cm\"><img decoding=\"async\" src=\"https:\/\/www.europesays.com\/lv\/wp-content\/uploads\/2025\/10\/rulc.jpg\" alt=\"Ieva Akur\u0101tere\"\/>Ieva Akur\u0101tere<\/p>\n<p>Foto: Lauris V\u012bksne<\/p>\n<p><img decoding=\"async\" src=\"https:\/\/www.europesays.com\/lv\/wp-content\/uploads\/2025\/10\/rulb.jpg\" alt=\"Nauris Puntulis\"\/>Nauris Puntulis<\/p>\n<p>Foto: Lauris V\u012bksne<\/p>\n<\/p>\n<p style=\"margin-left:0cm; margin-right:0cm\">Lampu iededzin\u0101t\u0101ja loma pie\u0161\u0137irta m\u016bzi\u0137im un biju\u0161ajam kult\u016bras ministram Naurim\u00a0Puntulim: &#8220;Es nebiju dzird\u0113jis iepriek\u0161 \u0161o [Kulakova] m\u016bziku, un, n\u0101kot uz pirmajiem m\u0113\u0123in\u0101jumiem, izdzirdot atsevi\u0161\u0137as vietas, man sak\u0101pa kamols kakl\u0101.<\/p>\n<blockquote>\n<p style=\"margin-left:0cm; margin-right:0cm\">Es atpazinu Juri, vienalga, kur, ko vi\u0146\u0161 rakst\u012btu, tas rokraksts ir caur un caur \u013coti paz\u012bstams man, un dom\u0101ju \u2013 ikvienam.&#8221;<\/p>\n<\/blockquote>\n<p style=\"margin-left:0cm; margin-right:0cm\">Autors \u0161o filzofisko pasaku b\u0113rniem ir vair\u0101k adres\u0113jis pieaugu\u0161ajiem, dom\u0101jot par cilv\u0113ka dz\u012bves j\u0113gu, izv\u0113l\u0113m, atbild\u012bbu un ar\u012bdzan sabiedr\u012bbas kritiku. Bet muzik\u0101l\u0101 izr\u0101de veidota, dom\u0101jot par visu \u0123imeni.\u00a0&#8220;Mazais princis&#8221; turpin\u0101s ce\u013cu pie skat\u012bt\u0101jiem da\u017e\u0101d\u0101s Latvijas pils\u0113t\u0101s, ceturtdien piest\u0101jot R\u012bg\u0101, VEF Kult\u016bras pil\u012b.<\/p>\n<p>                    Valodas k\u013c\u016bda rakst\u0101?<\/p>\n<p class=\"d-none d-md-block\">Iez\u012bm\u0113jiet tekstu un spiediet Ctrl+Enter, lai nos\u016bt\u012btu labojamo teksta fragmentu redaktoram! Par faktu k\u013c\u016bd\u0101m l\u016bdzam zi\u0146ot e-past\u0101 <a href=\"https:\/\/www.lsm.lv\/cdn-cgi\/l\/email-protection\" class=\"__cf_email__\" data-cfemail=\"b5c7d0d1d4ded6dcdfd4f5d9c6d89bd9c3\" rel=\"nofollow noopener\" target=\"_blank\">[email\u00a0protected]<\/a>.<\/p>\n<p class=\"d-md-none\">Iez\u012bm\u0113jiet tekstu un spiediet uz Zi\u0146ot par k\u013c\u016bdu pogas, lai nos\u016bt\u012btu labojamo teksta fragmentu redaktoram!<\/p>\n<p>\n                    Zi\u0146ot par k\u013c\u016bdu\n                <\/p>\n","protected":false},"excerpt":{"rendered":"&#8220;Mazais princis&#8221; ir viens no izcil\u0101kajiem fran\u010du rakstnieka Antu\u0101na Mar\u012b \u017dana Barista Ro\u017e\u0113 de Sent-Ekziper\u012b darbiem. \u0160obr\u012bd Latvijas&hellip;\n","protected":false},"author":2,"featured_media":28378,"comment_status":"","ping_status":"","sticky":false,"template":"","format":"standard","meta":{"footnotes":""},"categories":[19],"tags":[89,90,35,39,38,36,37,34,40],"class_list":{"0":"post-28377","1":"post","2":"type-post","3":"status-publish","4":"format-standard","5":"has-post-thumbnail","7":"category-izklaide","8":"tag-entertainment","9":"tag-izklaide","10":"tag-latvia","11":"tag-latvian","12":"tag-latviesu","13":"tag-latviesu-valoda","14":"tag-latviesuvaloda","15":"tag-latvija","16":"tag-lv"},"share_on_mastodon":{"url":"","error":""},"_links":{"self":[{"href":"https:\/\/www.europesays.com\/lv\/wp-json\/wp\/v2\/posts\/28377","targetHints":{"allow":["GET"]}}],"collection":[{"href":"https:\/\/www.europesays.com\/lv\/wp-json\/wp\/v2\/posts"}],"about":[{"href":"https:\/\/www.europesays.com\/lv\/wp-json\/wp\/v2\/types\/post"}],"author":[{"embeddable":true,"href":"https:\/\/www.europesays.com\/lv\/wp-json\/wp\/v2\/users\/2"}],"replies":[{"embeddable":true,"href":"https:\/\/www.europesays.com\/lv\/wp-json\/wp\/v2\/comments?post=28377"}],"version-history":[{"count":0,"href":"https:\/\/www.europesays.com\/lv\/wp-json\/wp\/v2\/posts\/28377\/revisions"}],"wp:featuredmedia":[{"embeddable":true,"href":"https:\/\/www.europesays.com\/lv\/wp-json\/wp\/v2\/media\/28378"}],"wp:attachment":[{"href":"https:\/\/www.europesays.com\/lv\/wp-json\/wp\/v2\/media?parent=28377"}],"wp:term":[{"taxonomy":"category","embeddable":true,"href":"https:\/\/www.europesays.com\/lv\/wp-json\/wp\/v2\/categories?post=28377"},{"taxonomy":"post_tag","embeddable":true,"href":"https:\/\/www.europesays.com\/lv\/wp-json\/wp\/v2\/tags?post=28377"}],"curies":[{"name":"wp","href":"https:\/\/api.w.org\/{rel}","templated":true}]}}