{"id":283810,"date":"2026-09-02T21:51:37","date_gmt":"2026-09-02T21:51:37","guid":{"rendered":"https:\/\/www.europesays.com\/lv\/283810\/"},"modified":"2026-09-02T21:51:37","modified_gmt":"2026-09-02T21:51:37","slug":"2015-gada-nepala-piedzivoja-kaut-ko-loti-loti-lidzigu","status":"publish","type":"post","link":"https:\/\/www.europesays.com\/lv\/283810\/","title":{"rendered":"2015. gad\u0101 Nep\u0101la piedz\u012bvoja kaut ko \u013coti, \u013coti l\u012bdz\u012bgu&#8230;"},"content":{"rendered":"<p>2015. gada <a href=\"https:\/\/www.tvnet.lv\/term\/562880\/zemestrice-nepala\" class=\"topicLink\" target=\"_blank\" rel=\"nofollow noopener\">zemestr\u012bce Nep\u0101l\u0101<\/a> gan savas neparedzam\u012bbas un p\u0113k\u0161\u0146uma, gan posta apm\u0113ra zi\u0146\u0101 ir l\u012bdz\u012bga nupat piedz\u012bvotajiem pl\u016bdiem. Galvenais vienojo\u0161ais faktors ir tas, ka t\u0101s abas ir t\u0101 saucam\u0101s kask\u0101des katastrofas, kad viens process izraisa virkni n\u0101kamo \u2013 zemes nogruvumus, lav\u012bnas, pl\u016bdus utt. Savuk\u0101rt galven\u0101 at\u0161\u0137ir\u012bba \u2013 2015. gada tra\u0123\u0113dija bija tektoniska, savuk\u0101rt p\u0113d\u0113jo izrais\u012bja led\u0101ja nogruvums.<\/p>\n<p><a href=\"https:\/\/www.tvnet.lv\/term\/557011\/nepala\" class=\"topicLink\" target=\"_blank\" rel=\"nofollow noopener\">Nep\u0101la<\/a> nebija paguvusi atkopties no 2015. gada tra\u0123\u0113dijas, kad sekoja n\u0101kam\u0101 \u2013 tikpat posto\u0161a. Kam\u0113r l\u016bdzam par pazudu\u0161ajiem, atgriez\u012bsimies vair\u0101k nek\u0101 desmit gadus atpaka\u013c uz dabas sp\u0113ku tik nesaudz\u0113taj\u0101m ielej\u0101m.<\/p>\n","protected":false},"excerpt":{"rendered":"2015. gada zemestr\u012bce Nep\u0101l\u0101 gan savas neparedzam\u012bbas un p\u0113k\u0161\u0146uma, gan posta apm\u0113ra zi\u0146\u0101 ir l\u012bdz\u012bga nupat piedz\u012bvotajiem pl\u016bdiem.&hellip;\n","protected":false},"author":2,"featured_media":283811,"comment_status":"","ping_status":"","sticky":false,"template":"","format":"standard","meta":{"footnotes":"","_share_on_mastodon":"0"},"categories":[14],"tags":[23,57,28,29,3005,32,33,22,11563,5777,30,31,35,39,38,36,37,34,40,5418,42325,20,26,27,24,25,297,293,54,55,56,42334,21,58],"class_list":["post-283810","post","type-post","status-publish","format-standard","has-post-thumbnail","category-zinas-no-arvalstim","tag-aktualitates","tag-arvalstim","tag-breaking-news","tag-breakingnews","tag-dabas-katastrofas","tag-featured-news","tag-featurednews","tag-headlines","tag-himalaji","tag-katastrofa","tag-latest-news","tag-latestnews","tag-latvia","tag-latvian","tag-latviesu","tag-latviesu-valoda","tag-latviesuvaloda","tag-latvija","tag-lv","tag-nepala","tag-nepalas-pludi","tag-news","tag-popularakas-zinas","tag-popularakaszinas","tag-top-stories","tag-topstories","tag-tvnet-planeta","tag-vesture","tag-world","tag-world-news","tag-worldnews","tag-zemestrice-nepala","tag-zinas","tag-zinas-no-arvalstim"],"share_on_mastodon":{"url":"https:\/\/pubeurope.com\/@lv\/117203663865788832","error":""},"_links":{"self":[{"href":"https:\/\/www.europesays.com\/lv\/wp-json\/wp\/v2\/posts\/283810","targetHints":{"allow":["GET"]}}],"collection":[{"href":"https:\/\/www.europesays.com\/lv\/wp-json\/wp\/v2\/posts"}],"about":[{"href":"https:\/\/www.europesays.com\/lv\/wp-json\/wp\/v2\/types\/post"}],"author":[{"embeddable":true,"href":"https:\/\/www.europesays.com\/lv\/wp-json\/wp\/v2\/users\/2"}],"replies":[{"embeddable":true,"href":"https:\/\/www.europesays.com\/lv\/wp-json\/wp\/v2\/comments?post=283810"}],"version-history":[{"count":0,"href":"https:\/\/www.europesays.com\/lv\/wp-json\/wp\/v2\/posts\/283810\/revisions"}],"wp:featuredmedia":[{"embeddable":true,"href":"https:\/\/www.europesays.com\/lv\/wp-json\/wp\/v2\/media\/283811"}],"wp:attachment":[{"href":"https:\/\/www.europesays.com\/lv\/wp-json\/wp\/v2\/media?parent=283810"}],"wp:term":[{"taxonomy":"category","embeddable":true,"href":"https:\/\/www.europesays.com\/lv\/wp-json\/wp\/v2\/categories?post=283810"},{"taxonomy":"post_tag","embeddable":true,"href":"https:\/\/www.europesays.com\/lv\/wp-json\/wp\/v2\/tags?post=283810"}],"curies":[{"name":"wp","href":"https:\/\/api.w.org\/{rel}","templated":true}]}}