{"id":283842,"date":"2026-09-02T23:48:18","date_gmt":"2026-09-02T23:48:18","guid":{"rendered":"https:\/\/www.europesays.com\/lv\/283842\/"},"modified":"2026-09-02T23:48:18","modified_gmt":"2026-09-02T23:48:18","slug":"kalnciema-kvartala-si-gada-koncertsezonu-noslegs-bel-tempo-un-annika","status":"publish","type":"post","link":"https:\/\/www.europesays.com\/lv\/283842\/","title":{"rendered":"Kalnciema kvart\u0101l\u0101 \u0161\u012b gada koncertsezonu nosl\u0113gs &#8220;Bel Tempo&#8221; un ANNIKA"},"content":{"rendered":"<p>Kop\u0101 ar &#8220;Bel Tempo&#8221; uz skatuves ar kop\u012bgu dziesmu k\u0101ps ar\u012b \u012bpa\u0161a vie\u0161\u0146a \u2013 London\u0101 dz\u012bvojo\u0161\u0101 m\u016bzi\u0137e un dziesmu autore <a href=\"https:\/\/sejas.tvnet.lv\/term\/778441\/legzdina\" class=\"topicLink\" target=\"_blank\" rel=\"nofollow noopener\">Legzdina<\/a>. Vakara ievad\u0101 sp\u0113l\u0113s <a href=\"https:\/\/sejas.tvnet.lv\/term\/1193495\/dj-henri-lakis\" class=\"topicLink\" target=\"_blank\" rel=\"nofollow noopener\">DJ Henri La\u0137is<\/a>.<\/p>\n<p>&#8220;Bel Tempo&#8221; ir indie\/elektronisk\u0101s m\u016bzikas apvien\u012bba, ko veido producents Andis Ansons un m\u016bzi\u0137is J\u016blijs Melngailis.<\/p>\n<p><img decoding=\"async\" class=\"figure__image\" onclick=\"triggerEvent('articleImageClick', { id: 17891204, focus: 'single-image', focusIndex: '17891204' })\" onkeydown=\"if (event.key === 'Enter') {&#10;        triggerEvent('articleImageClick', { id: 17891204, focus: 'single-image', focusIndex: '17891204' })&#10;        }\" role=\"button\" tabindex=\"0\" data-focus-from=\"single-image\" data-focus-index=\"17891204\" src=\"https:\/\/www.europesays.com\/lv\/wp-content\/uploads\/2026\/09\/17891204t1h377e.jpg\"  onload=\"this.parentElement.classList.remove('figure__image-loading')\" alt=\"&quot;Bel Tempo&quot;.\"\/>&#8220;Bel Tempo&#8221;. Foto: Publicit\u0101tes foto<\/p>\n<p>Vi\u0146u m\u016bzika ir k\u0101 silts saules stars caur lietus l\u0101s\u0113m \u2013 jutekliska un ritmiska, apvienojot analogo sintezatoru maig\u0101s tekst\u016bras, puls\u0113jo\u0161us b\u012btus, atmosf\u0113riskus \u0123it\u0101ras rifus un J\u016blija samtaino vok\u0101lu, radot skan\u0113jumu, kas ir gan dejojams, gan int\u012bmi personisks.<\/p>\n<p>&#8220;Bel Tempo&#8221; it\u0101\u013cu valod\u0101 noz\u012bm\u0113 &#8220;labs laiks&#8221;, kas ir mazliet ironiski, \u0146emot v\u0113r\u0101, ka m\u016bzi\u0137i s\u0101ka savu darb\u012bbu R\u012bg\u0101 un London\u0101. Tom\u0113r to var tulkot ar\u012b k\u0101 &#8220;labi pavad\u012bt laiku&#8221; &#8211; un tie\u0161i to &#8220;Bel Tempo&#8221; v\u0113las sniegt saviem klaus\u012bt\u0101jiem.<\/p>\n<p>Koncertos uz skatuves Andim un J\u016blijam pievienojas bundzinieks Kri\u0161j\u0101nis Brem\u0161s un analogo sintezatoru burvis R\u016bdolfs Zagorskis.<\/p>\n<p>2025. gad\u0101 ar dziesmu &#8220;The Water&#8221;, kas rad\u012bta kop\u0101 ar m\u0101kslinieci Legzdina, &#8220;Bel Tempo&#8221; piedal\u012bj\u0101s &#8220;Supernova&#8221; konkurs\u0101, k\u0101 ar\u012b nu jau divas reizes ieguvusi &#8220;GAMMA&#8221; balvu k\u0101 lab\u0101k\u0101 elektronisk\u0101s m\u016bzikas grupa.<\/p>\n<p>Vakaru atkl\u0101s <a href=\"https:\/\/sejas.tvnet.lv\/term\/65103\/annika\" class=\"topicLink\" target=\"_blank\" rel=\"nofollow noopener\">ANNIKA<\/a> \u2013 dzied\u0101t\u0101ja, dziesmu autore un m\u016bzi\u0137e, kuras rado\u0161ais rokraksts apvieno indie pop est\u0113tiku ar dzi\u013cu emocionalit\u0101ti, po\u0113tiskiem tekstiem un izteiksm\u012bgu balss tembru.<\/p>\n<p><img decoding=\"async\" class=\"figure__image\" onclick=\"triggerEvent('articleImageClick', { id: 17891208, focus: 'single-image', focusIndex: '17891208' })\" onkeydown=\"if (event.key === 'Enter') {&#10;        triggerEvent('articleImageClick', { id: 17891208, focus: 'single-image', focusIndex: '17891208' })&#10;        }\" role=\"button\" tabindex=\"0\" data-focus-from=\"single-image\" data-focus-index=\"17891208\" src=\"https:\/\/www.europesays.com\/lv\/wp-content\/uploads\/2026\/09\/17891208t1h6c56.jpg\"  onload=\"this.parentElement.classList.remove('figure__image-loading')\" alt=\"ANNIKA.\"\/>ANNIKA. Foto: Vaira Zekunde Vlasa<\/p>\n<p>Vi\u0146as m\u016bzika izce\u013cas ar intimit\u0101ti un autentiskumu, radot personisku saikni ar klaus\u012bt\u0101ju gan ierakstos, gan dz\u012bvajos koncertos. \u0160\u012b gada s\u0101kum\u0101 ANNIKA tika nomin\u0113ta GAMMA balva kategorij\u0101 &#8220;Gada jaun\u0101 m\u0101ksliniece&#8221; par sasniegumiem 2025. gad\u0101, apliecinot vi\u0146as straujo izaugsmi un atzin\u012bbu nozares profesion\u0101\u013cu vid\u016b.<\/p>\n","protected":false},"excerpt":{"rendered":"Kop\u0101 ar &#8220;Bel Tempo&#8221; uz skatuves ar kop\u012bgu dziesmu k\u0101ps ar\u012b \u012bpa\u0161a vie\u0161\u0146a \u2013 London\u0101 dz\u012bvojo\u0161\u0101 m\u016bzi\u0137e un&hellip;\n","protected":false},"author":2,"featured_media":283843,"comment_status":"","ping_status":"","sticky":false,"template":"","format":"standard","meta":{"footnotes":"","_share_on_mastodon":"0"},"categories":[19],"tags":[10430,31256,42335,89,90,35,39,38,36,37,34,27030,40],"class_list":["post-283842","post","type-post","status-publish","format-standard","has-post-thumbnail","category-izklaide","tag-annika","tag-bel-tempo","tag-dj-henri-lakis","tag-entertainment","tag-izklaide","tag-latvia","tag-latvian","tag-latviesu","tag-latviesu-valoda","tag-latviesuvaloda","tag-latvija","tag-legzdina","tag-lv"],"share_on_mastodon":{"url":"https:\/\/pubeurope.com\/@lv\/117204124557977392","error":""},"_links":{"self":[{"href":"https:\/\/www.europesays.com\/lv\/wp-json\/wp\/v2\/posts\/283842","targetHints":{"allow":["GET"]}}],"collection":[{"href":"https:\/\/www.europesays.com\/lv\/wp-json\/wp\/v2\/posts"}],"about":[{"href":"https:\/\/www.europesays.com\/lv\/wp-json\/wp\/v2\/types\/post"}],"author":[{"embeddable":true,"href":"https:\/\/www.europesays.com\/lv\/wp-json\/wp\/v2\/users\/2"}],"replies":[{"embeddable":true,"href":"https:\/\/www.europesays.com\/lv\/wp-json\/wp\/v2\/comments?post=283842"}],"version-history":[{"count":0,"href":"https:\/\/www.europesays.com\/lv\/wp-json\/wp\/v2\/posts\/283842\/revisions"}],"wp:featuredmedia":[{"embeddable":true,"href":"https:\/\/www.europesays.com\/lv\/wp-json\/wp\/v2\/media\/283843"}],"wp:attachment":[{"href":"https:\/\/www.europesays.com\/lv\/wp-json\/wp\/v2\/media?parent=283842"}],"wp:term":[{"taxonomy":"category","embeddable":true,"href":"https:\/\/www.europesays.com\/lv\/wp-json\/wp\/v2\/categories?post=283842"},{"taxonomy":"post_tag","embeddable":true,"href":"https:\/\/www.europesays.com\/lv\/wp-json\/wp\/v2\/tags?post=283842"}],"curies":[{"name":"wp","href":"https:\/\/api.w.org\/{rel}","templated":true}]}}