{"id":283881,"date":"2026-09-03T00:47:14","date_gmt":"2026-09-03T00:47:14","guid":{"rendered":"https:\/\/www.europesays.com\/lv\/283881\/"},"modified":"2026-09-03T00:47:14","modified_gmt":"2026-09-03T00:47:14","slug":"latvija-plano-novirzit-e100-000-pludu-seku-mazinasanai-nepala","status":"publish","type":"post","link":"https:\/\/www.europesays.com\/lv\/283881\/","title":{"rendered":"Latvija pl\u0101no novirz\u012bt \u20ac100 000 pl\u016bdu seku mazin\u0101\u0161anai Nep\u0101l\u0101"},"content":{"rendered":"<p>Naudu pl\u0101nots iemaks\u0101t \u012bpa\u0161i izveidot\u0101 Nep\u0101las premjerministra katastrofu seku nov\u0113r\u0161anas fond\u0101, naudu novirzot no l\u012bdzek\u013ciem neparedz\u0113tiem gad\u012bjumiem.<\/p>\n<p>K\u0101 nor\u0101da ministrij\u0101, atsaucoties uz Nep\u0101las starptautisko pal\u012bdz\u012bbas l\u016bgumu, vair\u0101kas valstis un starptautisk\u0101s organiz\u0101cijas jau ir pazi\u0146oju\u0161as par finansi\u0101l\u0101 un hum\u0101n\u0101 atbalsta snieg\u0161anu, starp kur\u0101m ir Eiropas Savien\u012bba, Apvienot\u0101 Karaliste, ASV, \u010cehija, Korejas Republika, \u0136\u012bna, Indija un Apvienotie Ar\u0101bu Emir\u0101ti.<\/p>\n<p>Ministrija ar\u012b atg\u0101dina, ka Nep\u0101las T\u016brisma departamenta sagatavotaj\u0101 bezv\u0113sts pazudu\u0161o personu sarakst\u0101 ir iek\u013cauti ar\u012b 33 Latvijas valstspieder\u012bgie, par kuru pazu\u0161anu tuvinieki inform\u0113ju\u0161i \u0100rlietu ministrijas Konsul\u0101ro departamentu. Nep\u0101las gl\u0101b\u0161anas dienesti sadarb\u012bb\u0101 ar Eiropas Savien\u012bbas dal\u012bbvalstu konsul\u0101raj\u0101m p\u0101rst\u0101vniec\u012bb\u0101m turpina pazudu\u0161o personu mekl\u0113\u0161anas un identifik\u0101cijas pas\u0101kumus.<\/p>\n<p>Par finans\u0113juma novirz\u012b\u0161anu v\u0113l j\u0101lemj vald\u012bbai.<\/p>\n<p>K\u0101 v\u0113st\u012bts, Latvija ar\u012b pl\u0101no nos\u016bt\u012bt uz Nep\u0101lu mobil\u0101s sald\u0113tavas dabas katastrof\u0101 boj\u0101g\u0101ju\u0161o mirst\u012bgo atlieku uzglab\u0101\u0161anai, a\u0123ent\u016brai LETA otrdien past\u0101st\u012bja iek\u0161lietu ministra J\u0101\u0146a Dombravas (NA) padomniece Marija Lu\u012bze Ratniece.<\/p>\n","protected":false},"excerpt":{"rendered":"Naudu pl\u0101nots iemaks\u0101t \u012bpa\u0161i izveidot\u0101 Nep\u0101las premjerministra katastrofu seku nov\u0113r\u0161anas fond\u0101, naudu novirzot no l\u012bdzek\u013ciem neparedz\u0113tiem gad\u012bjumiem. K\u0101&hellip;\n","protected":false},"author":2,"featured_media":283882,"comment_status":"","ping_status":"","sticky":false,"template":"","format":"standard","meta":{"footnotes":"","_share_on_mastodon":"0"},"categories":[5],"tags":[23,28,29,32,33,22,30,31,35,39,38,36,37,34,40,5418,42325,20,26,27,24,25,21],"class_list":["post-283881","post","type-post","status-publish","format-standard","has-post-thumbnail","category-aktualitates","tag-aktualitates","tag-breaking-news","tag-breakingnews","tag-featured-news","tag-featurednews","tag-headlines","tag-latest-news","tag-latestnews","tag-latvia","tag-latvian","tag-latviesu","tag-latviesu-valoda","tag-latviesuvaloda","tag-latvija","tag-lv","tag-nepala","tag-nepalas-pludi","tag-news","tag-popularakas-zinas","tag-popularakaszinas","tag-top-stories","tag-topstories","tag-zinas"],"share_on_mastodon":{"url":"https:\/\/pubeurope.com\/@lv\/117204355853861887","error":""},"_links":{"self":[{"href":"https:\/\/www.europesays.com\/lv\/wp-json\/wp\/v2\/posts\/283881","targetHints":{"allow":["GET"]}}],"collection":[{"href":"https:\/\/www.europesays.com\/lv\/wp-json\/wp\/v2\/posts"}],"about":[{"href":"https:\/\/www.europesays.com\/lv\/wp-json\/wp\/v2\/types\/post"}],"author":[{"embeddable":true,"href":"https:\/\/www.europesays.com\/lv\/wp-json\/wp\/v2\/users\/2"}],"replies":[{"embeddable":true,"href":"https:\/\/www.europesays.com\/lv\/wp-json\/wp\/v2\/comments?post=283881"}],"version-history":[{"count":0,"href":"https:\/\/www.europesays.com\/lv\/wp-json\/wp\/v2\/posts\/283881\/revisions"}],"wp:featuredmedia":[{"embeddable":true,"href":"https:\/\/www.europesays.com\/lv\/wp-json\/wp\/v2\/media\/283882"}],"wp:attachment":[{"href":"https:\/\/www.europesays.com\/lv\/wp-json\/wp\/v2\/media?parent=283881"}],"wp:term":[{"taxonomy":"category","embeddable":true,"href":"https:\/\/www.europesays.com\/lv\/wp-json\/wp\/v2\/categories?post=283881"},{"taxonomy":"post_tag","embeddable":true,"href":"https:\/\/www.europesays.com\/lv\/wp-json\/wp\/v2\/tags?post=283881"}],"curies":[{"name":"wp","href":"https:\/\/api.w.org\/{rel}","templated":true}]}}