{"id":28402,"date":"2025-10-22T17:16:07","date_gmt":"2025-10-22T17:16:07","guid":{"rendered":"https:\/\/www.europesays.com\/lv\/28402\/"},"modified":"2025-10-22T17:16:07","modified_gmt":"2025-10-22T17:16:07","slug":"tramps-sniedz-negaiditu-pazinojumu-par-samitu-ar-putinu","status":"publish","type":"post","link":"https:\/\/www.europesays.com\/lv\/28402\/","title":{"rendered":"Tramps sniedz negaid\u012btu pazi\u0146ojumu par samitu ar Putinu"},"content":{"rendered":"<p class=\"descr\">ASV prezidents Donalds Tramps pazi\u0146ojis, ka nev\u0113las r\u012bkot bezj\u0113dz\u012bgu tik\u0161anos ar Krievijas diktatoru Vladimiru Putinu. \u0160o pazi\u0146ojumu vi\u0146\u0161 sniedza reportieriem Baltaj\u0101 nam\u0101, raksta \u201cUnian\u201d.<\/p>\n<p>&#8220;Es negribu r\u012bkot bezj\u0113dz\u012bgu tik\u0161anos. Es negribu t\u0113r\u0113t laiku, t\u0101p\u0113c redz\u0113sim, kas notiks,&#8221; sac\u012bja Balt\u0101 nama vad\u012bt\u0101js.<br \/>Vi\u0146\u0161 atg\u0101din\u0101ja, ka papildus \u0161im jau ir pan\u0101ktas daudzas svar\u012bgas vieno\u0161an\u0101s un miera l\u012bgumi. Tramps atkal dal\u012bj\u0101s ar statistiku, kas liecina, ka kar\u0101 Ukrain\u0101 abu pu\u0161u zaud\u0113jumi sasniedz no 5000 l\u012bdz 7000 karav\u012briem ned\u0113\u013c\u0101.<br \/><a href=\"https:\/\/nra.lv\/birka\/trampa-un-putina-tiksanas-budapesta\/\" rel=\"nofollow noopener\" target=\"_blank\">&#8220;T\u0101p\u0113c redz\u0113sim, kas notiks. M\u0113s v\u0113l neesam pie\u0146\u0113mu\u0161i l\u0113mumu,&#8221; piebilda Tramps.<\/a><br \/>ASV prezidents ar\u012b sac\u012bja, ka ir run\u0101jis ar Indijas premjerministru Narendru Modi, kur\u0161 vi\u0146am apliecin\u0101ja, ka Indija negras\u0101s pirkt daudz naftas no Krievijas.<br \/>&#8220;Vi\u0146\u0161 v\u0113las, lai kar\u0161 starp Ukrainu un Krieviju beigtos, t\u0101pat k\u0101 es. Vi\u0146i nepirks daudz naftas. Vi\u0146i ir samazin\u0101ju\u0161i un turpina samazin\u0101t,&#8221; sac\u012bja Amerikas l\u012bderis.<br \/>\u201cUnian\u201d iepriek\u0161 zi\u0146oja, ka Eiropas diplom\u0101ts, kas bija inform\u0113ts par tik\u0161anos, past\u0101st\u012bjis, ka ASV prezidenta Donalda Trampa un Ukrainas l\u012bdera Volodimira Zelenska tik\u0161an\u0101s Va\u0161ington\u0101 nebija tik produkt\u012bva, k\u0101 gaid\u012bts. Maskava turpina pretoties m\u0113\u0123in\u0101jumiem atrisin\u0101t karu diplom\u0101tisk\u0101 ce\u013c\u0101, un Amerikas l\u012bderis atsak\u0101s tie\u0161i aps\u016bdz\u0113t Krievijas diktatoru Vladimiru Putinu. P\u0113c Eiropas diplom\u0101ta teikt\u0101, Zelenska jaun\u0101k\u0101 tik\u0161an\u0101s ar Trampu nerezult\u0113j\u0101s k\u0101 ASV atbalsta Ukrainai samazin\u0101\u0161ana. Tom\u0113r vi\u0146\u0161 piebilda, ka tik\u0161an\u0101s laik\u0101 netika pan\u0101kts b\u016btisks progress.<\/p>\n<p>\t\t\t\t\t\tinfo<\/p>\n<p>Uzzini pirmais<br \/>kas interesants noticis Latvij\u0101 un pasaul\u0113,<br \/>pievienojoties mums <a href=\"https:\/\/t.me\/neatkariga\" rel=\"nofollow\">Telegram<\/a> vai <a href=\"https:\/\/whatsapp.com\/channel\/0029VaMLFUH5K3zLU5s4wm3y\" rel=\"nofollow noopener\" target=\"_blank\">Whatsapp<\/a> kan\u0101l\u0101<\/p>\n","protected":false},"excerpt":{"rendered":"ASV prezidents Donalds Tramps pazi\u0146ojis, ka nev\u0113las r\u012bkot bezj\u0113dz\u012bgu tik\u0161anos ar Krievijas diktatoru Vladimiru Putinu. \u0160o pazi\u0146ojumu vi\u0146\u0161&hellip;\n","protected":false},"author":2,"featured_media":23626,"comment_status":"","ping_status":"","sticky":false,"template":"","format":"standard","meta":{"footnotes":""},"categories":[5],"tags":[23,28,29,32,33,22,30,31,35,39,38,36,37,34,40,20,26,27,24,25,21],"class_list":{"0":"post-28402","1":"post","2":"type-post","3":"status-publish","4":"format-standard","5":"has-post-thumbnail","7":"category-aktualitates","8":"tag-aktualitates","9":"tag-breaking-news","10":"tag-breakingnews","11":"tag-featured-news","12":"tag-featurednews","13":"tag-headlines","14":"tag-latest-news","15":"tag-latestnews","16":"tag-latvia","17":"tag-latvian","18":"tag-latviesu","19":"tag-latviesu-valoda","20":"tag-latviesuvaloda","21":"tag-latvija","22":"tag-lv","23":"tag-news","24":"tag-popularakas-zinas","25":"tag-popularakaszinas","26":"tag-top-stories","27":"tag-topstories","28":"tag-zinas"},"share_on_mastodon":{"url":"","error":""},"_links":{"self":[{"href":"https:\/\/www.europesays.com\/lv\/wp-json\/wp\/v2\/posts\/28402","targetHints":{"allow":["GET"]}}],"collection":[{"href":"https:\/\/www.europesays.com\/lv\/wp-json\/wp\/v2\/posts"}],"about":[{"href":"https:\/\/www.europesays.com\/lv\/wp-json\/wp\/v2\/types\/post"}],"author":[{"embeddable":true,"href":"https:\/\/www.europesays.com\/lv\/wp-json\/wp\/v2\/users\/2"}],"replies":[{"embeddable":true,"href":"https:\/\/www.europesays.com\/lv\/wp-json\/wp\/v2\/comments?post=28402"}],"version-history":[{"count":0,"href":"https:\/\/www.europesays.com\/lv\/wp-json\/wp\/v2\/posts\/28402\/revisions"}],"wp:featuredmedia":[{"embeddable":true,"href":"https:\/\/www.europesays.com\/lv\/wp-json\/wp\/v2\/media\/23626"}],"wp:attachment":[{"href":"https:\/\/www.europesays.com\/lv\/wp-json\/wp\/v2\/media?parent=28402"}],"wp:term":[{"taxonomy":"category","embeddable":true,"href":"https:\/\/www.europesays.com\/lv\/wp-json\/wp\/v2\/categories?post=28402"},{"taxonomy":"post_tag","embeddable":true,"href":"https:\/\/www.europesays.com\/lv\/wp-json\/wp\/v2\/tags?post=28402"}],"curies":[{"name":"wp","href":"https:\/\/api.w.org\/{rel}","templated":true}]}}