{"id":284067,"date":"2026-09-03T04:58:19","date_gmt":"2026-09-03T04:58:19","guid":{"rendered":"https:\/\/www.europesays.com\/lv\/284067\/"},"modified":"2026-09-03T04:58:19","modified_gmt":"2026-09-03T04:58:19","slug":"ostapenko-saraustitaja-cina-zaude-un-us-open-nosledz-jau-pirmaja-karta-delfi","status":"publish","type":"post","link":"https:\/\/www.europesays.com\/lv\/284067\/","title":{"rendered":"Ostapenko saraust\u012btaj\u0101 c\u012b\u0146\u0101 zaud\u0113 un &quot;US Open&quot; nosl\u0113dz jau pirmaj\u0101 k\u0101rt\u0101 &#8211; DELFI"},"content":{"rendered":"<ol>\n<li><a href=\"https:\/\/news.google.com\/rss\/articles\/CBMiwgFBVV95cUxQU2hoYkVPZVB6cE9yR0cyckdLVVpReXBPN1dGSTZQVl9qdG0tV29vZVZiNkxlamRxZTd2bEpLWmVheVRnZG5LbUw2aTloN1pyZkhxQ0xmV2RqZ3Vka0FSN0h2eThtWTNSR1BnZEI0RVBZRkw5OENsZmtDUWcteVZBVUx2Tl9Hb3JOc2RaZWNPckdVSy15cklxVDQ4bGE2bU9SQi1kdG5pS3pqaUcwaXB2UTN0LW1mckg1eEtrYnNaVVpPdw?oc=5\" target=\"_blank\" rel=\"nofollow noopener\">Ostapenko saraust\u012btaj\u0101 c\u012b\u0146\u0101 zaud\u0113 un &#8220;US Open&#8221; nosl\u0113dz jau pirmaj\u0101 k\u0101rt\u0101<\/a>&nbsp;&nbsp;DELFI<\/li>\n<li><a href=\"https:\/\/news.google.com\/rss\/articles\/CBMic0FVX3lxTFBWLTBKaWZLOGNaeHdKaldfUl9qUkVfcF9hV3M0bWJBV0RDMjVnMGhtMTBWYUJQZVhMemc4a3loR09rMHoxU09oclBtc01PVHJlQWdQTmZRc3RJc1dFbWdTZzhFbGFBX0lUX0FSTmlBdWROZnM?oc=5\" target=\"_blank\" rel=\"nofollow noopener\">&#8220;US Open&#8221; pirmaj\u0101 k\u0101rt\u0101 Ostapenko nosp\u0113l\u0113 l\u012bdz 1-1, turpin\u0101jums tiek p\u0101rcelts \u2013 Teniss<\/a>&nbsp;&nbsp;Sportacentrs.com<\/li>\n<li><a href=\"https:\/\/news.google.com\/rss\/articles\/CBMi3gFBVV95cUxPc1RDVDVWT3VDQ0Q0dzdNRjlpVWhBc2xTM1I1ajFiT2NyLVpMSVV2OUNyR1pleDhGTFBGMHd4R0pOVllreHpVWGRsQnJuWERvWnF4b1VTdGdXUnY3SnRubUZUWllHMjM0a1JOME5aNW04dDh4aTQ0cnZuNTdlRng0bUFsQW1aM3dVV2oxTTZEdGVDb0RPZWZNa2FzRVhBaHNsd1NnNVZzcUtpaWVabnRKREpJdlBOTlNZbkpUQ0tzZjBIVHh3UG9nZ0U4cnNTRV9scGtJY0FPRGVPWlQzcXc?oc=5\" target=\"_blank\" rel=\"nofollow noopener\">Seme\u0146istaja k\u0101 veiksm\u012bg\u0101 zaud\u0113t\u0101ja iek\u013c\u016bst ASV atkl\u0101t\u0101 tenisa \u010dempion\u0101ta pamatturn\u012br\u0101 \/ Raksts<\/a>&nbsp;&nbsp;LSM<\/li>\n<li><a href=\"https:\/\/news.google.com\/rss\/articles\/CBMiqgFBVV95cUxQN1Z3TkFFQWxEYmR5eFVBeFAxeHdQOUFGV2tIbjBPY1l1NnloZGRMZG9qQTRWWXhpM1Z4MFJsUDJQSHY1SjV4NE4xdGpVQjRpLXR6dkp5c2RqVWtNd1BKNzZsRzA0dFhFOHd1TEt3S0x0bkRxMFFBSDFjT1FjN2VnaEdsMmdDM0VMUVl3ZG91LXc3UXUyVHZ1bkthS0J4TE9kT3BKdlZTUGdHQQ?oc=5\" target=\"_blank\" rel=\"nofollow noopener\">Lietus izjauc grafiku \u2013 p\u0101rceltas Ostapenko un Seme\u0146istajas pirmie ma\u010di \u201cUS Open\u201d<\/a>&nbsp;&nbsp;Sportazinas.com<\/li>\n<li><a href=\"https:\/\/news.google.com\/rss\/articles\/CBMiwgFBVV95cUxNalhuZUs3RDhITmc3dGxpQk9XOXY3Y3I4QkpBaWRncm8tdG82eUVOM1JLR1pzdTk4aGpRd0JRR2RIYjVkNGZ6M2RIb0Q2RDJLM2VjdG55UWhNZ2lBMFk4SHBvcDNJRi0wWVVxbFdoOVc0V1hYaEdjYWVKaEotV1ZEN1dUM1BCSzVWaHdycmMwNEQ2U2Y5TGFWeDIwdnF0OVVCSHEwYW1SVDhzbUo1OV85aDRGU1k2SURudkJGY1lZdjdpdw?oc=5\" target=\"_blank\" rel=\"nofollow noopener\">Seme\u0146istaja zaud\u0113 ASV atkl\u0101t\u0101 \u010dempion\u0101ta pirmaj\u0101 k\u0101rt\u0101; Ostapenko sp\u0113le netiek pabeigta<\/a>&nbsp;&nbsp;Diena<\/li>\n<\/ol>\n","protected":false},"excerpt":{"rendered":"Ostapenko saraust\u012btaj\u0101 c\u012b\u0146\u0101 zaud\u0113 un &#8220;US Open&#8221; nosl\u0113dz jau pirmaj\u0101 k\u0101rt\u0101&nbsp;&nbsp;DELFI &#8220;US Open&#8221; pirmaj\u0101 k\u0101rt\u0101 Ostapenko nosp\u0113l\u0113 l\u012bdz&hellip;\n","protected":false},"author":2,"featured_media":284068,"comment_status":"","ping_status":"","sticky":false,"template":"","format":"standard","meta":{"footnotes":"","_share_on_mastodon":"0"},"categories":[17],"tags":[680,35,39,38,36,37,34,40,67,683,2782,939],"class_list":["post-284067","post","type-post","status-publish","format-standard","has-post-thumbnail","category-sports","tag-alona-ostapenko","tag-latvia","tag-latvian","tag-latviesu","tag-latviesu-valoda","tag-latviesuvaloda","tag-latvija","tag-lv","tag-sports","tag-teniss","tag-us-open","tag-wta"],"share_on_mastodon":{"url":"https:\/\/pubeurope.com\/@lv\/117205343037118809","error":""},"_links":{"self":[{"href":"https:\/\/www.europesays.com\/lv\/wp-json\/wp\/v2\/posts\/284067","targetHints":{"allow":["GET"]}}],"collection":[{"href":"https:\/\/www.europesays.com\/lv\/wp-json\/wp\/v2\/posts"}],"about":[{"href":"https:\/\/www.europesays.com\/lv\/wp-json\/wp\/v2\/types\/post"}],"author":[{"embeddable":true,"href":"https:\/\/www.europesays.com\/lv\/wp-json\/wp\/v2\/users\/2"}],"replies":[{"embeddable":true,"href":"https:\/\/www.europesays.com\/lv\/wp-json\/wp\/v2\/comments?post=284067"}],"version-history":[{"count":0,"href":"https:\/\/www.europesays.com\/lv\/wp-json\/wp\/v2\/posts\/284067\/revisions"}],"wp:featuredmedia":[{"embeddable":true,"href":"https:\/\/www.europesays.com\/lv\/wp-json\/wp\/v2\/media\/284068"}],"wp:attachment":[{"href":"https:\/\/www.europesays.com\/lv\/wp-json\/wp\/v2\/media?parent=284067"}],"wp:term":[{"taxonomy":"category","embeddable":true,"href":"https:\/\/www.europesays.com\/lv\/wp-json\/wp\/v2\/categories?post=284067"},{"taxonomy":"post_tag","embeddable":true,"href":"https:\/\/www.europesays.com\/lv\/wp-json\/wp\/v2\/tags?post=284067"}],"curies":[{"name":"wp","href":"https:\/\/api.w.org\/{rel}","templated":true}]}}