{"id":28413,"date":"2025-10-22T17:28:07","date_gmt":"2025-10-22T17:28:07","guid":{"rendered":"https:\/\/www.europesays.com\/lv\/28413\/"},"modified":"2025-10-22T17:28:07","modified_gmt":"2025-10-22T17:28:07","slug":"rinkevics-sarunas-starp-medikiem-un-ministru-ir-jaturpina","status":"publish","type":"post","link":"https:\/\/www.europesays.com\/lv\/28413\/","title":{"rendered":"Rink\u0113vi\u010ds: sarunas starp medi\u0137iem un ministru ir j\u0101turpina"},"content":{"rendered":"<p class=\"descr\">Latvijas Vesel\u012bbas un soci\u0101l\u0101s apr\u016bpes darbinieku arodbiedr\u012bbai (LVSADA) un vesel\u012bbas ministram Hosamam Abu Meri (JV) ir j\u0101turpina sarunas par nozares finans\u0113jumu, \u0146emot v\u0113r\u0101, ka valsts bud\u017eeta iesp\u0113jas ir ierobe\u017eotas, tre\u0161dien preses konferenc\u0113 R\u012bgas pil\u012b uzsv\u0113ra Valsts prezidents Edgars Rink\u0113vi\u010ds p\u0113c tik\u0161an\u0101s ar premjeri Eviku Sili\u0146u (JV).<\/p>\n<p><a href=\"https:\/\/nra.lv\/birka\/edgars-rinkevics\/\" target=\"_blank\" rel=\"noopener nofollow\">Prezidents<\/a> atzina, ka bud\u017eeta situ\u0101cija nav vienk\u0101r\u0161a un vesel\u012bbas sist\u0113mas vajadz\u012bbas ir \u013coti lielas, ko ir gr\u016bti ap\u0161aub\u012bt, tom\u0113r pieejamie l\u012bdzek\u013ci j\u0101pl\u0101no, \u0146emot v\u0113r\u0101 ar\u012b aizsardz\u012bbas, dro\u0161\u012bbas, izgl\u012bt\u012bbas un demogr\u0101fijas jomas. Vi\u0146\u0161 uzsv\u0113ra, ka diskusiju karstum\u0101 izteiktie aicin\u0101jumi uz demisiju nav retums, tom\u0113r &#8220;lab\u0101k ir sarun\u0101ties nevis ar megafona pal\u012bdz\u012bbu, bet pie galda, un mekl\u0113t risin\u0101jumus&#8221;.<\/p>\n<p><a href=\"https:\/\/nra.lv\/birka\/evika-silina\/\" target=\"_blank\" rel=\"noopener nofollow\">Premjere<\/a> atzina, ka bud\u017eeta veido\u0161anas proces\u0101 vienm\u0113r ir intens\u012bvas diskusijas gan ar arodbiedr\u012bb\u0101m, gan darba dev\u0113jiem, ta\u010du vald\u012bbas un ministru uzdevums ir skaidrot pie\u0146emtos l\u0113mumus un pamatot redz\u0113jumu.<\/p>\n<p>Sili\u0146a uzsv\u0113ra, ka n\u0101kam\u0101 gada bud\u017eet\u0101 <a href=\"https:\/\/nra.lv\/birka\/veselibas-nozare\/\" target=\"_blank\" rel=\"noopener nofollow\">vesel\u012bbas nozarei<\/a> paredz\u0113ti 34 miljoni eiro, tostarp l\u012bdzmaks\u0101juma atcel\u0161anai par recep\u0161u z\u0101l\u0113m, kas nemaks\u0101 vair\u0101k par 10 eiro. T\u0101pat bud\u017eeta kontekst\u0101 ir iez\u012bm\u0113ts atbalsts ar\u012b m\u0101tes un b\u0113rna vesel\u012bbai &#8211; bud\u017eet\u0101 ir poz\u012bcijas, kas paredz\u0113tas stacion\u0101rajiem un ambulatorajiem pakalpojumiem, lai samazin\u0101tu rindas un uzlabotu pieejam\u012bbu.<\/p>\n<p>Ministru prezidente apliecin\u0101ja, ka vesel\u012bba ir viena no vald\u012bbas priorit\u0101t\u0113m un pauda uztic\u012bbu <a href=\"https:\/\/nra.lv\/birka\/hosams-abu-meri\/\" target=\"_blank\" rel=\"noopener nofollow\">vesel\u012bbas ministram<\/a>, nor\u0101dot, ka vi\u0146\u0161 labi p\u0101rzina nozari un akt\u012bvi iesaist\u0101s sarun\u0101s ar soci\u0101lajiem partneriem. Vi\u0146as ieskat\u0101 ir b\u016btiski, lai diskusija neb\u016btu tikai par medi\u0137u atalgojumu.<\/p>\n<p>Sili\u0146a atsauc\u0101s uz public\u0113to inform\u0101ciju un Valsts kontroles analiz\u0113tajiem datiem, kas liecina, ka situ\u0101cija ar <a href=\"https:\/\/nra.lv\/birka\/mediku-atalgojums\/\" target=\"_blank\" rel=\"noopener nofollow\">medi\u0137u atalgojumu<\/a> ir da\u017e\u0101da un nav t\u0101, ka visiem medi\u0137iem atalgojums ir zems, jo ir ar\u012b t\u0101di, kuri sa\u0146em labu algu. Premjere uzsv\u0113ra, ka \u0161is jaut\u0101jums ir j\u0101uztic vesel\u012bbas ministram, kur\u0161 p\u0101rst\u0101v nozari un aizst\u0101v t\u0101s intereses profesion\u0101li.<\/p>\n<p>Jau rakst\u012bts, ka <a href=\"https:\/\/nra.lv\/birka\/lvsada\/\" target=\"_blank\" rel=\"noopener nofollow\">LVSADA<\/a> l\u0113musi izteikt neuztic\u012bbu vesel\u012bbas ministram un Vesel\u012bbas ministrijai. Arodbiedr\u012bba pieprasa no 2026. gada 1. janv\u0101ra palielin\u0101t vid\u0113jo darba samaksu \u0101rstniec\u012bbas person\u0101m par 13,5%, bet \u0101rstniec\u012bbas iest\u0101\u017eu darbiniekiem, kuri nav \u0101rstniec\u012bbas personas, &#8211; par 120 eiro. Tas bud\u017eet\u0101 pras\u012btu papildu 133 miljonus eiro.<\/p>\n<p>Ne \u0161ogad, ne 2026. gad\u0101 valsts nepl\u0101no paaugstin\u0101t darba samaksu vesel\u012bbas apr\u016bpes nozares darbiniekiem, nor\u0101da arodbiedr\u012bb\u0101. Tas savuk\u0101rt draud ar nozares profesion\u0101\u013cu strauj\u0101ku aizpl\u016b\u0161anu no valsts sektora situ\u0101cij\u0101, kas cilv\u0113kresursu defic\u012bta zi\u0146\u0101 jau t\u0101 ir kritiska, atz\u012bm\u0113 LVSADA.<\/p>\n<p>\t\t\t\t\t\tinfo<\/p>\n<p>Uzzini pirmais<br \/>kas interesants noticis Latvij\u0101 un pasaul\u0113,<br \/>pievienojoties mums <a href=\"https:\/\/t.me\/neatkariga\" rel=\"nofollow\">Telegram<\/a> vai <a href=\"https:\/\/whatsapp.com\/channel\/0029VaMLFUH5K3zLU5s4wm3y\" rel=\"nofollow noopener\" target=\"_blank\">Whatsapp<\/a> kan\u0101l\u0101<\/p>\n","protected":false},"excerpt":{"rendered":"Latvijas Vesel\u012bbas un soci\u0101l\u0101s apr\u016bpes darbinieku arodbiedr\u012bbai (LVSADA) un vesel\u012bbas ministram Hosamam Abu Meri (JV) ir j\u0101turpina sarunas&hellip;\n","protected":false},"author":2,"featured_media":28414,"comment_status":"","ping_status":"","sticky":false,"template":"","format":"standard","meta":{"footnotes":""},"categories":[5],"tags":[23,28,29,32,33,22,30,31,35,39,38,36,37,34,40,20,26,27,24,25,21],"class_list":{"0":"post-28413","1":"post","2":"type-post","3":"status-publish","4":"format-standard","5":"has-post-thumbnail","7":"category-aktualitates","8":"tag-aktualitates","9":"tag-breaking-news","10":"tag-breakingnews","11":"tag-featured-news","12":"tag-featurednews","13":"tag-headlines","14":"tag-latest-news","15":"tag-latestnews","16":"tag-latvia","17":"tag-latvian","18":"tag-latviesu","19":"tag-latviesu-valoda","20":"tag-latviesuvaloda","21":"tag-latvija","22":"tag-lv","23":"tag-news","24":"tag-popularakas-zinas","25":"tag-popularakaszinas","26":"tag-top-stories","27":"tag-topstories","28":"tag-zinas"},"share_on_mastodon":{"url":"","error":""},"_links":{"self":[{"href":"https:\/\/www.europesays.com\/lv\/wp-json\/wp\/v2\/posts\/28413","targetHints":{"allow":["GET"]}}],"collection":[{"href":"https:\/\/www.europesays.com\/lv\/wp-json\/wp\/v2\/posts"}],"about":[{"href":"https:\/\/www.europesays.com\/lv\/wp-json\/wp\/v2\/types\/post"}],"author":[{"embeddable":true,"href":"https:\/\/www.europesays.com\/lv\/wp-json\/wp\/v2\/users\/2"}],"replies":[{"embeddable":true,"href":"https:\/\/www.europesays.com\/lv\/wp-json\/wp\/v2\/comments?post=28413"}],"version-history":[{"count":0,"href":"https:\/\/www.europesays.com\/lv\/wp-json\/wp\/v2\/posts\/28413\/revisions"}],"wp:featuredmedia":[{"embeddable":true,"href":"https:\/\/www.europesays.com\/lv\/wp-json\/wp\/v2\/media\/28414"}],"wp:attachment":[{"href":"https:\/\/www.europesays.com\/lv\/wp-json\/wp\/v2\/media?parent=28413"}],"wp:term":[{"taxonomy":"category","embeddable":true,"href":"https:\/\/www.europesays.com\/lv\/wp-json\/wp\/v2\/categories?post=28413"},{"taxonomy":"post_tag","embeddable":true,"href":"https:\/\/www.europesays.com\/lv\/wp-json\/wp\/v2\/tags?post=28413"}],"curies":[{"name":"wp","href":"https:\/\/api.w.org\/{rel}","templated":true}]}}