{"id":28415,"date":"2025-10-22T17:33:07","date_gmt":"2025-10-22T17:33:07","guid":{"rendered":"https:\/\/www.europesays.com\/lv\/28415\/"},"modified":"2025-10-22T17:33:07","modified_gmt":"2025-10-22T17:33:07","slug":"endzins-apstiprinats-par-birokratijas-mazinasanas-ricibas-grupas-vaditaju-raksts","status":"publish","type":"post","link":"https:\/\/www.europesays.com\/lv\/28415\/","title":{"rendered":"Endzi\u0146\u0161 apstiprin\u0101ts par birokr\u0101tijas mazin\u0101\u0161anas r\u012bc\u012bbas grupas vad\u012bt\u0101ju \/ Raksts"},"content":{"rendered":"<p>L\u012bdz\u0161in\u0113jais\u00a0Latvijas Tirdzniec\u012bbas un r\u016bpniec\u012bbas kameras (LTRK)\u00a0valdes priek\u0161s\u0113d\u0113t\u0101js J\u0101nis Endzi\u0146\u0161 apstiprin\u0101ts par birokr\u0101tijas mazin\u0101\u0161anas r\u012bc\u012bbas grupas vad\u012bt\u0101ju, savuk\u0101rt l\u012bdz\u0161in\u0113jais r\u012bc\u012bbas grupas vad\u012bt\u0101js, Valsts\u00a0kancelejas direktors Raivis Kronbergs, b\u016bs vad\u012bt\u0101ja vietnieks,\u00a0paredz groz\u012bjumi premjeres Evikas Sili\u0146as (&#8220;Jaun\u0101 Vienot\u012bba&#8221;)\u00a0r\u012bkojum\u0101.\u00a0<\/p>\n<p>R\u012bc\u012bbas grupas pamatsast\u0101vs paliek teju nemain\u012bgs. To papildin\u0101s premjeres parlament\u0101r\u0101 sekret\u0101re Karina Ploka, savuk\u0101rt l\u012bdz\u0161in\u0113jie r\u012bc\u012bbas grupas p\u0101rst\u0101vji no Latvijas Bankas un Ties\u012bbsarga biroja darbu grup\u0101 neturpin\u0101s past\u0101v\u012bgi, bet p\u0113c nepiecie\u0161am\u012bbas iesaist\u012bsies konkr\u0113tu jaut\u0101jumu risin\u0101\u0161an\u0101.\u00a0<\/p>\n<blockquote>\n<p>Endzi\u0146am b\u016bs ties\u012bbas izveidot ekspertu komandas priorit\u0101ri risin\u0101majos jaut\u0101jumos.\u00a0<\/p>\n<\/blockquote>\n<p>T\u0101pat r\u012bc\u012bbas grupa str\u0101d\u0101s cie\u0161\u0101 partner\u012bb\u0101 ar Saeimas Valsts p\u0101rvaldes un pa\u0161vald\u012bbas komisiju.<\/p>\n<p>Sili\u0146a uzsv\u0113ra, ka pied\u0101v\u0101 str\u0101d\u0101t kop\u0101 ar uz\u0146\u0113m\u0113jiem,\u00a0lai mazin\u0101tu birokr\u0101tiju un rad\u012btu vair\u0101k iesp\u0113ju uz\u0146\u0113m\u0113jiem un iedz\u012bvot\u0101jiem.\u00a0<\/p>\n<p>Savuk\u0101rt Kronbergs, v\u0113rt\u0113jot l\u012bdz \u0161im paveikto, uzsv\u0113ra, ka ir nov\u0113rojams progress, un r\u012bc\u012bbas grupa k\u013c\u016bs par past\u0101v\u012bgu\u00a0platformu ar ambicioz\u0101kiem m\u0113r\u0137iem:\u00a0<\/p>\n<p>&#8220;R\u012bc\u012bbas grupas vad\u012b\u0161ana turpm\u0101k pras\u012bs pilnu darba dienu, un esmu gandar\u012bts, ka viens no vald\u012bbas sadarb\u012bbas partneriem \u2013 LTRK \u2013 \u0161im atbild\u012bgajam uzdevumam ir izvirz\u012bjusi savu p\u0101rst\u0101vi, kur\u0161 ir gatavs nolikt mal\u0101 l\u012bdz\u0161in\u0113jos pien\u0101kumus un \u0137erties pie birokr\u0101tijas sloga mazin\u0101\u0161anas k\u0101 pilna laika pien\u0101kumiem.&#8221;\u00a0<\/p>\n<p>Prezent\u0113jot savu v\u012bziju turpm\u0101kajam r\u012bc\u012bbas grupas darbam, Endzi\u0146\u0161 uzsv\u0113ra, ka\u00a0<\/p>\n<blockquote>\n<p>tam j\u0101rezult\u0113jas sabiedr\u012bbai saj\u016btamos uzlabojumos p\u0113c gada, j\u0101sasniedz zem\u0101kais birokr\u0101tijas slogs Baltij\u0101, k\u0101 ar\u012b birokr\u0101tijas sloga mazin\u0101\u0161anai j\u0101k\u013c\u016bst par pa\u0161saprotamu publisk\u0101s p\u0101rvaldes &#8220;higi\u0113nas&#8221; jaut\u0101jumu.\u00a0<\/p>\n<\/blockquote>\n<p>Endzi\u0146\u0161 darbu paredz\u0113jis organiz\u0113t, ap sevi pulc\u0113jot nelielu ekspertu komandu, lai str\u0101d\u0101tu pie konkr\u0113t\u0101m idej\u0101m birokr\u0101tijas mazin\u0101\u0161anai konkr\u0113t\u0101s jom\u0101s.\u00a0<\/p>\n<p>Birokr\u0101tijas sloga mazin\u0101\u0161ana tiks m\u0113r\u012bta gan kvantitat\u012bvi, gan ar\u012b sabiedr\u012bbas uztver\u0113, veicot sociolo\u0123isk\u0101s aptaujas iedz\u012bvot\u0101ju un uz\u0146\u0113m\u0113ju grup\u0101s, pl\u0101nojis Endzi\u0146\u0161.\u00a0<\/p>\n<p>KONTEKSTS:<\/p>\n<p>R\u012bc\u012bbas grupa birokr\u0101tijas mazin\u0101\u0161anai p\u0113c premjeres Evikas Sili\u0146as r\u012bkojuma\u00a0izveidota \u0161\u012b gada 27. mart\u0101.\u00a0<\/p>\n<p>T\u0101s m\u0113r\u0137is ir nodro\u0161in\u0101t sist\u0113misku birokr\u0101tijas un administrat\u012bv\u0101 sloga mazin\u0101\u0161anu, p\u0101rskatot un vienk\u0101r\u0161ojot valsts p\u0101rvaldes funkcijas, pakalpojumus un normat\u012bvo regul\u0113jumu, lai veicin\u0101tu iedz\u012bvot\u0101ju labb\u016bt\u012bbu, uz\u0146\u0113m\u0113jdarb\u012bbas vides att\u012bst\u012bbu un stiprin\u0101tu sabiedr\u012bbas uztic\u0113\u0161anos valsts p\u0101rvaldei.\u00a0Grup\u0101 darbojas valsts p\u0101rvaldes, uz\u0146\u0113m\u0113ju un nevalstisko organiz\u0101ciju p\u0101rst\u0101vji.\u00a0<\/p>\n<p>Jaunais r\u012bc\u012bbas grupas vad\u012bt\u0101js J\u0101nis Endzi\u0146\u0161 pazi\u0146ojis, ka <a href=\"https:\/\/www.lsm.lv\/raksts\/zinas\/latvija\/16.10.2025-endzins-pametis-ltrk-vaditaja-amatu-lai-koncentretos-darbam-birokratijas-mazinasanas-ricibas-grupa.a618585\/?utm_source=lsm&amp;utm_medium=theme&amp;utm_campaign=theme\" class=\"lsm-link\" data-type=\"article\" data-id=\"618585\" rel=\"nofollow noopener\" target=\"_blank\">pamet\u012bs LRTK vad\u012bbu<\/a>, lai piln\u012bb\u0101 koncentr\u0113tos uz birokr\u0101tijas mazin\u0101\u0161anas darbu. Vi\u0146a viet\u0101 par LTRK valdes priek\u0161s\u0113d\u0113t\u0101ju k\u013cuvusi l\u012bdz\u0161in\u0113j\u0101 valdes locekle <a href=\"https:\/\/www.lsm.lv\/raksts\/zinas\/ekonomika\/16.10.2025-jana-endzina-vieta-ltrk-vadis-lidzsineja-valdes-locekle-katrina-zarina.a618706\/?utm_source=lsm&amp;utm_medium=theme&amp;utm_campaign=theme\" class=\"lsm-link\" data-type=\"article\" data-id=\"618706\" rel=\"nofollow noopener\" target=\"_blank\">Katr\u012bna Zari\u0146a<\/a>.<\/p>\n<p>                    Valodas k\u013c\u016bda rakst\u0101?<\/p>\n<p class=\"d-none d-md-block\">Iez\u012bm\u0113jiet tekstu un spiediet Ctrl+Enter, lai nos\u016bt\u012btu labojamo teksta fragmentu redaktoram! Par faktu k\u013c\u016bd\u0101m l\u016bdzam zi\u0146ot e-past\u0101 <a href=\"https:\/\/www.lsm.lv\/cdn-cgi\/l\/email-protection\" class=\"__cf_email__\" data-cfemail=\"582a3d3c39333b31323918342b3576342e\" rel=\"nofollow noopener\" target=\"_blank\">[email\u00a0protected]<\/a>.<\/p>\n<p class=\"d-md-none\">Iez\u012bm\u0113jiet tekstu un spiediet uz Zi\u0146ot par k\u013c\u016bdu pogas, lai nos\u016bt\u012btu labojamo teksta fragmentu redaktoram!<\/p>\n<p>\n                    Zi\u0146ot par k\u013c\u016bdu\n                <\/p>\n","protected":false},"excerpt":{"rendered":"L\u012bdz\u0161in\u0113jais\u00a0Latvijas Tirdzniec\u012bbas un r\u016bpniec\u012bbas kameras (LTRK)\u00a0valdes priek\u0161s\u0113d\u0113t\u0101js J\u0101nis Endzi\u0146\u0161 apstiprin\u0101ts par birokr\u0101tijas mazin\u0101\u0161anas r\u012bc\u012bbas grupas vad\u012bt\u0101ju, savuk\u0101rt l\u012bdz\u0161in\u0113jais&hellip;\n","protected":false},"author":2,"featured_media":28416,"comment_status":"","ping_status":"","sticky":false,"template":"","format":"standard","meta":{"footnotes":""},"categories":[12],"tags":[23,28,29,32,33,22,30,31,35,39,38,36,37,34,40,20,26,27,24,25,21],"class_list":{"0":"post-28415","1":"post","2":"type-post","3":"status-publish","4":"format-standard","5":"has-post-thumbnail","7":"category-latvija","8":"tag-aktualitates","9":"tag-breaking-news","10":"tag-breakingnews","11":"tag-featured-news","12":"tag-featurednews","13":"tag-headlines","14":"tag-latest-news","15":"tag-latestnews","16":"tag-latvia","17":"tag-latvian","18":"tag-latviesu","19":"tag-latviesu-valoda","20":"tag-latviesuvaloda","21":"tag-latvija","22":"tag-lv","23":"tag-news","24":"tag-popularakas-zinas","25":"tag-popularakaszinas","26":"tag-top-stories","27":"tag-topstories","28":"tag-zinas"},"share_on_mastodon":{"url":"","error":""},"_links":{"self":[{"href":"https:\/\/www.europesays.com\/lv\/wp-json\/wp\/v2\/posts\/28415","targetHints":{"allow":["GET"]}}],"collection":[{"href":"https:\/\/www.europesays.com\/lv\/wp-json\/wp\/v2\/posts"}],"about":[{"href":"https:\/\/www.europesays.com\/lv\/wp-json\/wp\/v2\/types\/post"}],"author":[{"embeddable":true,"href":"https:\/\/www.europesays.com\/lv\/wp-json\/wp\/v2\/users\/2"}],"replies":[{"embeddable":true,"href":"https:\/\/www.europesays.com\/lv\/wp-json\/wp\/v2\/comments?post=28415"}],"version-history":[{"count":0,"href":"https:\/\/www.europesays.com\/lv\/wp-json\/wp\/v2\/posts\/28415\/revisions"}],"wp:featuredmedia":[{"embeddable":true,"href":"https:\/\/www.europesays.com\/lv\/wp-json\/wp\/v2\/media\/28416"}],"wp:attachment":[{"href":"https:\/\/www.europesays.com\/lv\/wp-json\/wp\/v2\/media?parent=28415"}],"wp:term":[{"taxonomy":"category","embeddable":true,"href":"https:\/\/www.europesays.com\/lv\/wp-json\/wp\/v2\/categories?post=28415"},{"taxonomy":"post_tag","embeddable":true,"href":"https:\/\/www.europesays.com\/lv\/wp-json\/wp\/v2\/tags?post=28415"}],"curies":[{"name":"wp","href":"https:\/\/api.w.org\/{rel}","templated":true}]}}