{"id":28419,"date":"2025-10-22T17:38:09","date_gmt":"2025-10-22T17:38:09","guid":{"rendered":"https:\/\/www.europesays.com\/lv\/28419\/"},"modified":"2025-10-22T17:38:09","modified_gmt":"2025-10-22T17:38:09","slug":"lietuvas-prezidents-atbrivojis-sakalieni-no-aizsardzibas-ministres-amata-raksts","status":"publish","type":"post","link":"https:\/\/www.europesays.com\/lv\/28419\/","title":{"rendered":"Lietuvas prezidents atbr\u012bvojis \u0160akalieni no aizsardz\u012bbas ministres amata \/ Raksts"},"content":{"rendered":"<p>Lietuvas prezidents Gitans Naus\u0113da tre\u0161dien parakst\u012bjis r\u012bkojumu par Doviles \u0160akalienes atbr\u012bvo\u0161anu no aizsardz\u012bbas ministra amata. Prezidenta r\u012bkojums sp\u0113k\u0101 st\u0101sies ceturtdien.\u00a0<\/p>\n<p>Par aizsardz\u012bbas ministra pien\u0101kumu izpild\u012bt\u0101ju iecelts iek\u0161lietu ministrs Vladislavs Kondratovi\u010ds.\u00a0<\/p>\n<p>Premjerministre Inga Ru\u0123iniene tre\u0161dien tik\u0101s ar Naus\u0113du un pazi\u0146oja, ka iesniegs aizsardz\u012bbas ministres demisijas rakstu. Vald\u012bbas vad\u012bt\u0101ja sac\u012bja, ka ir zaud\u0113jusi uztic\u0113\u0161anos ministrei, k\u0101 ar\u012b nor\u0101d\u012bja, ka \u0160akaliene esot melojusi un ministrijas darbinieki esot s\u016bdz\u0113ju\u0161ies.\u00a0<\/p>\n<p>Savuk\u0101rt \u0160akaliene p\u0113c premjerministres un Valsts prezidenta tik\u0161an\u0101s pazi\u0146oja, ka pati ir iesniegusi Naus\u0113dam savu demisiju.\u00a0<\/p>\n<blockquote>\n<p>Politi\u0137e teica, ka vairs necer uz veiksm\u012bgu sadarb\u012bbu ar Ru\u0123inieni. \u0160akaliene nor\u0101d\u012bja, ka ab\u0101m politi\u0137\u0113m ir principi\u0101li at\u0161\u0137ir\u012bga izpratne par to, k\u0101 uzlabot valsts aizsardz\u012bbu.\u00a0<\/p>\n<\/blockquote>\n<p>Ru\u0123inienes neapmierin\u0101t\u012bbu pag\u0101ju\u0161aj\u0101 ned\u0113\u013c\u0101 izrais\u012bja Aizsardz\u012bbas ministrij\u0101 notikus\u012b neofici\u0101la tik\u0161an\u0101s ar influenceriem un \u017eurn\u0101listiem, kur\u0101 ministrijas amatpersonas teiku\u0161as, ka n\u0101kamgad aizsardz\u012bbas finans\u0113jums b\u016bs maz\u0101ks, nek\u0101 nor\u0101d\u012bts valsts bud\u017eeta projekt\u0101. \u0160akaliene apgalvoja, ka neesot zin\u0101jusi par \u0161o tik\u0161anos, jo bijusi \u0101rzem\u0113s.\u00a0<\/p>\n<p>Lietuv\u0101 valdo\u0161\u0101s Soci\u0101ldemokr\u0101tu pagaidu priek\u0161s\u0113d\u0113t\u0101js Mindaugs Sinkevi\u010ds ministrij\u0101 notiku\u0161o san\u0101ksmi nod\u0113v\u0113ja par &#8220;d\u012bvainu \u017eanru&#8221;. Gan Sinkevi\u010ds, gan Ru\u0123iniene sac\u012bja, ka netic savas partijas biedres \u0160akalienes skaidrojumam, ka vi\u0146a neesot zin\u0101jusi par tik\u0161anos.\u00a0<\/p>\n<p>Pirmdien Ru\u0123iniene pazi\u0146oja, ka atbild\u012bbu par aizsardz\u012bbas r\u016bpniec\u012bbu nodod Ekonomikas un inov\u0101ciju ministrijai, k\u0101 ar\u012b Finan\u0161u ministrijai, jo nepietiekami uzticas aizsardz\u012bbas ministrei.\u00a0<\/p>\n<p>Lietuvas Seim\u0101 vald\u012bbas iesniegtais bud\u017eeta projekts paredz, ka n\u0101kamgad valsts aizsardz\u012bbai tiks t\u0113r\u0113ti 4,79 miljardi eiro jeb 5,38% no iek\u0161zemes kopprodukta.\u00a0<\/p>\n<blockquote>\n<p>\u0160akaliene darbu aizsardz\u012bbas ministres amat\u0101 s\u0101ka p\u0113rn decembr\u012b, kad p\u0113c Seima v\u0113l\u0113\u0161an\u0101m vald\u012bbu izveidoja soci\u0101ldemokr\u0101ts Gintauts Palucks. Vi\u0146a amatu saglab\u0101ja, kad vasaras beig\u0101s jauno vald\u012bbu s\u0101ka veidot Ru\u0123iniene.\u00a0<\/p>\n<\/blockquote>\n<p>P\u0113c \u0160akalienes demisijas nepilna m\u0113ne\u0161a laik\u0101 p\u0113c apstiprin\u0101\u0161anas Ru\u0123inienes vald\u012bbu atst\u0101ju\u0161i jau divi ministri. Ned\u0113\u013cu p\u0113c apstiprin\u0101\u0161anas oktobra s\u0101kum\u0101 amatu atst\u0101ja populistisk\u0101s partijas &#8220;Nemunas r\u012btausma&#8221; izvirz\u012btais kult\u016bras ministrs Ignots Adomavi\u010ds, pret kuru r\u012bkoja protestus kult\u016bras nozar\u0113 str\u0101d\u0101jo\u0161ie.<\/p>\n<p>                    Valodas k\u013c\u016bda rakst\u0101?<\/p>\n<p class=\"d-none d-md-block\">Iez\u012bm\u0113jiet tekstu un spiediet Ctrl+Enter, lai nos\u016bt\u012btu labojamo teksta fragmentu redaktoram! Par faktu k\u013c\u016bd\u0101m l\u016bdzam zi\u0146ot e-past\u0101 <a href=\"https:\/\/www.lsm.lv\/cdn-cgi\/l\/email-protection\" class=\"__cf_email__\" data-cfemail=\"a5d7c0c1c4cec6cccfc4e5c9d6c88bc9d3\" rel=\"nofollow noopener\" target=\"_blank\">[email\u00a0protected]<\/a>.<\/p>\n<p class=\"d-md-none\">Iez\u012bm\u0113jiet tekstu un spiediet uz Zi\u0146ot par k\u013c\u016bdu pogas, lai nos\u016bt\u012btu labojamo teksta fragmentu redaktoram!<\/p>\n<p>\n                    Zi\u0146ot par k\u013c\u016bdu\n                <\/p>\n","protected":false},"excerpt":{"rendered":"Lietuvas prezidents Gitans Naus\u0113da tre\u0161dien parakst\u012bjis r\u012bkojumu par Doviles \u0160akalienes atbr\u012bvo\u0161anu no aizsardz\u012bbas ministra amata. Prezidenta r\u012bkojums sp\u0113k\u0101&hellip;\n","protected":false},"author":2,"featured_media":28420,"comment_status":"","ping_status":"","sticky":false,"template":"","format":"standard","meta":{"footnotes":""},"categories":[14],"tags":[23,57,28,29,32,33,22,30,31,35,39,38,36,37,34,40,20,26,27,24,25,54,55,56,21,58],"class_list":{"0":"post-28419","1":"post","2":"type-post","3":"status-publish","4":"format-standard","5":"has-post-thumbnail","7":"category-zinas-no-arvalstim","8":"tag-aktualitates","9":"tag-arvalstim","10":"tag-breaking-news","11":"tag-breakingnews","12":"tag-featured-news","13":"tag-featurednews","14":"tag-headlines","15":"tag-latest-news","16":"tag-latestnews","17":"tag-latvia","18":"tag-latvian","19":"tag-latviesu","20":"tag-latviesu-valoda","21":"tag-latviesuvaloda","22":"tag-latvija","23":"tag-lv","24":"tag-news","25":"tag-popularakas-zinas","26":"tag-popularakaszinas","27":"tag-top-stories","28":"tag-topstories","29":"tag-world","30":"tag-world-news","31":"tag-worldnews","32":"tag-zinas","33":"tag-zinas-no-arvalstim"},"share_on_mastodon":{"url":"","error":""},"_links":{"self":[{"href":"https:\/\/www.europesays.com\/lv\/wp-json\/wp\/v2\/posts\/28419","targetHints":{"allow":["GET"]}}],"collection":[{"href":"https:\/\/www.europesays.com\/lv\/wp-json\/wp\/v2\/posts"}],"about":[{"href":"https:\/\/www.europesays.com\/lv\/wp-json\/wp\/v2\/types\/post"}],"author":[{"embeddable":true,"href":"https:\/\/www.europesays.com\/lv\/wp-json\/wp\/v2\/users\/2"}],"replies":[{"embeddable":true,"href":"https:\/\/www.europesays.com\/lv\/wp-json\/wp\/v2\/comments?post=28419"}],"version-history":[{"count":0,"href":"https:\/\/www.europesays.com\/lv\/wp-json\/wp\/v2\/posts\/28419\/revisions"}],"wp:featuredmedia":[{"embeddable":true,"href":"https:\/\/www.europesays.com\/lv\/wp-json\/wp\/v2\/media\/28420"}],"wp:attachment":[{"href":"https:\/\/www.europesays.com\/lv\/wp-json\/wp\/v2\/media?parent=28419"}],"wp:term":[{"taxonomy":"category","embeddable":true,"href":"https:\/\/www.europesays.com\/lv\/wp-json\/wp\/v2\/categories?post=28419"},{"taxonomy":"post_tag","embeddable":true,"href":"https:\/\/www.europesays.com\/lv\/wp-json\/wp\/v2\/tags?post=28419"}],"curies":[{"name":"wp","href":"https:\/\/api.w.org\/{rel}","templated":true}]}}