{"id":28423,"date":"2025-10-22T17:40:06","date_gmt":"2025-10-22T17:40:06","guid":{"rendered":"https:\/\/www.europesays.com\/lv\/28423\/"},"modified":"2025-10-22T17:40:06","modified_gmt":"2025-10-22T17:40:06","slug":"strencu-puse-notikusi-tragedija-miris-jaunietis-un-tris-cilveki-slimnica","status":"publish","type":"post","link":"https:\/\/www.europesays.com\/lv\/28423\/","title":{"rendered":"Stren\u010du pus\u0113 notikusi tra\u0123\u0113dija: miris jaunietis un tr\u012bs cilv\u0113ki slimn\u012bc\u0101"},"content":{"rendered":"<p class=\"descr\">Tre\u0161dienas, 22. oktobra,  r\u012bt\u0101 Valmieras novada Pl\u0101\u0146u pagast\u0101 uz A3 \u0161osejas noticis let\u0101ls ce\u013cu satiksmes negad\u012bjums. Apg\u0101\u017eoties automobilim, miris jaunietis, bet v\u0113l tr\u012bs cilv\u0113ki nog\u0101d\u0101ti medic\u012bnas iest\u0101d\u0113, inform\u0113 Valsts policija.<\/p>\n<p>Negad\u012bjums noticis A3 \u0161osejas, In\u010dukalns &#8211; Valmiera &#8211; Igaunijas robe\u017ea, 101. kilometr\u0101.<\/p>\n<p><a href=\"https:\/\/nra.lv\/latvija\/regionos\/504776-celu-satiksmes-negadijums-saulkrastos-mopeda-vaditaja-mirusi-policija-ludz-informaciju.htm\" data-item-link=\"true\" data-item-id=\"504776\" rel=\"nofollow noopener\" target=\"_blank\">Transportl\u012bdzeklis <\/a>nobrauca no ce\u013ca braucam\u0101s da\u013cas un apg\u0101z\u0101s, t\u0101 liecina \u0161obr\u012bd policijai zin\u0101m\u0101 inform\u0101cija.<\/p>\n<p>Ce\u013cu satiksmes negad\u012bjum\u0101 boj\u0101 g\u0101ja 2005. gad\u0101 dzimis v\u012brietis, bet tr\u012bs personas nog\u0101d\u0101tas medic\u012bnas iest\u0101d\u0113 ar da\u017e\u0101d\u0101m traum\u0101m.<\/p>\n<p>Par notiku\u0161o ierosin\u0101ts krimin\u0101lprocess un likumsargi skaidro notiku\u0161\u0101 apst\u0101k\u013cus, t\u0101 noskaidroja port\u0101ls \u201ctv3.lv\u201d.<\/p>\n<p>\t\t\t\t\t\tinfo<\/p>\n<p>Uzzini pirmais<br \/>kas interesants noticis Latvij\u0101 un pasaul\u0113,<br \/>pievienojoties mums <a href=\"https:\/\/t.me\/neatkariga\" rel=\"nofollow\">Telegram<\/a> vai <a href=\"https:\/\/whatsapp.com\/channel\/0029VaMLFUH5K3zLU5s4wm3y\" rel=\"nofollow noopener\" target=\"_blank\">Whatsapp<\/a> kan\u0101l\u0101<\/p>\n","protected":false},"excerpt":{"rendered":"Tre\u0161dienas, 22. oktobra, r\u012bt\u0101 Valmieras novada Pl\u0101\u0146u pagast\u0101 uz A3 \u0161osejas noticis let\u0101ls ce\u013cu satiksmes negad\u012bjums. Apg\u0101\u017eoties automobilim,&hellip;\n","protected":false},"author":2,"featured_media":28424,"comment_status":"","ping_status":"","sticky":false,"template":"","format":"standard","meta":{"footnotes":""},"categories":[5],"tags":[23,28,29,32,33,22,30,31,35,39,38,36,37,34,40,20,26,27,24,25,21],"class_list":{"0":"post-28423","1":"post","2":"type-post","3":"status-publish","4":"format-standard","5":"has-post-thumbnail","7":"category-aktualitates","8":"tag-aktualitates","9":"tag-breaking-news","10":"tag-breakingnews","11":"tag-featured-news","12":"tag-featurednews","13":"tag-headlines","14":"tag-latest-news","15":"tag-latestnews","16":"tag-latvia","17":"tag-latvian","18":"tag-latviesu","19":"tag-latviesu-valoda","20":"tag-latviesuvaloda","21":"tag-latvija","22":"tag-lv","23":"tag-news","24":"tag-popularakas-zinas","25":"tag-popularakaszinas","26":"tag-top-stories","27":"tag-topstories","28":"tag-zinas"},"share_on_mastodon":{"url":"","error":""},"_links":{"self":[{"href":"https:\/\/www.europesays.com\/lv\/wp-json\/wp\/v2\/posts\/28423","targetHints":{"allow":["GET"]}}],"collection":[{"href":"https:\/\/www.europesays.com\/lv\/wp-json\/wp\/v2\/posts"}],"about":[{"href":"https:\/\/www.europesays.com\/lv\/wp-json\/wp\/v2\/types\/post"}],"author":[{"embeddable":true,"href":"https:\/\/www.europesays.com\/lv\/wp-json\/wp\/v2\/users\/2"}],"replies":[{"embeddable":true,"href":"https:\/\/www.europesays.com\/lv\/wp-json\/wp\/v2\/comments?post=28423"}],"version-history":[{"count":0,"href":"https:\/\/www.europesays.com\/lv\/wp-json\/wp\/v2\/posts\/28423\/revisions"}],"wp:featuredmedia":[{"embeddable":true,"href":"https:\/\/www.europesays.com\/lv\/wp-json\/wp\/v2\/media\/28424"}],"wp:attachment":[{"href":"https:\/\/www.europesays.com\/lv\/wp-json\/wp\/v2\/media?parent=28423"}],"wp:term":[{"taxonomy":"category","embeddable":true,"href":"https:\/\/www.europesays.com\/lv\/wp-json\/wp\/v2\/categories?post=28423"},{"taxonomy":"post_tag","embeddable":true,"href":"https:\/\/www.europesays.com\/lv\/wp-json\/wp\/v2\/tags?post=28423"}],"curies":[{"name":"wp","href":"https:\/\/api.w.org\/{rel}","templated":true}]}}