{"id":28425,"date":"2025-10-22T17:44:11","date_gmt":"2025-10-22T17:44:11","guid":{"rendered":"https:\/\/www.europesays.com\/lv\/28425\/"},"modified":"2025-10-22T17:44:11","modified_gmt":"2025-10-22T17:44:11","slug":"eiropas-parlaments-aicina-turpinat-atbalstu-baltkrievijas-demokratiskajiem-spekiem","status":"publish","type":"post","link":"https:\/\/www.europesays.com\/lv\/28425\/","title":{"rendered":"Eiropas Parlaments aicina turpin\u0101t atbalstu Baltkrievijas demokr\u0101tiskajiem sp\u0113kiem"},"content":{"rendered":"<p>Deput\u0101ti aicina ES turpin\u0101t sadarb\u012bbu ar Baltkrievijas demokr\u0101tiskajiem sp\u0113kiem, nosodot cilv\u0113kties\u012bbu p\u0101rk\u0101pumus un uzsverot Krievijas ietekmes rad\u012bto apdraud\u0113jumu.<\/p>\n<ul>&#13;<\/p>\n<li>&#13;\n<p>Stingri nosoda represijas un pieprasa atbr\u012bvot politieslodz\u012btos.<\/p>\n<p>&#13;\n<\/li>\n<p>&#13;<\/p>\n<li>&#13;\n<p>J\u0101organiz\u0113 jaunas, br\u012bvas un god\u012bgas v\u0113l\u0113\u0161anas starptautisko nov\u0113rot\u0101ju uzraudz\u012bb\u0101.<\/p>\n<p>&#13;\n<\/li>\n<p>&#13;<\/p>\n<li>&#13;\n<p>Ba\u017eas par Krievijas pieaugo\u0161o ietekmi un draudiem dro\u0161\u012bbai saist\u012bb\u0101 ar Baltkrieviju.<\/p>\n<p>&#13;\n<\/li>\n<p>&#13;\n<\/ul>\n<p>Tre\u0161dien apstiprin\u0101taj\u0101 rezol\u016bcij\u0101 Eiropas Parlaments (EP) stingri nosoda represijas Baltkrievij\u0101 un pau\u017e solidarit\u0101ti ar Luka\u0161enko re\u017e\u012bma pretiniekiem. Deput\u0101ti pieprasa nekav\u0113joties atbr\u012bvot visus politieslodz\u012btos un aicina izmaks\u0101t vi\u0146iem kompens\u0101cijas un atjaunot vi\u0146u ties\u012bbas. Vi\u0146i ar\u012b nosoda to, ka tiesu un ties\u012bbaizsardz\u012bbas iest\u0101des tiek \u013caunpr\u0101t\u012bgi izmantotas, lai p\u0101rk\u0101ptu cilv\u0113kties\u012bbas.<\/p>\n<p>Luka\u0161enko nav le\u0123it\u012bms prezidents<\/p>\n<p>Parlaments neatz\u012bst Aleksandru Luka\u0161enko par Baltkrievijas le\u0123it\u012bmo prezidentu, un deput\u0101ti atk\u0101rtoti pau\u017e atbalstu Svjatlanas Cihanouskas vad\u012btajiem Baltkrievijas demokr\u0101tiskajiem sp\u0113kiem. Ir daudz pier\u0101d\u012bjumu un liec\u012bbu, kas nor\u0101da, ka vi\u0146a bija le\u0123it\u012bm\u0101 2020. gada prezidenta v\u0113l\u0113\u0161anu uzvar\u0113t\u0101ja, bet Luka\u0161enko re\u017e\u012bms nelikum\u012bgi palika pie varas, teikts rezol\u016bcij\u0101.<\/p>\n<p>Deput\u0101ti aicina ES nodro\u0161in\u0101t politisku, finansi\u0101lu un dro\u0161\u012bbas atbalstu opoz\u012bcijai un sadarboties ar cit\u0101m valst\u012bm, lai nostiprin\u0101tu Luka\u0161enko neatz\u012b\u0161anu. EP deput\u0101ti v\u0113las, lai ES un starptautisk\u0101s organiz\u0101cijas formaliz\u0113tu Baltkrievijas demokr\u0101tisko sp\u0113ku p\u0101rst\u0101vniec\u012bbu starptautiskos forumos, piem\u0113ram, Eiropas Padomes, EDSO un NATO parlament\u0101raj\u0101s asamblej\u0101s.<\/p>\n<p>Deput\u0101ti aicina r\u012bkot jaunas, br\u012bvas un god\u012bgas v\u0113l\u0113\u0161anas starptautisko nov\u0113rot\u0101ju uzraudz\u012bb\u0101, uzsverot, ka jebkuras v\u0113l\u0113\u0161anas, kas notiek bai\u013cu un represiju gaisotn\u0113, nevar atbilst demokr\u0101tijas standartiem. Vi\u0146i br\u012bdina, ka Luka\u0161enko nedr\u012bkst izmantot politieslodz\u012btos k\u0101 ietekmes l\u012bdzekli sarun\u0101s ar Rietumiem, un nor\u0101da, ka katru reizi, kad ieslodz\u012btie tiek atbr\u012bvoti, citi tiek aiztur\u0113ti.<\/p>\n<p>Atbalsts Baltkrievijas pilsoniskajai sabiedr\u012bbai un cilv\u0113kties\u012bbu p\u0101rk\u0101pumu izmekl\u0113\u0161ana<\/p>\n<p>Deput\u0101ti aicina atbalst\u012bt Baltkrievijas pilsonisko sabiedr\u012bbu, neatkar\u012bgos pla\u0161sazi\u0146as l\u012bdzek\u013cus, studentus un trimd\u0101 eso\u0161os profesion\u0101\u013cus, nodro\u0161inot v\u012bzas, stipendijas, dot\u0101cijas un dro\u0161\u012bbas pas\u0101kumus. Vi\u0146i nosoda uzbrukumus neatkar\u012bgajiem pla\u0161sazi\u0146as l\u012bdzek\u013ciem, interneta piek\u013cuves ierobe\u017eojumus un \u017eurn\u0101listu arestus. Vi\u0146i piebilst, ka ES neatkar\u012bgajiem pla\u0161sazi\u0146as l\u012bdzek\u013ciem b\u016btu j\u0101sniedz sist\u0113miska daudzgadu pal\u012bdz\u012bba, ieskaitot finans\u0113jumu.<\/p>\n<p>Rezol\u016bcija ar\u012b aicina steidzami v\u0113rsties pret Luka\u0161enko re\u017e\u012bma \u012bstenotaj\u0101m transnacion\u0101laj\u0101m represij\u0101m, tostarp \u013caunpr\u0101t\u012bgu\u00a0INTERPOL\u00a0apcietin\u0101\u0161anas orderu izmanto\u0161anu, k\u0101 ar\u012b aizsarg\u0101t trimd\u0101 dz\u012bvojo\u0161os baltkrievus. ES un t\u0101s dal\u012bbvalst\u012bm j\u0101turpina izmekl\u0113t cilv\u0113kties\u012bbu p\u0101rk\u0101pumus un noziegumus pret cilv\u0113ci Baltkrievij\u0101 un j\u0101atbalsta pas\u0101kumi, lai sauktu vain\u012bgos pie atbild\u012bbas, tostarp starptautisk\u0101s ties\u0101s.<\/p>\n<p>Iesaist\u012b\u0161an\u0101s Krievijas kar\u0101 pret Ukrainu<\/p>\n<p>Deput\u0101ti stingri nosoda Luka\u0161enko re\u017e\u012bma iesaist\u012b\u0161anos Krievijas kar\u0101 pret Ukrainu un pau\u017e ba\u017eas par Krievijas milit\u0101r\u0101s kl\u0101tb\u016btnes papla\u0161in\u0101\u0161anos Baltkrievij\u0101, br\u012bdinot, ka kodolsp\u0113j\u012bgu sist\u0113mu izvieto\u0161ana apdraud Eiropas dro\u0161\u012bbu. Vi\u0146i mudina ES pastiprin\u0101t sankcijas pret person\u0101m, kas atbild\u012bgas par represij\u0101m, l\u012bdzdal\u012bbu kar\u0101 un sankciju apie\u0161anu.<\/p>\n<p>Parlaments aicina veikt r\u016bp\u012bgu izmekl\u0113\u0161anu un likvid\u0113t Baltkrievijas un Krievijas spiegu t\u012bklus ES un kandid\u0101tvalst\u012bs, k\u0101 ar\u012b uzsver nepiecie\u0161am\u012bbu noteikt ierobe\u017eojumus Krievijas un Baltkrievijas diplom\u0101tiem \u0160engenas zon\u0101.<\/p>\n<p>Rezol\u016bcija tika pie\u0146emta ar 458 bals\u012bm \u201cpar\u201d, 18 bals\u012bm \u201cpret\u201d un 84 atturoties.<\/p>\n<p>          <img decoding=\"async\" src=\"https:\/\/www.europesays.com\/lv\/wp-content\/uploads\/2025\/10\/1761133806_557_logo-lv.png\" alt=\"\"\/><\/p>\n<p>                  \u0160\u012b inform\u0101cija ir publisks pazi\u0146ojums un neatspogu\u013co LV port\u0101la viedokli. Par t\u0101s saturu atbild ies\u016bt\u012bt\u0101js. <a data-popup=\"rules\">Public\u0113\u0161anas noteikumi<\/a><\/p>\n","protected":false},"excerpt":{"rendered":"Deput\u0101ti aicina ES turpin\u0101t sadarb\u012bbu ar Baltkrievijas demokr\u0101tiskajiem sp\u0113kiem, nosodot cilv\u0113kties\u012bbu p\u0101rk\u0101pumus un uzsverot Krievijas ietekmes rad\u012bto apdraud\u0113jumu.&hellip;\n","protected":false},"author":2,"featured_media":1277,"comment_status":"","ping_status":"","sticky":false,"template":"","format":"standard","meta":{"footnotes":""},"categories":[14],"tags":[23,57,28,29,32,33,22,30,31,35,39,38,36,37,34,40,20,26,27,24,25,54,55,56,21,58],"class_list":{"0":"post-28425","1":"post","2":"type-post","3":"status-publish","4":"format-standard","5":"has-post-thumbnail","7":"category-zinas-no-arvalstim","8":"tag-aktualitates","9":"tag-arvalstim","10":"tag-breaking-news","11":"tag-breakingnews","12":"tag-featured-news","13":"tag-featurednews","14":"tag-headlines","15":"tag-latest-news","16":"tag-latestnews","17":"tag-latvia","18":"tag-latvian","19":"tag-latviesu","20":"tag-latviesu-valoda","21":"tag-latviesuvaloda","22":"tag-latvija","23":"tag-lv","24":"tag-news","25":"tag-popularakas-zinas","26":"tag-popularakaszinas","27":"tag-top-stories","28":"tag-topstories","29":"tag-world","30":"tag-world-news","31":"tag-worldnews","32":"tag-zinas","33":"tag-zinas-no-arvalstim"},"share_on_mastodon":{"url":"","error":""},"_links":{"self":[{"href":"https:\/\/www.europesays.com\/lv\/wp-json\/wp\/v2\/posts\/28425","targetHints":{"allow":["GET"]}}],"collection":[{"href":"https:\/\/www.europesays.com\/lv\/wp-json\/wp\/v2\/posts"}],"about":[{"href":"https:\/\/www.europesays.com\/lv\/wp-json\/wp\/v2\/types\/post"}],"author":[{"embeddable":true,"href":"https:\/\/www.europesays.com\/lv\/wp-json\/wp\/v2\/users\/2"}],"replies":[{"embeddable":true,"href":"https:\/\/www.europesays.com\/lv\/wp-json\/wp\/v2\/comments?post=28425"}],"version-history":[{"count":0,"href":"https:\/\/www.europesays.com\/lv\/wp-json\/wp\/v2\/posts\/28425\/revisions"}],"wp:featuredmedia":[{"embeddable":true,"href":"https:\/\/www.europesays.com\/lv\/wp-json\/wp\/v2\/media\/1277"}],"wp:attachment":[{"href":"https:\/\/www.europesays.com\/lv\/wp-json\/wp\/v2\/media?parent=28425"}],"wp:term":[{"taxonomy":"category","embeddable":true,"href":"https:\/\/www.europesays.com\/lv\/wp-json\/wp\/v2\/categories?post=28425"},{"taxonomy":"post_tag","embeddable":true,"href":"https:\/\/www.europesays.com\/lv\/wp-json\/wp\/v2\/tags?post=28425"}],"curies":[{"name":"wp","href":"https:\/\/api.w.org\/{rel}","templated":true}]}}