{"id":284250,"date":"2026-09-03T07:37:09","date_gmt":"2026-09-03T07:37:09","guid":{"rendered":"https:\/\/www.europesays.com\/lv\/284250\/"},"modified":"2026-09-03T07:37:09","modified_gmt":"2026-09-03T07:37:09","slug":"spanija-desmitiem-tukstosi-cilveku-izgajusi-ielas-lai-protestetu-pret-seutas-krizi","status":"publish","type":"post","link":"https:\/\/www.europesays.com\/lv\/284250\/","title":{"rendered":"Sp\u0101nij\u0101 desmitiem t\u016bksto\u0161i cilv\u0113ku izg\u0101ju\u0161i iel\u0101s, lai protest\u0113tu pret Seutas kr\u012bzi"},"content":{"rendered":"<p>Pla\u0161as demonstr\u0101cijas notika ar\u012b Barselon\u0101, Valensij\u0101 un Sevilj\u0101.<\/p>\n<p>Demonstranti vicin\u0101ja Sp\u0101nijas karogus un sauca &#8220;Vienota <a href=\"https:\/\/www.apollo.lv\/term\/1156727\/seuta\" class=\"topicLink\" target=\"_blank\" rel=\"nofollow noopener\">Seuta<\/a> nekad netiks sakauta&#8221;, &#8220;San\u010desu uz cietumu&#8221; un &#8220;Iebruc\u0113ji &#8211; dodieties m\u0101j\u0101s!&#8221;, ar to dom\u0101jot Seut\u0101 paliku\u0161os neleg\u0101los migrantus.<\/p>\n<p>&#8220;Tas, kas notika ar mums, nebija migr\u0101cijas kr\u012bze. Notiku\u0161ais bija Sp\u0101nijas teritori\u0101l\u0101s integrit\u0101tes p\u0101rk\u0101pums,&#8221; sac\u012bja Seutas re\u0123iona vald\u012bbas l\u012bderis Huans Hesuss Vivass ofici\u0101l\u0101 pas\u0101kum\u0101, kas bija velt\u012bts 2. septembra sv\u0113tkiem.<\/p>\n<p>Vivasa p\u0101rst\u0101v\u0113t\u0101 konservat\u012bv\u0101 Tautas partija kop\u0101 ar lab\u0113jo partiju &#8220;Vox&#8221; fokus\u0113jas uz Seutas kr\u012bzi politiskaj\u0101 c\u012b\u0146\u0101, kuras m\u0113r\u0137is ir g\u0101zt kreiso Sp\u0101nijas vald\u012bbu.<\/p>\n<p>Tre\u0161dien notiku\u0161os protestus vair\u0101k nek\u0101 200 Sp\u0101nijas pils\u0113t\u0101s ofici\u0101li organiz\u0113ja Sp\u0101nijas Pa\u0161vald\u012bbu un provin\u010du feder\u0101cija, bet tos atbalst\u012bja Tautas partija un &#8220;Vox&#8221;, kura ir stingri pret neleg\u0101lo migr\u0101ciju.<\/p>\n","protected":false},"excerpt":{"rendered":"Pla\u0161as demonstr\u0101cijas notika ar\u012b Barselon\u0101, Valensij\u0101 un Sevilj\u0101. Demonstranti vicin\u0101ja Sp\u0101nijas karogus un sauca &#8220;Vienota Seuta nekad netiks&hellip;\n","protected":false},"author":2,"featured_media":284251,"comment_status":"","ping_status":"","sticky":false,"template":"","format":"standard","meta":{"footnotes":"","_share_on_mastodon":"0"},"categories":[5],"tags":[23,28,29,32,33,22,30,31,35,39,38,36,37,34,40,20,26,27,3959,40987,1670,24,25,21],"class_list":["post-284250","post","type-post","status-publish","format-standard","has-post-thumbnail","category-aktualitates","tag-aktualitates","tag-breaking-news","tag-breakingnews","tag-featured-news","tag-featurednews","tag-headlines","tag-latest-news","tag-latestnews","tag-latvia","tag-latvian","tag-latviesu","tag-latviesu-valoda","tag-latviesuvaloda","tag-latvija","tag-lv","tag-news","tag-popularakas-zinas","tag-popularakaszinas","tag-protests","tag-seuta","tag-spanija","tag-top-stories","tag-topstories","tag-zinas"],"share_on_mastodon":{"url":"https:\/\/pubeurope.com\/@lv\/117205968241750461","error":""},"_links":{"self":[{"href":"https:\/\/www.europesays.com\/lv\/wp-json\/wp\/v2\/posts\/284250","targetHints":{"allow":["GET"]}}],"collection":[{"href":"https:\/\/www.europesays.com\/lv\/wp-json\/wp\/v2\/posts"}],"about":[{"href":"https:\/\/www.europesays.com\/lv\/wp-json\/wp\/v2\/types\/post"}],"author":[{"embeddable":true,"href":"https:\/\/www.europesays.com\/lv\/wp-json\/wp\/v2\/users\/2"}],"replies":[{"embeddable":true,"href":"https:\/\/www.europesays.com\/lv\/wp-json\/wp\/v2\/comments?post=284250"}],"version-history":[{"count":0,"href":"https:\/\/www.europesays.com\/lv\/wp-json\/wp\/v2\/posts\/284250\/revisions"}],"wp:featuredmedia":[{"embeddable":true,"href":"https:\/\/www.europesays.com\/lv\/wp-json\/wp\/v2\/media\/284251"}],"wp:attachment":[{"href":"https:\/\/www.europesays.com\/lv\/wp-json\/wp\/v2\/media?parent=284250"}],"wp:term":[{"taxonomy":"category","embeddable":true,"href":"https:\/\/www.europesays.com\/lv\/wp-json\/wp\/v2\/categories?post=284250"},{"taxonomy":"post_tag","embeddable":true,"href":"https:\/\/www.europesays.com\/lv\/wp-json\/wp\/v2\/tags?post=284250"}],"curies":[{"name":"wp","href":"https:\/\/api.w.org\/{rel}","templated":true}]}}