{"id":284252,"date":"2026-09-03T07:39:10","date_gmt":"2026-09-03T07:39:10","guid":{"rendered":"https:\/\/www.europesays.com\/lv\/284252\/"},"modified":"2026-09-03T07:39:10","modified_gmt":"2026-09-03T07:39:10","slug":"ziemelvalstu-federacijas-versas-eiropas-savieniba-par-starptautiskas-futbola-federacijas-parvaldibu-raksts","status":"publish","type":"post","link":"https:\/\/www.europesays.com\/lv\/284252\/","title":{"rendered":"Zieme\u013cvalstu feder\u0101cijas v\u0113r\u0161as Eiropas Savien\u012bb\u0101 par Starptautisk\u0101s futbola feder\u0101cijas p\u0101rvald\u012bbu \/ Raksts"},"content":{"rendered":"<p>\n                        \u0160odien, 10:17                    <\/p>\n<p>\n                            Autori:<br \/>\n                            LSM Sporta redakcija                        <\/p>\n<p>Tr\u012bs Zieme\u013cvalstu futbola feder\u0101cijas v\u0113stul\u0113 Eiropas Savien\u012bbas (ES) sporta komis\u0101ram Glenam Mikalefam l\u016bdza tik\u0161anos ba\u017e\u0101s par Starptautisk\u0101s futbola feder\u0101cijas (FIFA) p\u0101rvald\u012bbu. V\u0113stuli parakst\u012bju\u0161i\u00a0Somijas, D\u0101nijas un Zviedrijas futbola feder\u0101ciju prezidenti.<\/p>\n<p>Zieme\u013cvalstu futbola feder\u0101ciju v\u0113stule vairo iesp\u0113jas ES iesaist\u012bties diskusij\u0101s par FIFA turpm\u0101ko p\u0101rvald\u012bbu. Vair\u0101ku valstu nacion\u0101l\u0101s futbola feder\u0101cijas ir atsauku\u0161as uztic\u012bbu FIFA prezidentam D\u017eanni Infant\u012bno p\u0113c vi\u0146a pl\u0101na <a href=\"https:\/\/www.lsm.lv\/raksts\/sports\/futbols\/29.07.2026-starptautisko-futbola-federaciju-kritize-par-nodomu-nopelnit-miljardus-pasaules-kausa-rikosanas-dalas-pardosana.a656745\/?utm_source=lsm&amp;utm_medium=theme&amp;utm_campaign=theme\" class=\"lsm-link\" data-type=\"article\" data-id=\"656745\" rel=\"nofollow noopener\" target=\"_blank\">p\u0101rdot priv\u0101tiem investoriem da\u013cu ties\u012bbu<\/a> FIFA sacens\u012bbu r\u012bko\u0161an\u0101, tostarp Pasaules kausa izc\u012b\u0146\u0101. Lai gan p\u0113c asas kritikas Infant\u012bno <a href=\"https:\/\/www.lsm.lv\/raksts\/sports\/futbols\/01.08.2026-starptautiska-futbola-federacija-atsakas-no-kritizeta-plana-pardot-dalu-sacensibu-rikosanas-tiesibu.a657123\/?utm_source=lsm&amp;utm_medium=theme&amp;utm_campaign=theme\" class=\"lsm-link\" data-type=\"article\" data-id=\"657123\" rel=\"nofollow noopener\" target=\"_blank\">pl\u0101nu atsauca<\/a>, vi\u0146a izredzes 2027.\u00a0gad\u0101 v\u0113l\u0113\u0161an\u0101s atk\u0101rtoti ieg\u016bt FIFA prezidenta amatu k\u013cuva neskaidras.<\/p>\n<p>V\u0113stules autori v\u0113las ES l\u012bmen\u012b apspriest FIFA notieko\u0161os procesus un futbola p\u0101rvald\u012bbu pasaul\u0113, atsaucoties uz saviem avotiem v\u0113st\u012bja a\u0123ent\u016bra &#8220;Reuters&#8221;. V\u0113l gan nav zin\u0101ms, vai Mikalefs atsauksies aicin\u0101jumam tikties.<\/p>\n<p>Tr\u012bs Zieme\u013cvalstu feder\u0101cijas ba\u017e\u012bjas par l\u0113mumu pie\u0146em\u0161anas procesu FIFA un to caursp\u012bd\u012bbu. Iesp\u0113ja priv\u0101tiem investoriem ieg\u016bt da\u013cu ties\u012bbu FIFA sacens\u012bb\u0101s un komerci\u0101los pas\u0101kumos uz nepietiekami caursp\u012bd\u012bga l\u0113mumu pie\u0146em\u0161anas un konsult\u0101ciju tr\u016bkuma fona raisa pla\u0161us jaut\u0101jumus par futbola n\u0101kotni pasaul\u0113, paudu\u0161i v\u0113stules autori.\u00a0<\/p>\n<p>V\u0113stul\u0113 ir atsauce uz Eiropas futbola amatpersonu koordin\u0113to sadarb\u012bbu ar politikas veidot\u0101jiem, 2021.\u00a0gad\u0101 v\u0113r\u0161oties pret Eiropas Superl\u012bgas veido\u0161anu, veiksm\u012bgi aizst\u0101vot pa\u0161reiz\u0113jo sp\u0113les p\u0101rvald\u012bbas modeli.<\/p>\n<p>D\u0101nijas, Somijas, Islandes, Norv\u0113\u0123ijas, Zviedrijas un F\u0113ru salu futbola feder\u0101cijas august\u0101 pazi\u0146oja, ka ir zaud\u0113ju\u0161as uztic\u012bbu Infant\u012bno, un aicin\u0101ja neatkar\u012bgi izmekl\u0113t FIFA r\u012bc\u012bbu m\u0113\u0123in\u0101jum\u0101 p\u0101rdot da\u013cu ties\u012bbu sacens\u012bbu r\u012bko\u0161an\u0101, k\u0101 ar\u012b izv\u0113rt\u0113t starptautisk\u0101s feder\u0101cijas p\u0101rvald\u012bbu.\u00a0<\/p>\n<p>                    Valodas k\u013c\u016bda rakst\u0101?<\/p>\n<p class=\"d-none d-md-block\">Iez\u012bm\u0113jiet tekstu un spiediet Ctrl+Enter, lai nos\u016bt\u012btu labojamo teksta fragmentu redaktoram! Par faktu k\u013c\u016bd\u0101m l\u016bdzam zi\u0146ot e-past\u0101 redakcija@lsm.lv.<\/p>\n<p class=\"d-md-none\">Iez\u012bm\u0113jiet tekstu un spiediet uz Zi\u0146ot par k\u013c\u016bdu pogas, lai nos\u016bt\u012btu labojamo teksta fragmentu redaktoram!<\/p>\n<p>\n                    Zi\u0146ot par k\u013c\u016bdu\n                <\/p>\n","protected":false},"excerpt":{"rendered":"\u0160odien, 10:17 Autori: LSM Sporta redakcija Tr\u012bs Zieme\u013cvalstu futbola feder\u0101cijas v\u0113stul\u0113 Eiropas Savien\u012bbas (ES) sporta komis\u0101ram Glenam Mikalefam&hellip;\n","protected":false},"author":2,"featured_media":284253,"comment_status":"","ping_status":"","sticky":false,"template":"","format":"standard","meta":{"footnotes":"","_share_on_mastodon":"0"},"categories":[17],"tags":[35,39,38,36,37,34,40,67],"class_list":["post-284252","post","type-post","status-publish","format-standard","has-post-thumbnail","category-sports","tag-latvia","tag-latvian","tag-latviesu","tag-latviesu-valoda","tag-latviesuvaloda","tag-latvija","tag-lv","tag-sports"],"share_on_mastodon":{"url":"https:\/\/pubeurope.com\/@lv\/117205975923037959","error":""},"_links":{"self":[{"href":"https:\/\/www.europesays.com\/lv\/wp-json\/wp\/v2\/posts\/284252","targetHints":{"allow":["GET"]}}],"collection":[{"href":"https:\/\/www.europesays.com\/lv\/wp-json\/wp\/v2\/posts"}],"about":[{"href":"https:\/\/www.europesays.com\/lv\/wp-json\/wp\/v2\/types\/post"}],"author":[{"embeddable":true,"href":"https:\/\/www.europesays.com\/lv\/wp-json\/wp\/v2\/users\/2"}],"replies":[{"embeddable":true,"href":"https:\/\/www.europesays.com\/lv\/wp-json\/wp\/v2\/comments?post=284252"}],"version-history":[{"count":0,"href":"https:\/\/www.europesays.com\/lv\/wp-json\/wp\/v2\/posts\/284252\/revisions"}],"wp:featuredmedia":[{"embeddable":true,"href":"https:\/\/www.europesays.com\/lv\/wp-json\/wp\/v2\/media\/284253"}],"wp:attachment":[{"href":"https:\/\/www.europesays.com\/lv\/wp-json\/wp\/v2\/media?parent=284252"}],"wp:term":[{"taxonomy":"category","embeddable":true,"href":"https:\/\/www.europesays.com\/lv\/wp-json\/wp\/v2\/categories?post=284252"},{"taxonomy":"post_tag","embeddable":true,"href":"https:\/\/www.europesays.com\/lv\/wp-json\/wp\/v2\/tags?post=284252"}],"curies":[{"name":"wp","href":"https:\/\/api.w.org\/{rel}","templated":true}]}}