{"id":284268,"date":"2026-09-03T07:49:11","date_gmt":"2026-09-03T07:49:11","guid":{"rendered":"https:\/\/www.europesays.com\/lv\/284268\/"},"modified":"2026-09-03T07:49:11","modified_gmt":"2026-09-03T07:49:11","slug":"norvegija-konfisce-krievijas-kugi-arktika","status":"publish","type":"post","link":"https:\/\/www.europesays.com\/lv\/284268\/","title":{"rendered":"Norv\u0113\u0123ija konfisc\u0113 Krievijas ku\u0123i Arktik\u0101"},"content":{"rendered":"<p>Uz\u0146\u0113muma pazi\u0146ojum\u0101 teikts, ka varas iest\u0101des konfisc\u0113ju\u0161as ku\u0123i &#8220;Professor Molchanov&#8221; Svalb\u0101ras arhipel\u0101g\u0101 p\u0113c Norv\u0113\u0123ijas tiesas r\u012bkojuma. Norv\u0113\u0123ijas laikraksts &#8220;Aftenposten&#8221; atsauc\u0101s uz Svalb\u0101ras policijas amatpersonu, kas apstiprin\u0101ja notiku\u0161o.<\/p>\n<p>Konfisk\u0101cijas m\u0113r\u0137is ir izpild\u012bt arbitr\u0101\u017eas tiesas spriedumu, p\u0113c kura Krievijai j\u0101samaks\u0101 aptuveni 4,2 miljardi ASV dol\u0101ru &#8220;Naftogaz&#8221; par akt\u012bvu nelikum\u012bgu konfisc\u0113\u0161anu p\u0113c Krimas pussalas aneksijas 2014. gad\u0101.<\/p>\n<p>Uz\u0146\u0113muma vad\u012bt\u0101ja pien\u0101kumu izpild\u012bt\u0101js Serhijs Fedorenko \u0161aj\u0101 pazi\u0146ojum\u0101 nosauca Norv\u0113\u0123ijas r\u012bc\u012bbu par &#8220;v\u0113l vienu svar\u012bgu soli uz taisn\u012bguma atjauno\u0161anu&#8221;.<\/p>\n<p>&#8220;M\u0113s turpin\u0101sim v\u0113rsties pret Krievijas akt\u012bviem vis\u0101 pasaul\u0113, l\u012bdz b\u016bs piln\u012bgi samaks\u0101ta konpens\u0101cija, kas piespriesta &#8220;Naftogaz&#8221; un cit\u0101m komp\u0101nij\u0101m &#8220;Naftogaz&#8221; grup\u0101,&#8221; sac\u012bja Fedorenko.<\/p>\n<p>Ku\u0123u izseko\u0161anas vietne &#8220;VesselFinder&#8221; nor\u0101d\u012bja, ka &#8220;Professor Molchanov&#8221; ir noenkurojies kalnr\u016bpniec\u012bbas ciemat\u0101 Barencburg\u0101.<\/p>\n","protected":false},"excerpt":{"rendered":"Uz\u0146\u0113muma pazi\u0146ojum\u0101 teikts, ka varas iest\u0101des konfisc\u0113ju\u0161as ku\u0123i &#8220;Professor Molchanov&#8221; Svalb\u0101ras arhipel\u0101g\u0101 p\u0113c Norv\u0113\u0123ijas tiesas r\u012bkojuma. Norv\u0113\u0123ijas laikraksts&hellip;\n","protected":false},"author":2,"featured_media":284269,"comment_status":"","ping_status":"","sticky":false,"template":"","format":"standard","meta":{"footnotes":"","_share_on_mastodon":"0"},"categories":[5],"tags":[23,7204,28,29,32,33,22,234,1935,30,31,35,39,38,36,37,34,40,20,1419,26,27,24,25,21],"class_list":["post-284268","post","type-post","status-publish","format-standard","has-post-thumbnail","category-aktualitates","tag-aktualitates","tag-arktika","tag-breaking-news","tag-breakingnews","tag-featured-news","tag-featurednews","tag-headlines","tag-krievija","tag-kugis","tag-latest-news","tag-latestnews","tag-latvia","tag-latvian","tag-latviesu","tag-latviesu-valoda","tag-latviesuvaloda","tag-latvija","tag-lv","tag-news","tag-norvegija","tag-popularakas-zinas","tag-popularakaszinas","tag-top-stories","tag-topstories","tag-zinas"],"share_on_mastodon":{"url":"https:\/\/pubeurope.com\/@lv\/117206015528432602","error":""},"_links":{"self":[{"href":"https:\/\/www.europesays.com\/lv\/wp-json\/wp\/v2\/posts\/284268","targetHints":{"allow":["GET"]}}],"collection":[{"href":"https:\/\/www.europesays.com\/lv\/wp-json\/wp\/v2\/posts"}],"about":[{"href":"https:\/\/www.europesays.com\/lv\/wp-json\/wp\/v2\/types\/post"}],"author":[{"embeddable":true,"href":"https:\/\/www.europesays.com\/lv\/wp-json\/wp\/v2\/users\/2"}],"replies":[{"embeddable":true,"href":"https:\/\/www.europesays.com\/lv\/wp-json\/wp\/v2\/comments?post=284268"}],"version-history":[{"count":0,"href":"https:\/\/www.europesays.com\/lv\/wp-json\/wp\/v2\/posts\/284268\/revisions"}],"wp:featuredmedia":[{"embeddable":true,"href":"https:\/\/www.europesays.com\/lv\/wp-json\/wp\/v2\/media\/284269"}],"wp:attachment":[{"href":"https:\/\/www.europesays.com\/lv\/wp-json\/wp\/v2\/media?parent=284268"}],"wp:term":[{"taxonomy":"category","embeddable":true,"href":"https:\/\/www.europesays.com\/lv\/wp-json\/wp\/v2\/categories?post=284268"},{"taxonomy":"post_tag","embeddable":true,"href":"https:\/\/www.europesays.com\/lv\/wp-json\/wp\/v2\/tags?post=284268"}],"curies":[{"name":"wp","href":"https:\/\/api.w.org\/{rel}","templated":true}]}}