{"id":284282,"date":"2026-09-03T07:57:38","date_gmt":"2026-09-03T07:57:38","guid":{"rendered":"https:\/\/www.europesays.com\/lv\/284282\/"},"modified":"2026-09-03T07:57:38","modified_gmt":"2026-09-03T07:57:38","slug":"princis-harijs-ar-meganu-nolaidusies-lielbritanija-atklatas-detalas-par-jauno-dzivesvietu-un-bernu-skolu","status":"publish","type":"post","link":"https:\/\/www.europesays.com\/lv\/284282\/","title":{"rendered":"Princis Harijs ar Meganu nolaidu\u0161ies Lielbrit\u0101nij\u0101: atkl\u0101tas deta\u013cas par jauno dz\u012bvesvietu un b\u0113rnu skolu"},"content":{"rendered":"<p>\t\t<img loading=\"lazy\" decoding=\"async\" class=\"lazy lazy-hidden wp-image-302687 size-full\" src=\"data:image\/gif;base64,R0lGODlhAQABAIAAAAAAAP\/\/\/yH5BAEAAAAALAAAAAABAAEAAAIBRAA7\" data-lazy-type=\"image\" data-lazy-src=\"https:\/\/www.europesays.com\/lv\/wp-content\/uploads\/2026\/09\/Image-31-2.jpg\" alt=\"princis harijs\" width=\"900\" height=\"600\" data-lazy- data-lazy-\/>Foto: Ekr\u0101nuz\u0146\u0113mums<\/p>\n<p>Saseksas hercogi ar \u0123imeni ieradu\u0161ies Apvienotaj\u0101 Karalist\u0113, lai uzs\u0101ktu mier\u012bgu dz\u012bvi \u0101rpus Londonas un sagatavotu b\u0113rnus jaunajam m\u0101c\u012bbu gadam viet\u0113j\u0101 skol\u0101.<\/p>\n<p>P\u0113c vair\u0101ku gadu promb\u016btnes un dz\u012bves Amerikas Savienotaj\u0101s Valst\u012bs princis Harijs kop\u0101 ar sievu Meganu M\u0101rklu un abiem b\u0113rniem ir atgriezu\u0161ies Lielbrit\u0101nij\u0101. P\u0101ris ar priv\u0101tu reisu no Kalifornijas tre\u0161dienas pusdienlaik\u0101 nolaid\u0101s Birmingemas lidost\u0101, uzs\u0101kot jaunu posmu savas \u0123imenes ikdien\u0101. \u0160is solis iez\u012bm\u0113 noz\u012bm\u012bgu pav\u0113rsienu abu attiec\u012bb\u0101s ar dzimteni, lai gan ofici\u0101los karaliskos pien\u0101kumus vi\u0146i turpm\u0101k nepild\u012bs.<\/p>\n<p>Mier\u012bga m\u0101jvieta gleznainaj\u0101 Kotvoldas re\u0123ion\u0101<\/p>\n<p>Atgrie\u017eoties Apvienotaj\u0101 Karalist\u0113, \u0123imene ir izv\u0113l\u0113jusies apmesties priv\u0101t\u0101 \u012bpa\u0161um\u0101 Kotvoldas re\u0123ion\u0101, kas atrodas \u0101rpus galvaspils\u0113tas trok\u0161\u0146a. \u0160\u012b mier\u012bg\u0101 un za\u013c\u0101 lauku teritorija jau izsenis ir paz\u012bstama ar savu klusumu un priv\u0101tumu, ko augstu v\u0113rt\u0113 britu sabiedr\u012bbas iev\u0113rojam\u0101k\u0101s personas. T\u0101 k\u0101 p\u0101ris nepl\u0101no iesaist\u012bties ofici\u0101lajos pils pas\u0101kumos, \u0161\u0101da noma\u013ca m\u0101jvieta \u013cauj nodro\u0161in\u0101t mier\u012bgu vidi b\u0113rnu audzin\u0101\u0161anai.<\/p>\n<p>L\u012bdz ar \u0123imeni uz Lielbrit\u0101niju ir atce\u013coju\u0161i ar\u012b abi vi\u0146u su\u0146i Mia un Pula, kuri jau iepriek\u0161 bie\u017ei bija redzami p\u0101ra ikdienas st\u0101stos. Savuk\u0101rt iepriek\u0161 gl\u0101bt\u0101s vistas, kas k\u013cuva par atpaz\u012bstamu vi\u0146u Kalifornijas m\u0101jok\u013ca elementu, ir atst\u0101tas aizoke\u0101na \u012bpa\u0161um\u0101. \u0160\u0101das sadz\u012bviskas p\u0101rmai\u0146as skaidri par\u0101da, ka p\u0101rcel\u0161an\u0101s ir p\u0101rdom\u0101ts un ilgtermi\u0146a l\u0113mums visai \u0123imenei.<\/p>\n<p>B\u0113rnu skolas gaitas s\u0101ksies jau n\u0101kamned\u0113\u013c<\/p>\n<p>Viens no galvenajiem praktiskajiem iemesliem iera\u0161an\u0101s laikam augusta beig\u0101s ir jaun\u0101 m\u0101c\u012bbu gada s\u0101kums. Princis \u0100r\u010dijs un princese Lilibeta jau ir veiksm\u012bgi re\u0123istr\u0113ti viet\u0113j\u0101 izgl\u012bt\u012bbas iest\u0101d\u0113, kur m\u0101c\u012bbas s\u0101ksies jau n\u0101kam\u0101s ned\u0113\u013cas s\u0101kum\u0101. Vec\u0101ki ir v\u0113l\u0113ju\u0161ies, lai b\u0113rni ieg\u016bst kvalitat\u012bvu britu izgl\u012bt\u012bbu un iej\u016btas viet\u0113j\u0101 vid\u0113 kop\u0101 ar saviem vienaud\u017eiem.<\/p>\n<p>\u0160is l\u0113mums \u013caus mazajiem hercogiem augt tuv\u0101k britu kult\u016brai un trad\u012bcij\u0101m. M\u0101c\u012bbu uzs\u0101k\u0161ana viet\u0113j\u0101 skol\u0101 apliecina, ka \u0123imene pl\u0101no \u0161eit uztur\u0113ties ilgsto\u0161i, nevis tikai ierasties uz \u012bs\u0101m priv\u0101t\u0101m viz\u012bt\u0113m. B\u0113rnu ikdiena tiks organiz\u0113ta p\u0113c parasta skolas ritma, nodro\u0161inot vi\u0146iem p\u0113c iesp\u0113jas stabil\u0101ku b\u0113rn\u012bbu.<\/p>\n<p>Attiec\u012bbas ar \u0123imeni un turpm\u0101kie so\u013ci<\/p>\n<p>Par pl\u0101noto p\u0101rcel\u0161anos jau iepriek\u0161 \u0161aj\u0101 m\u0113nes\u012b tika person\u012bgi inform\u0113ts karalis \u010c\u0101rlzs III, k\u0101 ar\u012b Velsas princis Viljams un princese Keita. Harijs ar \u0123imeni jau j\u016blij\u0101 \u012bsi apciemoja t\u0113vu vi\u0146a Haigrovas m\u0101j\u0101, kas bija viena no retaj\u0101m tik\u0161an\u0101s reiz\u0113m p\u0113d\u0113jo gadu laik\u0101. Lai gan ofici\u0101las sarunas par p\u0101rcel\u0161anos toreiz netika risin\u0101tas, monarhs vienm\u0113r ir v\u0113l\u0113jies saglab\u0101t siltas attiec\u012bbas ar saviem mazb\u0113rniem.<\/p>\n<p><a href=\"https:\/\/dzentlmenis.lv\/netieku-gala-ar-aizsvidusiem-logiem-vienkarss-virtuves-produkts-palidz-atrisinat-veco-soferu-problemu\/304631\/\" rel=\"nofollow noopener\" target=\"_blank\"><img class=\"lazy lazy-hidden\" decoding=\"async\" src=\"data:image\/gif;base64,R0lGODlhAQABAIAAAAAAAP\/\/\/yH5BAEAAAAALAAAAAABAAEAAAIBRAA7\" data-lazy-type=\"image\" data-lazy-src=\"https:\/\/www.europesays.com\/lv\/wp-content\/uploads\/2026\/09\/kartoska.jpg\" data-lazy- alt=\"\u201cNetieku gal\u0101 ar aizsv\u012bdu\u0161iem logiem\u201d Vienk\u0101r\u0161s virtuves produkts pal\u012bdz atrisin\u0101t veco \u0161oferu probl\u0113mu\"\/><\/a>Citi lasa<a class=\"monsterinsights-inline-popular-posts-title\" href=\"https:\/\/dzentlmenis.lv\/netieku-gala-ar-aizsvidusiem-logiem-vienkarss-virtuves-produkts-palidz-atrisinat-veco-soferu-problemu\/304631\/\" rel=\"nofollow noopener\" target=\"_blank\">\u201cNetieku gal\u0101 ar aizsv\u012bdu\u0161iem logiem\u201d Vienk\u0101r\u0161s virtuves produkts pal\u012bdz atrisin\u0101t veco \u0161oferu probl\u0113mu<\/a><\/p>\n<p>Iera\u0161an\u0101s Lielbrit\u0101nij\u0101 gan neatrisina visus jaut\u0101jumus par dro\u0161\u012bbu un sadz\u012bves organiz\u0113\u0161anu, jo p\u0101ris valst\u012b uztur\u0113sies k\u0101 priv\u0101tpersonas bez ofici\u0101la statusa. Tom\u0113r l\u0113mums atgriezties dzimten\u0113 rada priek\u0161noteikumus tam, lai laika gait\u0101 \u0123imenisk\u0101s saites k\u013c\u016btu cie\u0161\u0101kas un mier\u012bg\u0101kas. Turpm\u0101kajos m\u0113ne\u0161os Saseksas hercogi pl\u0101no koncentr\u0113ties uz labdar\u012bbas projektiem un savas jaun\u0101s lauku dz\u012bves iek\u0101rto\u0161anu.<\/p>\n","protected":false},"excerpt":{"rendered":"Foto: Ekr\u0101nuz\u0146\u0113mums Saseksas hercogi ar \u0123imeni ieradu\u0161ies Apvienotaj\u0101 Karalist\u0113, lai uzs\u0101ktu mier\u012bgu dz\u012bvi \u0101rpus Londonas un sagatavotu b\u0113rnus&hellip;\n","protected":false},"author":2,"featured_media":284283,"comment_status":"","ping_status":"","sticky":false,"template":"","format":"standard","meta":{"footnotes":"","_share_on_mastodon":"0"},"categories":[19],"tags":[89,90,35,39,38,36,37,34,40],"class_list":["post-284282","post","type-post","status-publish","format-standard","has-post-thumbnail","category-izklaide","tag-entertainment","tag-izklaide","tag-latvia","tag-latvian","tag-latviesu","tag-latviesu-valoda","tag-latviesuvaloda","tag-latvija","tag-lv"],"share_on_mastodon":{"url":"https:\/\/pubeurope.com\/@lv\/117206046709897166","error":""},"_links":{"self":[{"href":"https:\/\/www.europesays.com\/lv\/wp-json\/wp\/v2\/posts\/284282","targetHints":{"allow":["GET"]}}],"collection":[{"href":"https:\/\/www.europesays.com\/lv\/wp-json\/wp\/v2\/posts"}],"about":[{"href":"https:\/\/www.europesays.com\/lv\/wp-json\/wp\/v2\/types\/post"}],"author":[{"embeddable":true,"href":"https:\/\/www.europesays.com\/lv\/wp-json\/wp\/v2\/users\/2"}],"replies":[{"embeddable":true,"href":"https:\/\/www.europesays.com\/lv\/wp-json\/wp\/v2\/comments?post=284282"}],"version-history":[{"count":0,"href":"https:\/\/www.europesays.com\/lv\/wp-json\/wp\/v2\/posts\/284282\/revisions"}],"wp:featuredmedia":[{"embeddable":true,"href":"https:\/\/www.europesays.com\/lv\/wp-json\/wp\/v2\/media\/284283"}],"wp:attachment":[{"href":"https:\/\/www.europesays.com\/lv\/wp-json\/wp\/v2\/media?parent=284282"}],"wp:term":[{"taxonomy":"category","embeddable":true,"href":"https:\/\/www.europesays.com\/lv\/wp-json\/wp\/v2\/categories?post=284282"},{"taxonomy":"post_tag","embeddable":true,"href":"https:\/\/www.europesays.com\/lv\/wp-json\/wp\/v2\/tags?post=284282"}],"curies":[{"name":"wp","href":"https:\/\/api.w.org\/{rel}","templated":true}]}}