{"id":284284,"date":"2026-09-03T07:58:20","date_gmt":"2026-09-03T07:58:20","guid":{"rendered":"https:\/\/www.europesays.com\/lv\/284284\/"},"modified":"2026-09-03T07:58:20","modified_gmt":"2026-09-03T07:58:20","slug":"auda-atspelejas-no-02-uzvar-pendeles-un-ieklust-latvijas-kausa-finala","status":"publish","type":"post","link":"https:\/\/www.europesays.com\/lv\/284284\/","title":{"rendered":"&#8220;Auda&#8221; atsp\u0113l\u0113jas no 0:2, uzvar &#8220;pendel\u0113s&#8221; un iek\u013c\u016bst Latvijas kausa fin\u0101l\u0101"},"content":{"rendered":"<p>T\u016bl\u012bt p\u0113c v\u0101rtu guvuma tika fiks\u0113tas pamatlaika beigas, un komandas turpin\u0101ja sp\u0113li pagarin\u0101jum\u0101, kur v\u0101rti g\u016bti netika.<\/p>\n<p>Pirmie p\u0113csp\u0113les sitienus izpild\u012bja &#8220;Auda&#8221; futbolisti. Pirmaj\u0101 s\u0113rij\u0101 Da\u0161\u0137evi\u010ds guva v\u0101rtus, bet Tatija \u010cibindas raid\u012bjumu v\u0101rtu labaj\u0101 apak\u0161\u0113j\u0101 st\u016br\u012b tv\u0113ra Puri\u0146\u0161 &#8211; 1:0 &#8220;Auda&#8221; komandas lab\u0101.<\/p>\n<p>Otraj\u0101 s\u0113rij\u0101 v\u0101rtus guva Kaders Kon\u0113, bet papildlaika beig\u0101s laukum\u0101 n\u0101ku\u0161ais Rinalds Aizups tr\u0101p\u012bja pa labo v\u0101rtu stabu &#8211; 2:0.<\/p>\n<p>Edv\u0113ns Bongemba ar sitienu v\u0101rtu labaj\u0101 pus\u0113, Bekam lecot pret\u0113j\u0101 virzien\u0101, pan\u0101ca 3:0, bet p\u0113c Ziada M&#8217;Handa sitiena bumba tr\u0101p\u012bja Puri\u0146am pa k\u0101j\u0101m un atleca laukum\u0101.<\/p>\n<p>&#8220;Daugavpils&#8221; astotda\u013cfin\u0101l\u0101 izbraukum\u0101 p\u0113c 3:3 120 sp\u0113les min\u016bt\u0113s tikai p\u0113csp\u0113les sitienu s\u0113rij\u0101 ar 6:5 pieveica &#8220;Riga Mariners&#8221; komandu, bet ceturtda\u013cfin\u0101l\u0101 m\u0101j\u0101s ar 3:1 pieveica Ogres &#8220;United&#8221;.<\/p>\n<p>&#8220;Auda&#8221; sav\u0101 laukum\u0101 astotda\u013cfin\u0101l\u0101 ar 1:0 p\u0101rsp\u0113ja &#8220;Liep\u0101ju&#8221;, bet ceturtda\u013cfin\u0101l\u0101 devi\u0146u sp\u0113l\u0113t\u0101ju sast\u0101v\u0101 pamatlaiku nosl\u0113dza ar rezult\u0101tu 2:2 un guva iz\u0161\u0137iro\u0161os v\u0101rtus pagarin\u0101jum\u0101.<\/p>\n<p>\u0160osezon komandas jau tr\u012bsreiz bija tiku\u0161\u0101s virsl\u012bgas sp\u0113l\u0113s. Pirmaj\u0101 no t\u0101m ar 3:2 p\u0101r\u0101ki bija daugavpilie\u0161i, bet n\u0101kam\u0101s divas ar 1:0 uzvar\u0113ja &#8220;Auda&#8221;.<\/p>\n<p>Otr\u0101 pusfin\u0101la sp\u0113l\u0113 &#8220;LNK Sporta parks&#8221; dab\u012bgaj\u0101 laukum\u0101 RFS ceturtdien, plkst. 19, uz\u0146ems &#8220;Riga&#8221; futbolistus.<\/p>\n<p>Fin\u0101lsp\u0113le ir paredz\u0113ta oktobra beig\u0101s.<\/p>\n<p>Latvijas kausa izc\u012b\u0146\u0101 kop\u0161 1936. gada pie presti\u017e\u0101s trofejas ir tiku\u0161as 39 da\u017e\u0101das klubu komandas, bet kop\u0161 valsts neatkar\u012bbas atg\u016b\u0161anas kausu virs galvas ir c\u0113lu\u0161as 13 vien\u012bbas.<\/p>\n<p>Pa\u0161reiz\u0113j\u0101 trofejas glab\u0101t\u0101ja ir &#8220;Auda&#8221; komanda, kas fin\u0101l\u0101 ar 2:1 pieveica &#8220;Riga&#8221; vien\u012bbu.<\/p>\n","protected":false},"excerpt":{"rendered":"T\u016bl\u012bt p\u0113c v\u0101rtu guvuma tika fiks\u0113tas pamatlaika beigas, un komandas turpin\u0101ja sp\u0113li pagarin\u0101jum\u0101, kur v\u0101rti g\u016bti netika. Pirmie&hellip;\n","protected":false},"author":2,"featured_media":284285,"comment_status":"","ping_status":"","sticky":false,"template":"","format":"standard","meta":{"footnotes":"","_share_on_mastodon":"0"},"categories":[17],"tags":[714,676,715,35,39,38,36,37,34,10562,40,67],"class_list":["post-284284","post","type-post","status-publish","format-standard","has-post-thumbnail","category-sports","tag-futbola-jaunumi","tag-futbols","tag-futbols-latvija","tag-latvia","tag-latvian","tag-latviesu","tag-latviesu-valoda","tag-latviesuvaloda","tag-latvija","tag-latvijas-kauss","tag-lv","tag-sports"],"share_on_mastodon":{"url":"https:\/\/pubeurope.com\/@lv\/117206050783121812","error":""},"_links":{"self":[{"href":"https:\/\/www.europesays.com\/lv\/wp-json\/wp\/v2\/posts\/284284","targetHints":{"allow":["GET"]}}],"collection":[{"href":"https:\/\/www.europesays.com\/lv\/wp-json\/wp\/v2\/posts"}],"about":[{"href":"https:\/\/www.europesays.com\/lv\/wp-json\/wp\/v2\/types\/post"}],"author":[{"embeddable":true,"href":"https:\/\/www.europesays.com\/lv\/wp-json\/wp\/v2\/users\/2"}],"replies":[{"embeddable":true,"href":"https:\/\/www.europesays.com\/lv\/wp-json\/wp\/v2\/comments?post=284284"}],"version-history":[{"count":0,"href":"https:\/\/www.europesays.com\/lv\/wp-json\/wp\/v2\/posts\/284284\/revisions"}],"wp:featuredmedia":[{"embeddable":true,"href":"https:\/\/www.europesays.com\/lv\/wp-json\/wp\/v2\/media\/284285"}],"wp:attachment":[{"href":"https:\/\/www.europesays.com\/lv\/wp-json\/wp\/v2\/media?parent=284284"}],"wp:term":[{"taxonomy":"category","embeddable":true,"href":"https:\/\/www.europesays.com\/lv\/wp-json\/wp\/v2\/categories?post=284284"},{"taxonomy":"post_tag","embeddable":true,"href":"https:\/\/www.europesays.com\/lv\/wp-json\/wp\/v2\/tags?post=284284"}],"curies":[{"name":"wp","href":"https:\/\/api.w.org\/{rel}","templated":true}]}}