{"id":284324,"date":"2026-09-03T08:24:08","date_gmt":"2026-09-03T08:24:08","guid":{"rendered":"https:\/\/www.europesays.com\/lv\/284324\/"},"modified":"2026-09-03T08:24:08","modified_gmt":"2026-09-03T08:24:08","slug":"pec-32-sudzibam-par-seksualu-uzmaksanos-dziedatajs-atcel-visu-rudens-turi","status":"publish","type":"post","link":"https:\/\/www.europesays.com\/lv\/284324\/","title":{"rendered":"P\u0113c 32 s\u016bdz\u012bb\u0101m par seksu\u0101lu uzm\u0101k\u0161anos dzied\u0101t\u0101js atce\u013c visu rudens t\u016br\u012b"},"content":{"rendered":"<p class=\"descr\">Patriks Br\u016bels \u0161oruden neuzst\u0101sies. Dzied\u0101t\u0101js otrdien pazi\u0146oja par savas turnejas &#8220;Alors regarde 35&#8221; atcel\u0161anu, kurai bija j\u0101s\u0101kas 2. oktobr\u012b \u0160artr\u0101 un j\u0101atz\u012bm\u0113 vi\u0146a hita albuma 35. gadadiena. \u0160is l\u0113mums tika pie\u0146emts p\u0113c tam, kad vi\u0146a turneja uz vair\u0101k\u0101m ned\u0113\u013c\u0101m bija aptur\u0113ta saist\u012bb\u0101 ar intens\u012bvu str\u012bdu par pret vi\u0146u izvirz\u012btaj\u0101m seksu\u0101l\u0101s vardarb\u012bbas aps\u016bdz\u012bb\u0101m, v\u0113sta euronews.com.<\/p>\n<p>Pazi\u0146ojumu <a href=\"https:\/\/nra.lv\/birka\/dziedatajs\/\" target=\"_blank\" rel=\"noopener nofollow\">dzied\u0101t\u0101js<\/a> sniedza sav\u0101 &#8220;Instagram&#8221; kont\u0101. Vi\u0146\u0161 paskaidroja, ka jau sen v\u0113l\u0113jies turpin\u0101t \u0161os koncertus, ta\u010du uzskata, ka apst\u0101k\u013ci vairs nav piem\u0113roti, lai turneja paliktu par &#8220;m\u016bzikas un dal\u012b\u0161an\u0101s mirk\u013ciem&#8221;. Vi\u0146\u0161 teica, ka &#8220;izv\u0113las mierm\u012bl\u012bgu risin\u0101jumu&#8221; , un apliecin\u0101ja visiem, ka \u0161is l\u0113mums nenoz\u012bm\u0113, ka vi\u0146\u0161 atsak\u0101s no savas tiesved\u012bbas.<\/p>\n<p>Turnej\u0101 bija paredz\u0113ti 35 koncerti, galvenok\u0101rt <a href=\"https:\/\/nra.lv\/birka\/francija\/\" target=\"_blank\" rel=\"noopener nofollow\">Francij\u0101<\/a>, k\u0101 ar\u012b Brisel\u0113 un \u017den\u0113v\u0101. P\u0113d\u0113j\u0101s ned\u0113\u013c\u0101s t\u0101 bija s\u0101kusi izrais\u012bt iev\u0113rojamas diskusijas. Vair\u0101kas iev\u0113l\u0113tas amatpersonas, \u012bpa\u0161i Di\u017eonas, Strasb\u016bras, Sentetj\u0113na un Nans\u012b m\u0113ri, iebilda pret dzied\u0101t\u0101ja uzst\u0101\u0161anos sav\u0101s pils\u0113t\u0101s, savuk\u0101rt citi kritiz\u0113ja \u0161o koncertu turpin\u0101\u0161anu, \u0146emot v\u0113r\u0101 tiesved\u012bbas saasin\u0101\u0161anos.<\/p>\n<p>Lieta ieguva jaunu dimensiju pavasar\u012b p\u0113c tam, kad tika public\u0113tas vair\u0101kas sievie\u0161u liec\u012bbas, kur\u0101s Patriku Br\u016belu aps\u016bdz <a href=\"https:\/\/nra.lv\/birka\/seksuala-vardarbiba\/\" target=\"_blank\" rel=\"noopener nofollow\">seksu\u0101l\u0101 vardarb\u012bb\u0101<\/a>. Kop\u0161 t\u0101 laika s\u016bdz\u012bbu skaits ir pieaudzis gan Francij\u0101, gan Be\u013c\u0123ij\u0101. Zin\u0101mo s\u016bdz\u012bbu skaits tagad ir sasniedzis 32 par darb\u012bb\u0101m, s\u0101kot no seksu\u0101las uzm\u0101k\u0161an\u0101s l\u012bdz seksu\u0101lai vardarb\u012bbai, tostarp aps\u016bdz\u012bb\u0101m par izvaro\u0161anas m\u0113\u0123in\u0101jumu un izvaro\u0161anu.<\/p>\n<p>P\u0113c 48 stundu aiztur\u0113\u0161anas j\u016bnij\u0101 <a href=\"https:\/\/nra.lv\/latvija\/kriminalzinas\/523242-patriks-bruels-apsudzets-izvarosana-un-seksuala-uzbrukuma.htm\" data-item-link=\"true\" data-item-id=\"523242\" rel=\"nofollow noopener\" target=\"_blank\">Patriks Br\u016bels<\/a> tika nog\u0101d\u0101ts vair\u0101ku izmekl\u0113\u0161anas tiesne\u0161u priek\u0161\u0101. 10. j\u016bnij\u0101 vi\u0146am tika izvirz\u012btas ofici\u0101las aps\u016bdz\u012bbas \u010detr\u0101s liet\u0101s par iesp\u0113jamu izvaro\u0161anu, izvaro\u0161anas m\u0113\u0123in\u0101jumu, seksu\u0101lu uzbrukumu un seksu\u0101lu uzm\u0101k\u0161anos.<\/p>\n<p>\u010cetros citos gad\u012bjumos vi\u0146am tika piem\u0113rots liecinieka ar pal\u012bdz\u012bbu statuss, kas noz\u012bm\u0113, ka tieslietu sist\u0113ma vi\u0146u tur aizdom\u0101s par dal\u012bbu \u0161aj\u0101s darb\u012bb\u0101s, ta\u010du sav\u0101ktie pier\u0101d\u012bjumi \u0161aj\u0101 posm\u0101 nepier\u0101da ofici\u0101l\u0101s <a href=\"https:\/\/nra.lv\/birka\/apsudzibas\/\" target=\"_blank\" rel=\"noopener nofollow\">aps\u016bdz\u012bbas<\/a>.<\/p>\n<p>\t\t\t\t\t\tinfo<\/p>\n<p>Uzzini pirmais<br \/>kas interesants noticis Latvij\u0101 un pasaul\u0113,<br \/>pievienojoties mums <a href=\"https:\/\/t.me\/neatkariga\" rel=\"nofollow\">Telegram<\/a> vai <a href=\"https:\/\/whatsapp.com\/channel\/0029VaMLFUH5K3zLU5s4wm3y\" rel=\"nofollow noopener\" target=\"_blank\">Whatsapp<\/a> kan\u0101l\u0101<\/p>\n","protected":false},"excerpt":{"rendered":"Patriks Br\u016bels \u0161oruden neuzst\u0101sies. Dzied\u0101t\u0101js otrdien pazi\u0146oja par savas turnejas &#8220;Alors regarde 35&#8221; atcel\u0161anu, kurai bija j\u0101s\u0101kas 2.&hellip;\n","protected":false},"author":2,"featured_media":284325,"comment_status":"","ping_status":"","sticky":false,"template":"","format":"standard","meta":{"footnotes":"","_share_on_mastodon":"0"},"categories":[14],"tags":[23,57,28,29,32,33,22,30,31,35,39,38,36,37,34,40,20,26,27,24,25,54,55,56,21,58],"class_list":["post-284324","post","type-post","status-publish","format-standard","has-post-thumbnail","category-zinas-no-arvalstim","tag-aktualitates","tag-arvalstim","tag-breaking-news","tag-breakingnews","tag-featured-news","tag-featurednews","tag-headlines","tag-latest-news","tag-latestnews","tag-latvia","tag-latvian","tag-latviesu","tag-latviesu-valoda","tag-latviesuvaloda","tag-latvija","tag-lv","tag-news","tag-popularakas-zinas","tag-popularakaszinas","tag-top-stories","tag-topstories","tag-world","tag-world-news","tag-worldnews","tag-zinas","tag-zinas-no-arvalstim"],"share_on_mastodon":{"url":"https:\/\/pubeurope.com\/@lv\/117206153000052327","error":""},"_links":{"self":[{"href":"https:\/\/www.europesays.com\/lv\/wp-json\/wp\/v2\/posts\/284324","targetHints":{"allow":["GET"]}}],"collection":[{"href":"https:\/\/www.europesays.com\/lv\/wp-json\/wp\/v2\/posts"}],"about":[{"href":"https:\/\/www.europesays.com\/lv\/wp-json\/wp\/v2\/types\/post"}],"author":[{"embeddable":true,"href":"https:\/\/www.europesays.com\/lv\/wp-json\/wp\/v2\/users\/2"}],"replies":[{"embeddable":true,"href":"https:\/\/www.europesays.com\/lv\/wp-json\/wp\/v2\/comments?post=284324"}],"version-history":[{"count":0,"href":"https:\/\/www.europesays.com\/lv\/wp-json\/wp\/v2\/posts\/284324\/revisions"}],"wp:featuredmedia":[{"embeddable":true,"href":"https:\/\/www.europesays.com\/lv\/wp-json\/wp\/v2\/media\/284325"}],"wp:attachment":[{"href":"https:\/\/www.europesays.com\/lv\/wp-json\/wp\/v2\/media?parent=284324"}],"wp:term":[{"taxonomy":"category","embeddable":true,"href":"https:\/\/www.europesays.com\/lv\/wp-json\/wp\/v2\/categories?post=284324"},{"taxonomy":"post_tag","embeddable":true,"href":"https:\/\/www.europesays.com\/lv\/wp-json\/wp\/v2\/tags?post=284324"}],"curies":[{"name":"wp","href":"https:\/\/api.w.org\/{rel}","templated":true}]}}