{"id":284328,"date":"2026-09-03T08:26:13","date_gmt":"2026-09-03T08:26:13","guid":{"rendered":"https:\/\/www.europesays.com\/lv\/284328\/"},"modified":"2026-09-03T08:26:13","modified_gmt":"2026-09-03T08:26:13","slug":"kugojot-pa-ventspils-ostu-pec-25-gadiem-atklata-jauna-ekspozicija-ventspils-muzeja-torni-raksts","status":"publish","type":"post","link":"https:\/\/www.europesays.com\/lv\/284328\/","title":{"rendered":"Ku\u0123ojot pa Ventspils ostu \u2013 p\u0113c 25 gadiem atkl\u0101ta jauna ekspoz\u012bcija Ventspils muzeja torn\u012b \/ Raksts"},"content":{"rendered":"<p>3.\u00a0septembr\u012b durvis apmekl\u0113t\u0101jiem ver jaun\u0101 pils tor\u0146a ekspoz\u012bcija Ventspils muzej\u0101, kas v\u0113sta par ostas un pils\u0113tas att\u012bst\u012bbu no 13.\u00a0l\u012bdz 19.\u00a0gadsimtam. Apjom\u012bg\u0101 projekta laik\u0101, kas izmaks\u0101jis teju pusmiljonu eiro, tapusi ne tikai m\u016bsdien\u012bga un daudzpus\u012bga ekspoz\u012bcija ar da\u017e\u0101diem digit\u0101liem risin\u0101jumiem un sp\u0113l\u0113m, bet notiku\u0161i ar\u012b Ventspils Livonijas orde\u0146a pils tor\u0146a konserv\u0101cijas un\u00a0restaur\u0101cijas darbi. Projektam izdevies piesaist\u012bt Eiropas J\u016brlietu, zvejniec\u012bbas un akvakult\u016bras fonda finans\u0113jumu (EJZAF).<\/p>\n<p>Tagad muzeja direktore Solvita \u016adre\u00a0uz padar\u012bto var atskat\u012bties ar gandar\u012bjumu. Izdevies atrast nepiecie\u0161amo finans\u0113jumu \u0161\u0101da m\u0113roga iecerei, jo bija pien\u0101cis laiks vec\u0101s ekspoz\u012bcijas main\u012bt. Proces\u0101 bija iesaist\u012bta visa muzeja komanda, st\u0101sta direktore: &#8220;Livonijas orde\u0146a pil\u012b ekspoz\u012bcijas ir veidotas 2001.\u00a0gad\u0101. Ekspoz\u012bcij\u0101m ir 25 gadi. Tas, kas kaut cik\u00a0bija digit\u0101li, \u2013\u00a0\u0161ie digit\u0101lie risin\u0101jumi ir saboj\u0101ju\u0161ies, un tos vairs nevar atjaunot. Bija j\u0101s\u0101k dom\u0101t par jaun\u0101m ekspoz\u012bcij\u0101m. K\u0101ds tad ir s\u0101kums? S\u0101kums ir koncepcija, kad m\u0113s lik\u0101m uz pap\u012bra telpas, z\u012bm\u0113j\u0101m, skat\u012bj\u0101mies, pr\u0101toj\u0101m, ko var\u0113tu jaunaj\u0101s ekspoz\u012bcij\u0101s par\u0101d\u012bt, k\u0101di jauni atkl\u0101jumi arheolo\u0123iskajos izrakumos vai p\u0113tniec\u012bbas rezult\u0101t\u0101 ir ieg\u016bti par Ventspils pils\u0113tu, Ventspils novadu.&#8221;<\/p>\n<p>Muzeja vado\u0161ais p\u0113tnieks Armands Vijups uzsver, ka pirms 25 gadiem, kad tapa tolaik modern\u0101s ekspoz\u012bcijas, cilv\u0113kiem biju\u0161i telefoni ar podzi\u0146\u0101m un ar m\u0101ksl\u012bgo intelektu tika saprasts kas pavisam cits. Veidojot ekspoz\u012bciju, dom\u0101ts par to, k\u0101 tehnolo\u0123iju progress ietekm\u0113jis cilv\u0113ku apzi\u0146u un sp\u0113ju uztvert inform\u0101ciju: &#8220;Ir j\u0101b\u016bt interesanti, t\u0101p\u0113c ir daudz sp\u0113\u013cu. M\u0113s var\u0113tu teikt \u2013 gan vienai vecuma grupai, gan otrai vecuma grupai. Es dom\u0101ju jaun\u0101kos apmekl\u0113t\u0101jus,<\/p>\n<blockquote>\n<p>bet prakse r\u0101da \u2013\u00a0ja kaut kas ir dom\u0101ts mazajiem apmekl\u0113t\u0101jiem, tad ar\u012b lielie apmekl\u0113t\u0101ji da\u017ek\u0101rt to izpilda ar v\u0113l liel\u0101ku prieku.<\/p>\n<\/blockquote>\n<p>Tas atkal stimul\u0113 t\u0101du labdab\u012bgu attieksmi pret to, kas tiek st\u0101st\u012bts, un vairo interesi. Mums \u0161\u0137iet, ka esam m\u0113\u0123in\u0101ju\u0161i izdar\u012bt lab\u0101ko, ko var.&#8221;<\/p>\n<p>            <img decoding=\"async\" src=\"https:\/\/www.europesays.com\/lv\/wp-content\/uploads\/2026\/09\/u2ou.jpg\" alt=\"Ventspils muzeja vado\u0161ais p\u0113tnieks Armands Vijups\"\/><\/p>\n<p>Foto: Inga Ozola \/ Latvijas Radio<\/p>\n<p>Ventspils muzeja vado\u0161ais p\u0113tnieks Armands Vijups<\/p>\n<\/p>\n<p>To, ka b\u016bs interesenti gan mazam b\u0113rnam, gan filozofijas doktoram,\u00a0sarun\u0101 apliecina ar\u012b SIA &#8220;A\u0123ent\u016bra Raugs&#8221; vad\u012bt\u0101ja un rado\u0161\u0101 direktore Gundega Kalendra. A\u0123ent\u016bra kop\u0101 ar sadarb\u012bbas partneriem multimediju jom\u0101 un cie\u0161\u0101 sasaist\u0113 ar muzeja darbiniekiem veidoja ekspoz\u012bciju. Izmantotas da\u017e\u0101das ma\u0146as \u2013\u00a0muc\u0101 var pataust\u012bt graudus un uzdurties k\u0101dam m\u012bkstam p\u0101rsteigumam, digit\u0101li uzz\u012bm\u0113t \u012bpa\u0161uma z\u012bmes, kas sen\u0101k izmantotas uz muc\u0101m, pa\u0161am st\u016br\u0113t ku\u0123i, izj\u016btot j\u016bras vi\u013c\u0146o\u0161anos, un klaus\u012bties da\u017e\u0101dus st\u0101stus par Ventspili:\u00a0&#8220;Ir t\u0101lskatis, kur vari skat\u012bties j\u016br\u0101 un redz\u0113t t\u0101lum\u0101 citus viduslaiku ku\u0123us. T\u0101das interakt\u012bvas iesaistes ir \u013coti daudz un visos st\u016br\u012b\u0161os. J\u016bs saj\u016btat \u0161eit smar\u017eu? Ir audio. [Skraida \u017eurkas.]\u00a0Starp citu, ir nevis vienk\u0101r\u0161i \u017eurka, bet t\u0101 gadsimta speci\u0101l\u0101 \u0161\u0137irne. T\u0101s tolaik bija maz\u0101kas. \u0160eit ir \u013coti daudz autentisku deta\u013cu,\u00a0piem\u0113ram, ku\u0123is ir b\u016bv\u0113ts \u2013\u00a0tas nav no &#8220;Depo&#8221; veikala koka.<\/p>\n<blockquote>\n<p>Vi\u0146i visi ir ar rok\u0101m, cirv\u012bti apt\u0113sti, t\u0101s naglas ir kaltas. (..) Te ik uz so\u013ca ir t\u0101das deta\u013cas, kas patie\u0161\u0101m ar rok\u0101m tais\u012btas.&#8221;<\/p>\n<\/blockquote>\n<p>            <img decoding=\"async\" src=\"https:\/\/www.europesays.com\/lv\/wp-content\/uploads\/2026\/09\/u2p2.jpg\" alt=\"Pils tor\u0146a ekspoz\u012bcija Ventspils muzej\u0101\"\/><\/p>\n<p>Foto: Inga Ozola \/ Latvijas Radio<\/p>\n<p>Pils tor\u0146a ekspoz\u012bcija Ventspils muzej\u0101<\/p>\n<\/p>\n<p>Ekspoz\u012bcij\u0101 ir gan reprodukcijas, gan ori\u0123in\u0101li priek\u0161meti. Noz\u012bm\u012bga da\u013ca ir ar\u012b krogs, ko Gundega Kalendra sal\u012bdzina ar m\u016bsdienu soci\u0101lajiem medijiem: &#8220;Mums ir vesels kroga st\u016bris, kas kaut k\u0101d\u0101 zi\u0146\u0101 ir m\u016bsdienu &#8220;Facebook&#8221; vai soci\u0101lo mediju analogs. Jo krogs hercogistes laikos bija t\u0101 vieta, kur bija visas zi\u0146as. Pirmk\u0101rt, visas tenkas, kur notika dar\u012bjumi. Hercogistes laiks ir romantisk\u0101kais, bet tas bija ar\u012b skarbs laiks v\u0113stur\u0113. Ventspil\u012b bija gr\u016bti laiki \u2013 m\u0113ris, ar\u012b smiltis ieputin\u0101ja, un faktiski sav\u0101 zi\u0146\u0101 [t\u0101s] ap\u0113da pils\u0113tu. Pils\u0113ta p\u0101rc\u0113l\u0101s t\u0101l\u0101k no j\u016bras, bet tur ir \u013coti daudz skaistu un romantisku,\u00a0un izt\u0113li veicino\u0161u lietu. Tur ir skaisti trauki, tur ir z\u012bda audumi, pirmie ce\u013cojumi uz Tob\u0101go un Gambiju.&#8221;<\/p>\n<p>            <img decoding=\"async\" src=\"https:\/\/www.europesays.com\/lv\/wp-content\/uploads\/2026\/09\/u2p7.jpg\" alt=\"Pils tor\u0146a ekspoz\u012bcija Ventspils muzej\u0101\"\/><\/p>\n<p>Foto: Inga Ozola \/ Latvijas Radio<\/p>\n<p>Pils tor\u0146a ekspoz\u012bcija Ventspils muzej\u0101<\/p>\n<\/p>\n<p>Ventspils ir sen\u0101k\u0101 j\u016bras osta Latvijas teritorij\u0101, uzsver p\u0113tnieks Armands Vijups, un ar\u012b tas att\u0113lots ekspoz\u012bcij\u0101: &#8220;Ventspilnieku un apmekl\u0113t\u0101ju apzi\u0146\u0101 esam pamain\u012bju\u0161i \u2013 pils\u0113tas sen\u0101kais nosaukums, ko redzam z\u012bmog\u0101, kart\u0113s, dokumentos, ir Winda.&#8221;<\/p>\n<p>Ventspils muzej\u0101 apskat\u0101mi tr\u012bs st\u0101vi un\u00a0tr\u012bs laikmeti, s\u0101kot no pils\u0113tas dzim\u0161anas:\u00a013.\u00a0gadsimts un Livonijas posms, tam seko Kurzemes un Zemgales hercogiste \u2013 16.\u00a0gadsimta otr\u0101 pus\u0113\u00a0l\u012bdz 18.\u00a0gadsimtam \u2013\u00a0un Kurzemes guber\u0146as laiks. Tapis ar\u012b ekspoz\u012bcijas pavado\u0161ais materi\u0101ls \u2013<\/p>\n<blockquote>\n<p>ce\u013cvedis &#8220;Ku\u0123ojot pa\u00a0Ventspils ostu&#8221;, kas pal\u012bdz orient\u0113ties ekspoz\u012bcij\u0101 un jaun\u0101kajiem apmekl\u0113t\u0101jiem saprotam\u0101 veid\u0101 iepaz\u012bt Ventspils ostas un pils\u0113tas v\u0113sturi.<\/p>\n<\/blockquote>\n<p>            <img decoding=\"async\" src=\"https:\/\/www.europesays.com\/lv\/wp-content\/uploads\/2026\/09\/u2p4.jpg\" alt=\"Pils tor\u0146a ekspoz\u012bcija Ventspils muzej\u0101\"\/><\/p>\n<p>Foto: Inga Ozola \/ Latvijas Radio<\/p>\n<p>Pils tor\u0146a ekspoz\u012bcija Ventspils muzej\u0101<\/p>\n<\/p>\n<p>Pils tor\u0146a konserv\u0113jo\u0161o restaur\u0101ciju saska\u0146\u0101 ar arhitekta P\u0113tera Bl\u016bma ( SIA &#8220;Konvents&#8221;) izstr\u0101d\u0101tajiem ieteikumiem veica SIA &#8220;Marbella RN Group&#8221;.<\/p>\n<p style=\"text-align:right\"><a href=\"https:\/\/www.lsm.lv\/temas\/muzeji\/\" target=\"_blank\" class=\"lsm-link\" data-type=\"theme\" data-id=\"6234\" rel=\"nofollow noopener\">Vair\u0101k<\/a><\/p>\n<p>                    Valodas k\u013c\u016bda rakst\u0101?<\/p>\n<p class=\"d-none d-md-block\">Iez\u012bm\u0113jiet tekstu un spiediet Ctrl+Enter, lai nos\u016bt\u012btu labojamo teksta fragmentu redaktoram! Par faktu k\u013c\u016bd\u0101m l\u016bdzam zi\u0146ot e-past\u0101 redakcija@lsm.lv.<\/p>\n<p class=\"d-md-none\">Iez\u012bm\u0113jiet tekstu un spiediet uz Zi\u0146ot par k\u013c\u016bdu pogas, lai nos\u016bt\u012btu labojamo teksta fragmentu redaktoram!<\/p>\n<p>\n                    Zi\u0146ot par k\u013c\u016bdu\n                <\/p>\n","protected":false},"excerpt":{"rendered":"3.\u00a0septembr\u012b durvis apmekl\u0113t\u0101jiem ver jaun\u0101 pils tor\u0146a ekspoz\u012bcija Ventspils muzej\u0101, kas v\u0113sta par ostas un pils\u0113tas att\u012bst\u012bbu no&hellip;\n","protected":false},"author":2,"featured_media":284329,"comment_status":"","ping_status":"","sticky":false,"template":"","format":"standard","meta":{"footnotes":"","_share_on_mastodon":"0"},"categories":[5],"tags":[23,28,29,32,33,22,30,31,35,39,38,36,37,34,40,20,26,27,24,25,21],"class_list":["post-284328","post","type-post","status-publish","format-standard","has-post-thumbnail","category-aktualitates","tag-aktualitates","tag-breaking-news","tag-breakingnews","tag-featured-news","tag-featurednews","tag-headlines","tag-latest-news","tag-latestnews","tag-latvia","tag-latvian","tag-latviesu","tag-latviesu-valoda","tag-latviesuvaloda","tag-latvija","tag-lv","tag-news","tag-popularakas-zinas","tag-popularakaszinas","tag-top-stories","tag-topstories","tag-zinas"],"share_on_mastodon":{"url":"https:\/\/pubeurope.com\/@lv\/117206161361641674","error":""},"_links":{"self":[{"href":"https:\/\/www.europesays.com\/lv\/wp-json\/wp\/v2\/posts\/284328","targetHints":{"allow":["GET"]}}],"collection":[{"href":"https:\/\/www.europesays.com\/lv\/wp-json\/wp\/v2\/posts"}],"about":[{"href":"https:\/\/www.europesays.com\/lv\/wp-json\/wp\/v2\/types\/post"}],"author":[{"embeddable":true,"href":"https:\/\/www.europesays.com\/lv\/wp-json\/wp\/v2\/users\/2"}],"replies":[{"embeddable":true,"href":"https:\/\/www.europesays.com\/lv\/wp-json\/wp\/v2\/comments?post=284328"}],"version-history":[{"count":0,"href":"https:\/\/www.europesays.com\/lv\/wp-json\/wp\/v2\/posts\/284328\/revisions"}],"wp:featuredmedia":[{"embeddable":true,"href":"https:\/\/www.europesays.com\/lv\/wp-json\/wp\/v2\/media\/284329"}],"wp:attachment":[{"href":"https:\/\/www.europesays.com\/lv\/wp-json\/wp\/v2\/media?parent=284328"}],"wp:term":[{"taxonomy":"category","embeddable":true,"href":"https:\/\/www.europesays.com\/lv\/wp-json\/wp\/v2\/categories?post=284328"},{"taxonomy":"post_tag","embeddable":true,"href":"https:\/\/www.europesays.com\/lv\/wp-json\/wp\/v2\/tags?post=284328"}],"curies":[{"name":"wp","href":"https:\/\/api.w.org\/{rel}","templated":true}]}}