{"id":284330,"date":"2026-09-03T08:29:09","date_gmt":"2026-09-03T08:29:09","guid":{"rendered":"https:\/\/www.europesays.com\/lv\/284330\/"},"modified":"2026-09-03T08:29:09","modified_gmt":"2026-09-03T08:29:09","slug":"klat-skatitaju-iemilotas-strategiskas-speles-limuzins-davana-jauna-sezona","status":"publish","type":"post","link":"https:\/\/www.europesays.com\/lv\/284330\/","title":{"rendered":"Kl\u0101t skat\u012bt\u0101ju iem\u012b\u013cot\u0101s strat\u0113\u0123isk\u0101s sp\u0113les &#8220;Limuz\u012bns d\u0101van\u0101&#8221; jaun\u0101 sezona"},"content":{"rendered":"<p class=\"MsoNormal\">Sp\u0113les vad\u012bt\u0101ja un pils saimnieka lom\u0101 \u0161aj\u0101 sezon\u0101 iejut\u012bsies aktieris Lauris Subatnieks, kur\u0161 dal\u012bbniekiem b\u016bs sagatavojis ne tikai nopietnus p\u0101rbaud\u012bjumus, bet ar\u012b p\u0101rsteigumus.<\/p>\n<p><img decoding=\"async\" class=\"figure__image\" onclick=\"triggerEvent('articleImageClick', { id: 17892843, focus: 'single-image', focusIndex: '17892843' })\" onkeydown=\"if (event.key === 'Enter') {&#10;        triggerEvent('articleImageClick', { id: 17892843, focus: 'single-image', focusIndex: '17892843' })&#10;        }\" role=\"button\" tabindex=\"0\" data-focus-from=\"single-image\" data-focus-index=\"17892843\" src=\"https:\/\/www.europesays.com\/lv\/wp-content\/uploads\/2026\/09\/17892843t1h7bc8.jpg\"  onload=\"this.parentElement.classList.remove('figure__image-loading')\" alt=\"Lauris Subatnieks.\"\/>Lauris Subatnieks. Foto: Publicit\u0101tes foto<\/p>\n<p class=\"MsoNormal\">At\u0161\u0137ir\u012bb\u0101 no iepriek\u0161\u0113j\u0101s &#8220;Limuz\u012bns d\u0101van\u0101&#8221; sezonas, \u0161oreiz gaid\u0101mi ar\u012b jaunumi sp\u0113les noteikumos \u2013 main\u012bti gan grupu nosaukumi, gan veids, k\u0101d\u0101 dal\u012bbnieki var\u0113s ieg\u016bt bonusus no sp\u0113les vad\u012bt\u0101ja.<\/p>\n<p class=\"MsoNormal\">Sp\u0113le s\u0101ksies ar smalk\u0101m vakari\u0146\u0101m, kur\u0101s dal\u012bbniekus uz\u0146ems Lauris Subatnieks.<\/p>\n<blockquote class=\"quote ck-widget\" contenteditable=\"false\">\n<p>Br\u012bd\u012b, kad visi pirmo reizi dosies apl\u016bkot automa\u0161\u012bnu, ar kuru k\u0101ds no vi\u0146iem v\u0113l\u0101k var\u0113s doties m\u0101j\u0101s, atsl\u0113ga jau b\u016bs non\u0101kusi viena dal\u012bbnieka rok\u0101s&#8230;<\/p>\n<\/blockquote>\n<p class=\"MsoNormal\">Tas noz\u012bm\u0113, ka p\u0101r\u0113jie dal\u012bbnieki jau var s\u0101kt v\u0113rot un m\u0113\u0123in\u0101t uzmin\u0113t, kur\u0161 ir \u012bstais kandid\u0101ts uz izbalso\u0161anu!<\/p>\n<p class=\"MsoNormal\">Kur\u0161 prot vislab\u0101k melot? Kur\u0161 sp\u0113s nolas\u012bt citus? Kuras alianses izdz\u012bvos, un kur\u0161 \u012bstaj\u0101 br\u012bd\u012b nodos sav\u0113jos?<\/p>\n<p class=\"MsoNormal\">Strat\u0113\u0123ijas sp\u0113les &#8220;Limuz\u012bns d\u0101van\u0101&#8221; 2. sezona \u2013 no 15. septembra katru otrdienu plkst. 21.25 kan\u0101l\u0101 360 un izklaides platform\u0101 Tet+.<\/p>\n<p class=\"MsoNormal\">Turkl\u0101t 15. septembr\u012b skat\u012bt\u0101jus sagaida \u012bpa\u0161s sezonas starts \u2013 jau pirmaj\u0101 vakar\u0101 b\u016bs skat\u0101mas uzreiz divas pirm\u0101s raid\u012bjuma epizodes p\u0113c k\u0101rtas!<\/p>\n","protected":false},"excerpt":{"rendered":"Sp\u0113les vad\u012bt\u0101ja un pils saimnieka lom\u0101 \u0161aj\u0101 sezon\u0101 iejut\u012bsies aktieris Lauris Subatnieks, kur\u0161 dal\u012bbniekiem b\u016bs sagatavojis ne tikai&hellip;\n","protected":false},"author":2,"featured_media":284331,"comment_status":"","ping_status":"","sticky":false,"template":"","format":"standard","meta":{"footnotes":"","_share_on_mastodon":"0"},"categories":[16],"tags":[77,76,35,39,38,36,37,34,25926,40],"class_list":["post-284330","post","type-post","status-publish","format-standard","has-post-thumbnail","category-bizness","tag-bizness","tag-business","tag-latvia","tag-latvian","tag-latviesu","tag-latviesu-valoda","tag-latviesuvaloda","tag-latvija","tag-limuzins-davana","tag-lv"],"share_on_mastodon":{"url":"https:\/\/pubeurope.com\/@lv\/117206172887128791","error":""},"_links":{"self":[{"href":"https:\/\/www.europesays.com\/lv\/wp-json\/wp\/v2\/posts\/284330","targetHints":{"allow":["GET"]}}],"collection":[{"href":"https:\/\/www.europesays.com\/lv\/wp-json\/wp\/v2\/posts"}],"about":[{"href":"https:\/\/www.europesays.com\/lv\/wp-json\/wp\/v2\/types\/post"}],"author":[{"embeddable":true,"href":"https:\/\/www.europesays.com\/lv\/wp-json\/wp\/v2\/users\/2"}],"replies":[{"embeddable":true,"href":"https:\/\/www.europesays.com\/lv\/wp-json\/wp\/v2\/comments?post=284330"}],"version-history":[{"count":0,"href":"https:\/\/www.europesays.com\/lv\/wp-json\/wp\/v2\/posts\/284330\/revisions"}],"wp:featuredmedia":[{"embeddable":true,"href":"https:\/\/www.europesays.com\/lv\/wp-json\/wp\/v2\/media\/284331"}],"wp:attachment":[{"href":"https:\/\/www.europesays.com\/lv\/wp-json\/wp\/v2\/media?parent=284330"}],"wp:term":[{"taxonomy":"category","embeddable":true,"href":"https:\/\/www.europesays.com\/lv\/wp-json\/wp\/v2\/categories?post=284330"},{"taxonomy":"post_tag","embeddable":true,"href":"https:\/\/www.europesays.com\/lv\/wp-json\/wp\/v2\/tags?post=284330"}],"curies":[{"name":"wp","href":"https:\/\/api.w.org\/{rel}","templated":true}]}}