{"id":284332,"date":"2026-09-03T08:30:23","date_gmt":"2026-09-03T08:30:23","guid":{"rendered":"https:\/\/www.europesays.com\/lv\/284332\/"},"modified":"2026-09-03T08:30:23","modified_gmt":"2026-09-03T08:30:23","slug":"egipte-autobusa-avarija-gajusi-boja-vairak-neka-20-cilveki","status":"publish","type":"post","link":"https:\/\/www.europesays.com\/lv\/284332\/","title":{"rendered":"\u0112\u0123ipt\u0113 autobusa av\u0101rij\u0101 g\u0101ju\u0161i boj\u0101 vair\u0101k nek\u0101 20 cilv\u0113ki"},"content":{"rendered":"<p class=\"descr\">Autobusa av\u0101rij\u0101 \u0112\u0123iptes dienvidu S\u012bn\u0101ja pussal\u0101 g\u0101ju\u0161i boj\u0101 vismaz 20 cilv\u0113ki, bet v\u0113l 29 ievainoti, zi\u0146o \u201cSky News\u201d.<\/p>\n<p>Saska\u0146\u0101 ar sniegto inform\u0101ciju, \u0161\u012b teritorija ir<a href=\"https:\/\/nra.lv\/tautaruna\/citi\/525032-noslepumaina-nave-egipte-krievu-turiste-koma-pec-peldes.htm\" data-item-link=\"true\" data-item-id=\"525032\" rel=\"nofollow noopener\" target=\"_blank\"> iecien\u012bta t\u016bristu vid\u016b<\/a>, \u012bpa\u0161i to, kurus interes\u0113 nir\u0161ana un snorkel\u0113\u0161ana.<\/p>\n<p>Saska\u0146\u0101 ar \u0112\u0123iptes Vesel\u012bbas ministrijas sniegto inform\u0101ciju, negad\u012bjums notika uz ce\u013ca starp Dahabu un Nuveibu.<\/p>\n<p>Dahaba atrodas aptuveni 80 kilometrus uz zieme\u013ciem no \u0160arm e\u0161 \u0160eihas un ir popul\u0101rs t\u016bristu galam\u0113r\u0137is, pateicoties Sarkan\u0101s j\u016bras k\u016brortiem un \u016bdenssporta iesp\u0113j\u0101m.<\/p>\n<p>\u0112\u0123iptes Vesel\u012bbas p\u0101rvaldes vad\u012bt\u0101js Dr. Ahmeds Al-Sabki zi\u0146oja, ka ievainotie s\u0101kotn\u0113ji tika nog\u0101d\u0101ti viet\u0113j\u0101 medic\u012bnas centr\u0101. Da\u017ei p\u0113c tam tika p\u0101rvesti uz \u0160arm e\u0161 \u0160eihas Starptautisko, Sv\u0113t\u0101s Katr\u012bnas un Al-Fairuzas slimn\u012bc\u0101m.<\/p>\n<p>Pag\u0101ju\u0161aj\u0101 m\u0113nes\u012b \u0112\u0123ipt\u0113 notika v\u0113l viens n\u0101v\u0113jo\u0161s ce\u013cu satiksmes negad\u012bjums, kad Ismailijas guber\u0146\u0101 apg\u0101z\u0101s pikaps ar str\u0101dniekiem. Piecpadsmit cilv\u0113ki g\u0101ja boj\u0101 un 32 tika ievainoti. Negad\u012bjums notika net\u0101lu no Al-Shabab elektrostacijas Al-Davavisas rajon\u0101.<\/p>\n<p>\t\t\t\t\t\tinfo<\/p>\n<p>Uzzini pirmais<br \/>kas interesants noticis Latvij\u0101 un pasaul\u0113,<br \/>pievienojoties mums <a href=\"https:\/\/t.me\/neatkariga\" rel=\"nofollow\">Telegram<\/a> vai <a href=\"https:\/\/whatsapp.com\/channel\/0029VaMLFUH5K3zLU5s4wm3y\" rel=\"nofollow noopener\" target=\"_blank\">Whatsapp<\/a> kan\u0101l\u0101<\/p>\n","protected":false},"excerpt":{"rendered":"Autobusa av\u0101rij\u0101 \u0112\u0123iptes dienvidu S\u012bn\u0101ja pussal\u0101 g\u0101ju\u0161i boj\u0101 vismaz 20 cilv\u0113ki, bet v\u0113l 29 ievainoti, zi\u0146o \u201cSky News\u201d.&hellip;\n","protected":false},"author":2,"featured_media":284333,"comment_status":"","ping_status":"","sticky":false,"template":"","format":"standard","meta":{"footnotes":"","_share_on_mastodon":"0"},"categories":[14],"tags":[23,57,28,29,32,33,22,30,31,35,39,38,36,37,34,40,20,26,27,24,25,54,55,56,21,58],"class_list":["post-284332","post","type-post","status-publish","format-standard","has-post-thumbnail","category-zinas-no-arvalstim","tag-aktualitates","tag-arvalstim","tag-breaking-news","tag-breakingnews","tag-featured-news","tag-featurednews","tag-headlines","tag-latest-news","tag-latestnews","tag-latvia","tag-latvian","tag-latviesu","tag-latviesu-valoda","tag-latviesuvaloda","tag-latvija","tag-lv","tag-news","tag-popularakas-zinas","tag-popularakaszinas","tag-top-stories","tag-topstories","tag-world","tag-world-news","tag-worldnews","tag-zinas","tag-zinas-no-arvalstim"],"share_on_mastodon":{"url":"https:\/\/pubeurope.com\/@lv\/117206176856328111","error":""},"_links":{"self":[{"href":"https:\/\/www.europesays.com\/lv\/wp-json\/wp\/v2\/posts\/284332","targetHints":{"allow":["GET"]}}],"collection":[{"href":"https:\/\/www.europesays.com\/lv\/wp-json\/wp\/v2\/posts"}],"about":[{"href":"https:\/\/www.europesays.com\/lv\/wp-json\/wp\/v2\/types\/post"}],"author":[{"embeddable":true,"href":"https:\/\/www.europesays.com\/lv\/wp-json\/wp\/v2\/users\/2"}],"replies":[{"embeddable":true,"href":"https:\/\/www.europesays.com\/lv\/wp-json\/wp\/v2\/comments?post=284332"}],"version-history":[{"count":0,"href":"https:\/\/www.europesays.com\/lv\/wp-json\/wp\/v2\/posts\/284332\/revisions"}],"wp:featuredmedia":[{"embeddable":true,"href":"https:\/\/www.europesays.com\/lv\/wp-json\/wp\/v2\/media\/284333"}],"wp:attachment":[{"href":"https:\/\/www.europesays.com\/lv\/wp-json\/wp\/v2\/media?parent=284332"}],"wp:term":[{"taxonomy":"category","embeddable":true,"href":"https:\/\/www.europesays.com\/lv\/wp-json\/wp\/v2\/categories?post=284332"},{"taxonomy":"post_tag","embeddable":true,"href":"https:\/\/www.europesays.com\/lv\/wp-json\/wp\/v2\/tags?post=284332"}],"curies":[{"name":"wp","href":"https:\/\/api.w.org\/{rel}","templated":true}]}}