{"id":284334,"date":"2026-09-03T08:31:09","date_gmt":"2026-09-03T08:31:09","guid":{"rendered":"https:\/\/www.europesays.com\/lv\/284334\/"},"modified":"2026-09-03T08:31:09","modified_gmt":"2026-09-03T08:31:09","slug":"valdiba-maina-noteikumus-nvo-padomes-locekliem-vairs-nemaksas-atlidzibu-bet-segs-cela-izdevumu","status":"publish","type":"post","link":"https:\/\/www.europesays.com\/lv\/284334\/","title":{"rendered":"Vald\u012bba maina noteikumus: NVO padomes locek\u013ciem vairs nemaks\u0101s atl\u012bdz\u012bbu, bet segs ce\u013ca izdevumu"},"content":{"rendered":"<p><img loading=\"lazy\" decoding=\"async\" class=\"lazy lazy-hidden alignnone size-full wp-image-304580\" src=\"data:image\/gif;base64,R0lGODlhAQABAIAAAAAAAP\/\/\/yH5BAEAAAAALAAAAAABAAEAAAIBRAA7\" data-lazy-type=\"image\" data-lazy-src=\"https:\/\/www.europesays.com\/lv\/wp-content\/uploads\/2026\/09\/ministru-kabinets.jpg\" alt=\"\" width=\"900\" height=\"521\" data-lazy- data-lazy-\/><\/p>\n<p>Vald\u012bba ir iz\u0161\u0137\u012brusies par izmai\u0146\u0101m, kas skars biedr\u012bbu un nodibin\u0101jumu p\u0101rst\u0101vju darbu da\u017e\u0101d\u0101s konsultat\u012bvaj\u0101s padom\u0113s. Neskaitot iepriek\u0161\u0113jo k\u0101rt\u012bbu, turpm\u0101k vairs netiks maks\u0101ta atl\u012bdz\u012bba par dal\u012bbu nevalstisko organiz\u0101ciju un Ministru kabineta sadarb\u012bbas memoranda padomes s\u0113d\u0113s. <\/p>\n<p>Taj\u0101 pa\u0161\u0101 laik\u0101 valsts ir padom\u0101jusi par re\u0123ionu iedz\u012bvot\u0101jiem, saglab\u0101jot iesp\u0113ju atg\u016bt ce\u013ca izdevumus tiem dal\u012bbniekiem, kuri uz san\u0101ksm\u0113m dodas no viet\u0101m, kas atrodas \u0101rpus galvaspils\u0113tas.<\/p>\n<p>K\u0101p\u0113c tika main\u012bti noteikumi<\/p>\n<p>\u0160\u0101ds l\u0113mums tika pie\u0146emts nesenaj\u0101 vald\u012bbas s\u0113d\u0113, lai daudz atbild\u012bg\u0101k un racion\u0101l\u0101k t\u0113r\u0113tu valsts bud\u017eeta l\u012bdzek\u013cus. Valsts kancelejas ieskat\u0101 valsts atbalstam vienm\u0113r j\u0101b\u016bt pamatotam un v\u0113rstam uz re\u0101lu sabiedr\u012bbas ieguvumu, nevis vienk\u0101r\u0161i uz naudas izmaksu bez skaidriem un izm\u0113r\u0101miem rezult\u0101tiem. Finans\u0113juma izv\u0113rt\u0113\u0161ana nav dom\u0101ta tam, lai v\u0113rstos pret pilsonisko sabiedr\u012bbu, bet gan t\u0101p\u0113c, lai pret nodok\u013cu maks\u0101t\u0101ju naudu iztur\u0113tos ar liel\u0101ku cie\u0146u un veidotu ilgtsp\u0113j\u012bgu sadarb\u012bbu.<\/p>\n<p>Lai neviens nepaliktu mal\u0101 un biedr\u012bbas var\u0113tu pilnv\u0113rt\u012bgi turpin\u0101t darbu, ir ieviests konkr\u0113ts atbalsta meh\u0101nisms braucieniem. Ja biedr\u012bbas p\u0101rst\u0101vis uz s\u0113di vai darba grupu ierodas no citas vietas, vi\u0146am var\u0113s kompens\u0113t ce\u013ca izdevumus l\u012bdz tr\u012bsdesmit eiro apm\u0113r\u0101. \u0160\u012b summa tiks segta, uzr\u0101dot atbilsto\u0161us dokumentus, piem\u0113ram, sabiedrisk\u0101 transporta bi\u013cetes vai \u010deku par degvielas ieg\u0101di, kas uzskat\u0101mi par\u0101da re\u0101los t\u0113ri\u0146us nok\u013c\u016b\u0161anai l\u012bdz san\u0101ksmes vietai R\u012bg\u0101.<\/p>\n<p>\u00a0<\/p>\n<p>Cik valsts t\u0113r\u0113ja agr\u0101k<\/p>\n<p>L\u012bdz\u0161in\u0113j\u0101 sist\u0113ma \u013c\u0101va sa\u0146emt samaksu gan par pa\u0161u dal\u012bbu san\u0101ksm\u0113s, gan par sagatavo\u0161anos t\u0101m ne tikai pa\u0161\u0101 Memoranda padom\u0113, bet ar\u012b da\u017e\u0101d\u0101s darba grup\u0101s un komisij\u0101s. P\u0113d\u0113jos gados \u0161ie skait\u013ci piedz\u012bvoju\u0161i izaugsmi, jo 2024. gad\u0101 tam izmaks\u0101ja nedaudz virs asto\u0146simt eiro, bet jau 2025. gad\u0101 summa sasniedza gandr\u012bz divdesmit divus t\u016bksto\u0161us eiro. Savuk\u0101rt \u0161ogad pirms jauno groz\u012bjumu st\u0101\u0161an\u0101s sp\u0113k\u0101 bija pasp\u0113ts izt\u0113r\u0113t gandr\u012bz devi\u0146us t\u016bksto\u0161us eiro, kas ar\u012b pasteidzin\u0101ja l\u0113mumu par l\u012bdzek\u013cu optimiz\u0101ciju.<\/p>\n<p>Valsts kanceleja pa\u0161laik str\u0101d\u0101 pie pla\u0161\u0101ka nov\u0113rt\u0113juma, jo sp\u0113k\u0101 eso\u0161ais l\u012bgums par sekretari\u0101ta darb\u012bbas nodro\u0161in\u0101\u0161anu nosl\u0113gsies gada beig\u0101s. L\u012bdz oktobra pirmajam datumam ir j\u0101sagatavo pilns zi\u0146ojums par to, k\u0101 tiek t\u0113r\u0113ti l\u012bdzek\u013ci un k\u0101di ir re\u0101lie padomes un t\u0101s darba grupu sasniegtie rezult\u0101ti. Pati padome ir izveidota t\u0101laj\u0101 2005. gad\u0101 un laika gait\u0101 piedz\u012bvojusi atjaunin\u0101\u0161anu, pulc\u0113jot jau gandr\u012bz se\u0161simt da\u017e\u0101das organiz\u0101cijas vis\u0101 valst\u012b.<\/p>\n<p><a href=\"https:\/\/dzentlmenis.lv\/plkst-8-38-fiksets-pedejais-kontakts-jaunakie-dati-par-latvijas-grupas-gidu-nepala\/304460\/\" rel=\"nofollow noopener\" target=\"_blank\"><img class=\"lazy lazy-hidden\" decoding=\"async\" src=\"data:image\/gif;base64,R0lGODlhAQABAIAAAAAAAP\/\/\/yH5BAEAAAAALAAAAAABAAEAAAIBRAA7\" data-lazy-type=\"image\" data-lazy-src=\"https:\/\/www.europesays.com\/lv\/wp-content\/uploads\/2026\/09\/GREEE-1.jpg\" data-lazy- alt=\"Plkst. 8.38 fiks\u0113ts p\u0113d\u0113jais kontakts: Jaun\u0101kie dati par Latvijas grupas gidu Nep\u0101l\u0101\"\/><\/a>Citi lasa<a class=\"monsterinsights-inline-popular-posts-title\" href=\"https:\/\/dzentlmenis.lv\/plkst-8-38-fiksets-pedejais-kontakts-jaunakie-dati-par-latvijas-grupas-gidu-nepala\/304460\/\" rel=\"nofollow noopener\" target=\"_blank\">Plkst. 8.38 fiks\u0113ts p\u0113d\u0113jais kontakts: Jaun\u0101kie dati par Latvijas grupas gidu Nep\u0101l\u0101<\/a><\/p>\n","protected":false},"excerpt":{"rendered":"Vald\u012bba ir iz\u0161\u0137\u012brusies par izmai\u0146\u0101m, kas skars biedr\u012bbu un nodibin\u0101jumu p\u0101rst\u0101vju darbu da\u017e\u0101d\u0101s konsultat\u012bvaj\u0101s padom\u0113s. Neskaitot iepriek\u0161\u0113jo k\u0101rt\u012bbu,&hellip;\n","protected":false},"author":2,"featured_media":284335,"comment_status":"","ping_status":"","sticky":false,"template":"","format":"standard","meta":{"footnotes":"","_share_on_mastodon":"0"},"categories":[12],"tags":[23,28,29,32,33,22,30,31,35,39,38,36,37,34,40,20,26,27,24,25,21],"class_list":["post-284334","post","type-post","status-publish","format-standard","has-post-thumbnail","category-latvija","tag-aktualitates","tag-breaking-news","tag-breakingnews","tag-featured-news","tag-featurednews","tag-headlines","tag-latest-news","tag-latestnews","tag-latvia","tag-latvian","tag-latviesu","tag-latviesu-valoda","tag-latviesuvaloda","tag-latvija","tag-lv","tag-news","tag-popularakas-zinas","tag-popularakaszinas","tag-top-stories","tag-topstories","tag-zinas"],"share_on_mastodon":{"url":"https:\/\/pubeurope.com\/@lv\/117206180655969155","error":""},"_links":{"self":[{"href":"https:\/\/www.europesays.com\/lv\/wp-json\/wp\/v2\/posts\/284334","targetHints":{"allow":["GET"]}}],"collection":[{"href":"https:\/\/www.europesays.com\/lv\/wp-json\/wp\/v2\/posts"}],"about":[{"href":"https:\/\/www.europesays.com\/lv\/wp-json\/wp\/v2\/types\/post"}],"author":[{"embeddable":true,"href":"https:\/\/www.europesays.com\/lv\/wp-json\/wp\/v2\/users\/2"}],"replies":[{"embeddable":true,"href":"https:\/\/www.europesays.com\/lv\/wp-json\/wp\/v2\/comments?post=284334"}],"version-history":[{"count":0,"href":"https:\/\/www.europesays.com\/lv\/wp-json\/wp\/v2\/posts\/284334\/revisions"}],"wp:featuredmedia":[{"embeddable":true,"href":"https:\/\/www.europesays.com\/lv\/wp-json\/wp\/v2\/media\/284335"}],"wp:attachment":[{"href":"https:\/\/www.europesays.com\/lv\/wp-json\/wp\/v2\/media?parent=284334"}],"wp:term":[{"taxonomy":"category","embeddable":true,"href":"https:\/\/www.europesays.com\/lv\/wp-json\/wp\/v2\/categories?post=284334"},{"taxonomy":"post_tag","embeddable":true,"href":"https:\/\/www.europesays.com\/lv\/wp-json\/wp\/v2\/tags?post=284334"}],"curies":[{"name":"wp","href":"https:\/\/api.w.org\/{rel}","templated":true}]}}