{"id":284340,"date":"2026-09-03T08:36:29","date_gmt":"2026-09-03T08:36:29","guid":{"rendered":"https:\/\/www.europesays.com\/lv\/284340\/"},"modified":"2026-09-03T08:36:29","modified_gmt":"2026-09-03T08:36:29","slug":"zviedrija-militarajas-macibas-apgust-krituso-masveida-apglabasanu-raksts","status":"publish","type":"post","link":"https:\/\/www.europesays.com\/lv\/284340\/","title":{"rendered":"Zviedrij\u0101 milit\u0101raj\u0101s m\u0101c\u012bb\u0101s apg\u016bst kritu\u0161o masveida apglab\u0101\u0161anu \/ Raksts"},"content":{"rendered":"<p>Zviedrija p\u0113c pievieno\u0161an\u0101s NATO un uztraucoties par kara draudiem Eirop\u0101 \u0161\u012b gada pavasar\u012b, milit\u0101raj\u0101s apm\u0101c\u012bb\u0101s &#8220;Aurora 26&#8221; gatavojusies slikt\u0101kajam scen\u0101rijam \u2013 kritu\u0161o karav\u012bru apglab\u0101\u0161anai, raksta port\u0101ls &#8220;Euronews&#8221;.\u00a0<\/p>\n<p>&#8220;Aurora 26&#8221; bija liel\u0101k\u0101s valsts m\u0113roga milit\u0101r\u0101s m\u0101c\u012bbas kop\u0161 aizvad\u012bt\u0101 gadsimta devi\u0146desmitajiem gadiem, un kopum\u0101 taj\u0101s piedal\u012bj\u0101s 18 t\u016bksto\u0161i karav\u012bru no 13 valst\u012bm.\u00a0<\/p>\n<p>Konkr\u0113taj\u0101 m\u0101c\u012bbu etap\u0101, kur\u0101 to dal\u012bbnieki tren\u0113j\u0101s apglab\u0101t kritu\u0161os, piedal\u012bj\u0101s 300 milit\u0101rpersonas, k\u0101 ar\u012b Zviedrijas bazn\u012bca, Zviedrijas nodok\u013cu a\u0123ent\u016bra un valsts iesauk\u0161anas a\u0123ent\u016bra.\u00a0<\/p>\n<p>Apm\u0101c\u012bb\u0101s izmantoti vair\u0101k nek\u0101 500 manekeni, un izm\u0113\u0123in\u0101ts, k\u0101 atg\u016bt kritu\u0161os, vi\u0146us identific\u0113t, zi\u0146ot par vi\u0146u n\u0101vi sabiedroto v\u0113stniec\u012bb\u0101m un Starptautisk\u0101 Sarkan\u0101 Krusta komitejai, un visbeidzot ar godu apglab\u0101t.\u00a0<\/p>\n<blockquote>\n<p>Aizsardz\u012bbas nozares izdevums &#8220;Defence24&#8221; zi\u0146oja, ka \u0161\u012b bija pirm\u0101 reize, kad \u0161o procesu kop\u012bgi izm\u0113\u0123in\u0101ja visas iesaist\u012bt\u0101s iest\u0101des.\u00a0<\/p>\n<\/blockquote>\n<p>P\u0113c izm\u0113\u0123in\u0101juma secin\u0101ts, ka nepiecie\u0161amas izmai\u0146as pl\u0101n\u0101, k\u0101 medi\u0137i tiek piesaist\u012bti \u0101rk\u0101rtas situ\u0101cij\u0101s ar daudziem cietu\u0161ajiem.\u00a0<\/p>\n<p>&#8220;Euronews&#8221; v\u0113sta, ka neatkar\u012bgi no \u0161\u012bm m\u0101c\u012bb\u0101m Zviedrijas bazn\u012bcai, kas joproj\u0101m ir valsts likum\u0101 noteikt\u0101 apbed\u012b\u0161anas iest\u0101de, jau sen ir dots uzdevums pl\u0101not apbed\u012b\u0161anas kapacit\u0101ti, kas atbilst 5 % no valsts iedz\u012bvot\u0101ju skaita jeb aptuveni 500 000 cilv\u0113kiem.\u00a0<\/p>\n<p>\u0160is skaitlis ir Aukst\u0101 kara laik\u0101 civil\u0101s aizsardz\u012bbas noteikts r\u0101d\u012bt\u0101js, kas aptver gan milit\u0101ro, gan civilo upuru skaitu vis\u0101 valst\u012b, nevis prognoze, kas saist\u012bta ar m\u0101c\u012bb\u0101m &#8220;Aurora 26&#8221;.<\/p>\n<p>                    Valodas k\u013c\u016bda rakst\u0101?<\/p>\n<p class=\"d-none d-md-block\">Iez\u012bm\u0113jiet tekstu un spiediet Ctrl+Enter, lai nos\u016bt\u012btu labojamo teksta fragmentu redaktoram! Par faktu k\u013c\u016bd\u0101m l\u016bdzam zi\u0146ot e-past\u0101 redakcija@lsm.lv.<\/p>\n<p class=\"d-md-none\">Iez\u012bm\u0113jiet tekstu un spiediet uz Zi\u0146ot par k\u013c\u016bdu pogas, lai nos\u016bt\u012btu labojamo teksta fragmentu redaktoram!<\/p>\n<p>\n                    Zi\u0146ot par k\u013c\u016bdu\n                <\/p>\n","protected":false},"excerpt":{"rendered":"Zviedrija p\u0113c pievieno\u0161an\u0101s NATO un uztraucoties par kara draudiem Eirop\u0101 \u0161\u012b gada pavasar\u012b, milit\u0101raj\u0101s apm\u0101c\u012bb\u0101s &#8220;Aurora 26&#8221; gatavojusies&hellip;\n","protected":false},"author":2,"featured_media":284341,"comment_status":"","ping_status":"","sticky":false,"template":"","format":"standard","meta":{"footnotes":"","_share_on_mastodon":"0"},"categories":[14],"tags":[23,57,28,29,32,33,22,30,31,35,39,38,36,37,34,40,20,26,27,24,25,54,55,56,21,58],"class_list":["post-284340","post","type-post","status-publish","format-standard","has-post-thumbnail","category-zinas-no-arvalstim","tag-aktualitates","tag-arvalstim","tag-breaking-news","tag-breakingnews","tag-featured-news","tag-featurednews","tag-headlines","tag-latest-news","tag-latestnews","tag-latvia","tag-latvian","tag-latviesu","tag-latviesu-valoda","tag-latviesuvaloda","tag-latvija","tag-lv","tag-news","tag-popularakas-zinas","tag-popularakaszinas","tag-top-stories","tag-topstories","tag-world","tag-world-news","tag-worldnews","tag-zinas","tag-zinas-no-arvalstim"],"share_on_mastodon":{"url":"https:\/\/pubeurope.com\/@lv\/117206200438710847","error":""},"_links":{"self":[{"href":"https:\/\/www.europesays.com\/lv\/wp-json\/wp\/v2\/posts\/284340","targetHints":{"allow":["GET"]}}],"collection":[{"href":"https:\/\/www.europesays.com\/lv\/wp-json\/wp\/v2\/posts"}],"about":[{"href":"https:\/\/www.europesays.com\/lv\/wp-json\/wp\/v2\/types\/post"}],"author":[{"embeddable":true,"href":"https:\/\/www.europesays.com\/lv\/wp-json\/wp\/v2\/users\/2"}],"replies":[{"embeddable":true,"href":"https:\/\/www.europesays.com\/lv\/wp-json\/wp\/v2\/comments?post=284340"}],"version-history":[{"count":0,"href":"https:\/\/www.europesays.com\/lv\/wp-json\/wp\/v2\/posts\/284340\/revisions"}],"wp:featuredmedia":[{"embeddable":true,"href":"https:\/\/www.europesays.com\/lv\/wp-json\/wp\/v2\/media\/284341"}],"wp:attachment":[{"href":"https:\/\/www.europesays.com\/lv\/wp-json\/wp\/v2\/media?parent=284340"}],"wp:term":[{"taxonomy":"category","embeddable":true,"href":"https:\/\/www.europesays.com\/lv\/wp-json\/wp\/v2\/categories?post=284340"},{"taxonomy":"post_tag","embeddable":true,"href":"https:\/\/www.europesays.com\/lv\/wp-json\/wp\/v2\/tags?post=284340"}],"curies":[{"name":"wp","href":"https:\/\/api.w.org\/{rel}","templated":true}]}}