{"id":284344,"date":"2026-09-03T08:38:20","date_gmt":"2026-09-03T08:38:20","guid":{"rendered":"https:\/\/www.europesays.com\/lv\/284344\/"},"modified":"2026-09-03T08:38:20","modified_gmt":"2026-09-03T08:38:20","slug":"ventspils-muzeja-jauna-pils-torna-ekspozicija-vesta-par-ostas-un-pilsetas-attistibu-lr1-latvijas-radio","status":"publish","type":"post","link":"https:\/\/www.europesays.com\/lv\/284344\/","title":{"rendered":"Ventspils muzeja jaun\u0101 pils tor\u0146a ekspoz\u012bcija v\u0113sta par ostas un pils\u0113tas att\u012bst\u012bbu \/ LR1 \/ \/ Latvijas Radio"},"content":{"rendered":"<p><a href=\"https:\/\/mapp.latvijasradio.lv\/shared-broadcast?b=237&amp;url=http:\/\/latvijasradio.lsm.lv\/lv\/lr1\/raidijumi\/labriit\/\" target=\"_blank\" rel=\"nofollow noopener\"><img decoding=\"async\" alt=\"Latvijas radio lietotnes logo\" src=\"https:\/\/www.europesays.com\/lv\/wp-content\/uploads\/2026\/09\/1788424700_891_LR_pod poga.png\" style=\"width: 140px; height: 38px;\"\/><\/a><\/p>\n<p>\u0160odien, 3. septembr\u012b, durvis apmekl\u0113t\u0101jiem ver Ventspils muzeja jaun\u0101 pils tor\u0146a ekspoz\u012bcija, kas v\u0113sta par ostas un pils\u0113tas att\u012bst\u012bbu no 13. \u2013 19. gadsimtam. Apjom\u012bg\u0101 projekta laik\u0101, kas izmaks\u0101jis teju pusmiljonu eiro (495 496 eiro), tapusi ne tikai m\u016bsdien\u012bga un daudzpus\u012bga ekspoz\u012bcija ar da\u017e\u0101diem digit\u0101liem risin\u0101jumiem un sp\u0113l\u0113m, bet notiku\u0161i ar\u012b Ventspils Livonijas orde\u0146a pils tor\u0146a konserv\u0113jo\u0161\u0101s restaur\u0101cijas darbi. Projektam izdevies piesaist\u012bt Eiropas J\u016brlietu, zvejniec\u012bbas un akvakult\u016bras fonda finans\u0113jumu.<\/p>\n<p>Ieteikt<\/p>\n<p>    Latvijas Radio aicina izteikt savu viedokli par raid\u012bjum\u0101 dzird\u0113to un atbalsta diskusijas klaus\u012bt\u0101ju starp\u0101, tom\u0113r patur ties\u012bbas dz\u0113st koment\u0101rus, kas p\u0101rk\u0101pj cie\u0146pilnas attieksmes un \u0113tiskas r\u012bc\u012bbas robe\u017eas.<a name=\"comments\"\/><\/p>\n","protected":false},"excerpt":{"rendered":"\u0160odien, 3. septembr\u012b, durvis apmekl\u0113t\u0101jiem ver Ventspils muzeja jaun\u0101 pils tor\u0146a ekspoz\u012bcija, kas v\u0113sta par ostas un pils\u0113tas&hellip;\n","protected":false},"author":2,"featured_media":284345,"comment_status":"","ping_status":"","sticky":false,"template":"","format":"standard","meta":{"footnotes":"","_share_on_mastodon":"0"},"categories":[5],"tags":[23,28,29,32,33,22,30,31,35,39,38,36,37,34,40,20,26,27,24,25,21],"class_list":["post-284344","post","type-post","status-publish","format-standard","has-post-thumbnail","category-aktualitates","tag-aktualitates","tag-breaking-news","tag-breakingnews","tag-featured-news","tag-featurednews","tag-headlines","tag-latest-news","tag-latestnews","tag-latvia","tag-latvian","tag-latviesu","tag-latviesu-valoda","tag-latviesuvaloda","tag-latvija","tag-lv","tag-news","tag-popularakas-zinas","tag-popularakaszinas","tag-top-stories","tag-topstories","tag-zinas"],"share_on_mastodon":{"url":"https:\/\/pubeurope.com\/@lv\/117206208260775984","error":""},"_links":{"self":[{"href":"https:\/\/www.europesays.com\/lv\/wp-json\/wp\/v2\/posts\/284344","targetHints":{"allow":["GET"]}}],"collection":[{"href":"https:\/\/www.europesays.com\/lv\/wp-json\/wp\/v2\/posts"}],"about":[{"href":"https:\/\/www.europesays.com\/lv\/wp-json\/wp\/v2\/types\/post"}],"author":[{"embeddable":true,"href":"https:\/\/www.europesays.com\/lv\/wp-json\/wp\/v2\/users\/2"}],"replies":[{"embeddable":true,"href":"https:\/\/www.europesays.com\/lv\/wp-json\/wp\/v2\/comments?post=284344"}],"version-history":[{"count":0,"href":"https:\/\/www.europesays.com\/lv\/wp-json\/wp\/v2\/posts\/284344\/revisions"}],"wp:featuredmedia":[{"embeddable":true,"href":"https:\/\/www.europesays.com\/lv\/wp-json\/wp\/v2\/media\/284345"}],"wp:attachment":[{"href":"https:\/\/www.europesays.com\/lv\/wp-json\/wp\/v2\/media?parent=284344"}],"wp:term":[{"taxonomy":"category","embeddable":true,"href":"https:\/\/www.europesays.com\/lv\/wp-json\/wp\/v2\/categories?post=284344"},{"taxonomy":"post_tag","embeddable":true,"href":"https:\/\/www.europesays.com\/lv\/wp-json\/wp\/v2\/tags?post=284344"}],"curies":[{"name":"wp","href":"https:\/\/api.w.org\/{rel}","templated":true}]}}