{"id":284346,"date":"2026-09-03T08:43:15","date_gmt":"2026-09-03T08:43:15","guid":{"rendered":"https:\/\/www.europesays.com\/lv\/284346\/"},"modified":"2026-09-03T08:43:15","modified_gmt":"2026-09-03T08:43:15","slug":"izglitibas-ministre-nav-gatava-atteikties-no-so-macibu-gadu-skarosu-reformu-virzisanas-3","status":"publish","type":"post","link":"https:\/\/www.europesays.com\/lv\/284346\/","title":{"rendered":"Izgl\u012bt\u012bbas ministre nav gatava atteikties no \u0161o m\u0101c\u012bbu gadu skaro\u0161u reformu virz\u012b\u0161anas"},"content":{"rendered":"<p>Indriksones vad\u012bt\u0101 Izgl\u012bt\u012bbas un zin\u0101tnes ministrija (IZM) virz\u012bja vair\u0101kas izmai\u0146as pamata un vid\u0113j\u0101s izgl\u012bt\u012bbas l\u012bmen\u012b, tostarp centraliz\u0113to eks\u0101menu procentu\u0101l\u0101 sliek\u0161\u0146a atcel\u0161anu, jauna centraliz\u0113t\u0101 eks\u0101mena ievie\u0161anu dabaszin\u012bb\u0101s, izmai\u0146as v\u0113rt\u0113jumu labo\u0161anas principos un ieceri augst\u0101k\u0101 l\u012bme\u0146a centraliz\u0113tos eks\u0101menus vidusskol\u0101s noteikt p\u0113c izv\u0113les.<\/p>\n<p style=\"text-align: justify;\">Politi\u0137e \u0161or\u012bt intervij\u0101 LTV &#8220;R\u012bta panor\u0101mai&#8221; izc\u0113la, ka jau vair\u0101kus gadus normat\u012bvos ir ierakst\u012bts, ka Latvij\u0101 b\u016btu j\u0101ievie\u0161 dabaszin\u012bbu eks\u0101mens, ta\u010du taj\u0101 pat laik\u0101 nekas neesot dar\u012bts, lai sagatavotos \u0161\u0101da eks\u0101mena ievie\u0161anai.<\/p>\n<blockquote>\n<p style=\"text-align: justify;\">Vi\u0146a nepiekr\u012bt, ka eks\u0101mena ievie\u0161ana tiktu virz\u012bta sasteigti, jo eks\u0101meni b\u016b\u0161ot tikai p\u0113c desmit m\u0113ne\u0161iem un tiem v\u0113l varot sagatavoties. \u0160\u0101ds laika grafiks gan noz\u012bm\u0113tu, ka eks\u0101mens notiku j\u016blija s\u0101kum\u0101.<\/p>\n<\/blockquote>\n<p style=\"text-align: justify;\">Taj\u0101 pat laik\u0101 Indriksone l\u0113sa, ka gada beig\u0101s b\u016bs ap 1500 b\u0113rni, kas nesp\u0113s sasniegt noteiktos minim\u0101lo pras\u012bbu sliek\u0161\u0146us un nenok\u0101rtos k\u0101du no eks\u0101meniem, kur gan neko daudz nevarot main\u012bt, attiec\u012bgi tas esot arguments par labu eks\u0101menu minim\u0101lo pras\u012bbu sliek\u0161\u0146a atcel\u0161anai.<\/p>\n<p style=\"text-align: justify;\">P\u0113c Indriksones v\u0101rdiem, ar \u0161\u0101diem sliek\u0161\u0146iem b\u0113rni tiekot sod\u012bti par to, ko neesot izdar\u012bju\u0161i pieaugu\u0161i.<\/p>\n<p style=\"text-align: justify;\">Politi\u0137e ar\u012b izteic\u0101s, ka no 2024. gada izgl\u012bt\u012bbas nozare str\u0101d\u0101jot bez kvalit\u0101tes pras\u012bb\u0101m.<\/p>\n<p style=\"text-align: justify;\">K\u0101 v\u0113st\u012bts, groz\u012bjumi, kurus IZM nodeva saska\u0146o\u0161anai augusta s\u0101kum\u0101, paredz izmai\u0146as gan v\u0113rt\u0113juma uzlabo\u0161anas k\u0101rt\u012bb\u0101, gan centraliz\u0113to eks\u0101menu v\u0113rt\u0113\u0161anas k\u0101rt\u012bb\u0101. Groz\u012bjumu projekti sagatavoti steidzam\u012bbas k\u0101rt\u0101, lai noteiktaj\u0101 termi\u0146\u0101 \u012bstenotu vald\u012bbas ap\u0146em\u0161anos sak\u0101rtot m\u0101c\u012bbu sasniegumu v\u0113rt\u0113\u0161anas k\u0101rt\u012bbu.<\/p>\n<p style=\"text-align: justify;\">Pied\u0101v\u0101jums izpeln\u012bj\u0101s gan koal\u012bcijas partneru, gan nozares organiz\u0101ciju kritiku, aicinot reformu vispirms izdiskut\u0113t.<\/p>\n<blockquote>\n<p style=\"text-align: justify;\">M\u0113ne\u0161a laik\u0101 IZM savu pied\u0101v\u0101jumu tika main\u012bjusi. S\u0101kotn\u0113ji tika rosin\u0101ts atteikties no minim\u0101l\u0101 v\u0113rt\u0113juma sliek\u0161\u0146a centraliz\u0113tajos eks\u0101menos k\u0101 nosac\u012bjuma pamatizgl\u012bt\u012bbas apliec\u012bbas sa\u0146em\u0161anai, savuk\u0101rt jaun\u0101kaj\u0101 priek\u0161likum\u0101 paredz\u0113ts saglab\u0101t 20% slieksni latvie\u0161u valodas un matem\u0101tikas centraliz\u0113tajos eks\u0101menos k\u0101 nosac\u012bjumu uz\u0146em\u0161anai 10. klas\u0113.<\/p>\n<\/blockquote>\n<p style=\"text-align: justify;\">Tas noz\u012bm\u0113tu, ka pamatizgl\u012bt\u012bbas apliec\u012bbu var\u0113tu sa\u0146emt ar\u012b skol\u0113ns, kur\u0161, piem\u0113ram, matem\u0101tikas eks\u0101men\u0101 ieguvis 5%, ja vi\u0146\u0161 visos m\u0101c\u012bbu priek\u0161metos ir sekm\u012bgs un gada v\u0113rt\u0113jums katr\u0101 priek\u0161met\u0101 ir vismaz \u010detras balles. Ar \u0161\u0101du eks\u0101mena rezult\u0101tu skol\u0113ns nevar\u0113tu tikt uz\u0146emts 10. klas\u0113, bet ar jaunie\u0161a skolo\u0161anu vairs neb\u016btu j\u0101nodarbojas pamatskolai.<\/p>\n","protected":false},"excerpt":{"rendered":"Indriksones vad\u012bt\u0101 Izgl\u012bt\u012bbas un zin\u0101tnes ministrija (IZM) virz\u012bja vair\u0101kas izmai\u0146as pamata un vid\u0113j\u0101s izgl\u012bt\u012bbas l\u012bmen\u012b, tostarp centraliz\u0113to eks\u0101menu&hellip;\n","protected":false},"author":2,"featured_media":284347,"comment_status":"","ping_status":"","sticky":false,"template":"","format":"standard","meta":{"footnotes":"","_share_on_mastodon":"0"},"categories":[12],"tags":[23,28,29,32,33,22,30,31,35,39,38,36,37,34,40,20,26,27,24,25,21],"class_list":["post-284346","post","type-post","status-publish","format-standard","has-post-thumbnail","category-latvija","tag-aktualitates","tag-breaking-news","tag-breakingnews","tag-featured-news","tag-featurednews","tag-headlines","tag-latest-news","tag-latestnews","tag-latvia","tag-latvian","tag-latviesu","tag-latviesu-valoda","tag-latviesuvaloda","tag-latvija","tag-lv","tag-news","tag-popularakas-zinas","tag-popularakaszinas","tag-top-stories","tag-topstories","tag-zinas"],"share_on_mastodon":{"url":"https:\/\/pubeurope.com\/@lv\/117206227811942425","error":""},"_links":{"self":[{"href":"https:\/\/www.europesays.com\/lv\/wp-json\/wp\/v2\/posts\/284346","targetHints":{"allow":["GET"]}}],"collection":[{"href":"https:\/\/www.europesays.com\/lv\/wp-json\/wp\/v2\/posts"}],"about":[{"href":"https:\/\/www.europesays.com\/lv\/wp-json\/wp\/v2\/types\/post"}],"author":[{"embeddable":true,"href":"https:\/\/www.europesays.com\/lv\/wp-json\/wp\/v2\/users\/2"}],"replies":[{"embeddable":true,"href":"https:\/\/www.europesays.com\/lv\/wp-json\/wp\/v2\/comments?post=284346"}],"version-history":[{"count":0,"href":"https:\/\/www.europesays.com\/lv\/wp-json\/wp\/v2\/posts\/284346\/revisions"}],"wp:featuredmedia":[{"embeddable":true,"href":"https:\/\/www.europesays.com\/lv\/wp-json\/wp\/v2\/media\/284347"}],"wp:attachment":[{"href":"https:\/\/www.europesays.com\/lv\/wp-json\/wp\/v2\/media?parent=284346"}],"wp:term":[{"taxonomy":"category","embeddable":true,"href":"https:\/\/www.europesays.com\/lv\/wp-json\/wp\/v2\/categories?post=284346"},{"taxonomy":"post_tag","embeddable":true,"href":"https:\/\/www.europesays.com\/lv\/wp-json\/wp\/v2\/tags?post=284346"}],"curies":[{"name":"wp","href":"https:\/\/api.w.org\/{rel}","templated":true}]}}