{"id":284348,"date":"2026-09-03T08:44:22","date_gmt":"2026-09-03T08:44:22","guid":{"rendered":"https:\/\/www.europesays.com\/lv\/284348\/"},"modified":"2026-09-03T08:44:22","modified_gmt":"2026-09-03T08:44:22","slug":"nacionala-apvieniba-pie-saeimas-piketes-pret-iekslietu-ministra-jana-dombravas-demisijas-pieprasijumu","status":"publish","type":"post","link":"https:\/\/www.europesays.com\/lv\/284348\/","title":{"rendered":"Nacion\u0101l\u0101 apvien\u012bba pie Saeimas piket\u0113s pret iek\u0161lietu ministra J\u0101\u0146a Dombravas demisijas piepras\u012bjumu"},"content":{"rendered":"<p>&#8220;Latvijai ir nepiecie\u0161ama stingra imigr\u0101cijas politika, dro\u0161a austrumu robe\u017ea un sp\u0113c\u012bgi iek\u0161lietu dienesti. J\u0101nis Dombrava ir s\u0101cis konkr\u0113ti r\u012bkoties \u0161ajos jaut\u0101jumos, un m\u0113s v\u0113lamies publiski paust atbalstu tam, lai \u0161is darbs tiktu turpin\u0101ts.<br \/>&#13;<br \/>\nJau iepriek\u0161 J\u0101nis Dombrava ir iest\u0101jies par stingr\u0101ku migr\u0101cijas kontroli, bet, k\u013c\u016bstot par iek\u0161lietu ministru, par vienu no galvenaj\u0101m priorit\u0101t\u0113m noteicis imigr\u0101cijas ierobe\u017eo\u0161anu. Vienlaikus pastiprin\u0101ta Latvijas\u2013Baltkrievijas robe\u017eas apsardz\u012bba un sadarb\u012bba starp Valsts robe\u017esardzi, Valsts policiju un citiem valsts dro\u0161\u012bb\u0101 iesaist\u012btajiem dienestiem,&#8221; teikts NA pazi\u0146ojum\u0101.<\/p>\n","protected":false},"excerpt":{"rendered":"&#8220;Latvijai ir nepiecie\u0161ama stingra imigr\u0101cijas politika, dro\u0161a austrumu robe\u017ea un sp\u0113c\u012bgi iek\u0161lietu dienesti. J\u0101nis Dombrava ir s\u0101cis konkr\u0113ti&hellip;\n","protected":false},"author":2,"featured_media":284349,"comment_status":"","ping_status":"","sticky":false,"template":"","format":"standard","meta":{"footnotes":"","_share_on_mastodon":"0"},"categories":[5],"tags":[23,28,29,32,33,22,30,31,35,39,38,36,37,34,40,20,26,27,24,25,21],"class_list":["post-284348","post","type-post","status-publish","format-standard","has-post-thumbnail","category-aktualitates","tag-aktualitates","tag-breaking-news","tag-breakingnews","tag-featured-news","tag-featurednews","tag-headlines","tag-latest-news","tag-latestnews","tag-latvia","tag-latvian","tag-latviesu","tag-latviesu-valoda","tag-latviesuvaloda","tag-latvija","tag-lv","tag-news","tag-popularakas-zinas","tag-popularakaszinas","tag-top-stories","tag-topstories","tag-zinas"],"share_on_mastodon":{"url":"https:\/\/pubeurope.com\/@lv\/117206231481364952","error":""},"_links":{"self":[{"href":"https:\/\/www.europesays.com\/lv\/wp-json\/wp\/v2\/posts\/284348","targetHints":{"allow":["GET"]}}],"collection":[{"href":"https:\/\/www.europesays.com\/lv\/wp-json\/wp\/v2\/posts"}],"about":[{"href":"https:\/\/www.europesays.com\/lv\/wp-json\/wp\/v2\/types\/post"}],"author":[{"embeddable":true,"href":"https:\/\/www.europesays.com\/lv\/wp-json\/wp\/v2\/users\/2"}],"replies":[{"embeddable":true,"href":"https:\/\/www.europesays.com\/lv\/wp-json\/wp\/v2\/comments?post=284348"}],"version-history":[{"count":0,"href":"https:\/\/www.europesays.com\/lv\/wp-json\/wp\/v2\/posts\/284348\/revisions"}],"wp:featuredmedia":[{"embeddable":true,"href":"https:\/\/www.europesays.com\/lv\/wp-json\/wp\/v2\/media\/284349"}],"wp:attachment":[{"href":"https:\/\/www.europesays.com\/lv\/wp-json\/wp\/v2\/media?parent=284348"}],"wp:term":[{"taxonomy":"category","embeddable":true,"href":"https:\/\/www.europesays.com\/lv\/wp-json\/wp\/v2\/categories?post=284348"},{"taxonomy":"post_tag","embeddable":true,"href":"https:\/\/www.europesays.com\/lv\/wp-json\/wp\/v2\/tags?post=284348"}],"curies":[{"name":"wp","href":"https:\/\/api.w.org\/{rel}","templated":true}]}}