{"id":284352,"date":"2026-09-03T08:49:25","date_gmt":"2026-09-03T08:49:25","guid":{"rendered":"https:\/\/www.europesays.com\/lv\/284352\/"},"modified":"2026-09-03T08:49:25","modified_gmt":"2026-09-03T08:49:25","slug":"riga-baltas-nakts-laika-uz-ab-dambja-bus-apskatama-noslepumaina-davana-jauns-lv","status":"publish","type":"post","link":"https:\/\/www.europesays.com\/lv\/284352\/","title":{"rendered":"R\u012bg\u0101 \u201cBalt\u0101s nakts\u201d laik\u0101 uz AB dambja b\u016bs apskat\u0101ma nosl\u0113pumaina \u201cd\u0101vana\u201d &#8211; Jauns.lv"},"content":{"rendered":"<ol>\n<li><a href=\"https:\/\/news.google.com\/rss\/articles\/CBMiqwFBVV95cUxNUFRtb2tQX0xHRlBTaFFFaVhhQWMxZ00zcjVZMk5yTVotWkJtVEZFZHMwem5sQzQycnpsQTZ5eTlOdXp2dkdTN3lRMXhyX2dvaXZtOTUwQTRTdF9QRWs0U1p0d204RGRpdlVIUjZLOUdXZEQ4QTZlS1dkb1YwLVUzdTN2VFRmQWFUTGxQMnlCMXRJSlhWd01uRDgzcDV1M1U1X2xTY1Y0cE5qSW8?oc=5\" target=\"_blank\" rel=\"nofollow noopener\">R\u012bg\u0101 \u201cBalt\u0101s nakts\u201d laik\u0101 uz AB dambja b\u016bs apskat\u0101ma nosl\u0113pumaina \u201cd\u0101vana\u201d<\/a>&nbsp;&nbsp;Jauns.lv<\/li>\n<li><a href=\"https:\/\/news.google.com\/rss\/articles\/CBMitwFBVV95cUxQVkZKSVR1RWxHdTMyVTlKU25mOEpxRTdLcDhhXzFxUFl4RmJjTmItbXVsUm1HRHhWdjFuMlJDQmV6XzItS2Y4Qjl0azFmVGxPaWttWU9vQ2JXR05iWjY0RjZaZElxTXRPbGFJMk4ySWR3MDN0QjFtb0RDRXdDUjVoMURUclNta2phbGE2c01wOWFsbFBWNXpjbUMtWVFGUHZqNTVnOFRlZk5NTHNVUWFIWk9DaHRZVlk?oc=5\" target=\"_blank\" rel=\"nofollow noopener\">\u00abBalt\u0101 nakts\u00bb, vilciena jubileja un \u010della sv\u0113tki \u2013 ko piedz\u012bvot septembra s\u0101kum\u0101<\/a>&nbsp;&nbsp;Santa.lv<\/li>\n<li><a href=\"https:\/\/news.google.com\/rss\/articles\/CBMimAFBVV95cUxPU2s4V1ItNFJZcV9Ba1FlZmhhaFN3TDJ2VEV0UUFqWktJejFwbXZwQmJYUjAxUUlQVG5USElRUTFrdlVFOVhrZ2ZUVnVxTmNlcThBLXlWY0c4V2ZnQS1OazE1ejlCeE5qNWpjYkJFbnRCc3lWeXh5cnhockdMZWZId21GX0NpQzRub3M0Z3pPLXQ3SHZISEVJLQ?oc=5\" target=\"_blank\" rel=\"nofollow noopener\">Balt\u0101s nakts laik\u0101 R\u012bgas centr\u0101 uzzied\u0113s neparasts d\u0101rzs<\/a>&nbsp;&nbsp;Jauns.lv<\/li>\n<li><a href=\"https:\/\/news.google.com\/rss\/articles\/CBMickFVX3lxTFBMTnBLQ2YyZkxzc2RWRVJIMDlvbktvTEI1OHkxcjlkMkdoaEI3OGZYVjlnMHNlU0x1ZEgwYkU2eGU2MkM2d2JwSmN3QlhiTmNtU0RHRThfbWNKYXd6aGNGdm1YSktiU1BiV0d3MHhSOWM1QQ?oc=5\" target=\"_blank\" rel=\"nofollow noopener\">Kim? Balt\u0101s nakts 2026 programma<\/a>&nbsp;&nbsp;Kult\u016bras ministrija<\/li>\n<\/ol>\n","protected":false},"excerpt":{"rendered":"R\u012bg\u0101 \u201cBalt\u0101s nakts\u201d laik\u0101 uz AB dambja b\u016bs apskat\u0101ma nosl\u0113pumaina \u201cd\u0101vana\u201d&nbsp;&nbsp;Jauns.lv \u00abBalt\u0101 nakts\u00bb, vilciena jubileja un \u010della sv\u0113tki&hellip;\n","protected":false},"author":2,"featured_media":284353,"comment_status":"","ping_status":"","sticky":false,"template":"","format":"standard","meta":{"footnotes":"","_share_on_mastodon":"0"},"categories":[12],"tags":[23,28,29,32,33,22,30,31,35,39,38,36,37,34,40,20,26,27,24,25,21],"class_list":["post-284352","post","type-post","status-publish","format-standard","has-post-thumbnail","category-latvija","tag-aktualitates","tag-breaking-news","tag-breakingnews","tag-featured-news","tag-featurednews","tag-headlines","tag-latest-news","tag-latestnews","tag-latvia","tag-latvian","tag-latviesu","tag-latviesu-valoda","tag-latviesuvaloda","tag-latvija","tag-lv","tag-news","tag-popularakas-zinas","tag-popularakaszinas","tag-top-stories","tag-topstories","tag-zinas"],"share_on_mastodon":{"url":"https:\/\/pubeurope.com\/@lv\/117206251527093781","error":""},"_links":{"self":[{"href":"https:\/\/www.europesays.com\/lv\/wp-json\/wp\/v2\/posts\/284352","targetHints":{"allow":["GET"]}}],"collection":[{"href":"https:\/\/www.europesays.com\/lv\/wp-json\/wp\/v2\/posts"}],"about":[{"href":"https:\/\/www.europesays.com\/lv\/wp-json\/wp\/v2\/types\/post"}],"author":[{"embeddable":true,"href":"https:\/\/www.europesays.com\/lv\/wp-json\/wp\/v2\/users\/2"}],"replies":[{"embeddable":true,"href":"https:\/\/www.europesays.com\/lv\/wp-json\/wp\/v2\/comments?post=284352"}],"version-history":[{"count":0,"href":"https:\/\/www.europesays.com\/lv\/wp-json\/wp\/v2\/posts\/284352\/revisions"}],"wp:featuredmedia":[{"embeddable":true,"href":"https:\/\/www.europesays.com\/lv\/wp-json\/wp\/v2\/media\/284353"}],"wp:attachment":[{"href":"https:\/\/www.europesays.com\/lv\/wp-json\/wp\/v2\/media?parent=284352"}],"wp:term":[{"taxonomy":"category","embeddable":true,"href":"https:\/\/www.europesays.com\/lv\/wp-json\/wp\/v2\/categories?post=284352"},{"taxonomy":"post_tag","embeddable":true,"href":"https:\/\/www.europesays.com\/lv\/wp-json\/wp\/v2\/tags?post=284352"}],"curies":[{"name":"wp","href":"https:\/\/api.w.org\/{rel}","templated":true}]}}