{"id":284354,"date":"2026-09-03T08:50:10","date_gmt":"2026-09-03T08:50:10","guid":{"rendered":"https:\/\/www.europesays.com\/lv\/284354\/"},"modified":"2026-09-03T08:50:10","modified_gmt":"2026-09-03T08:50:10","slug":"vajadzigi-vairaki-miljardi-eiro-ukraina-pretgaisa-aizsardzibas-stiprinasanai-versas-pie-ek","status":"publish","type":"post","link":"https:\/\/www.europesays.com\/lv\/284354\/","title":{"rendered":"Vajadz\u012bgi vair\u0101ki miljardi eiro: Ukraina pretgaisa aizsardz\u012bbas stiprin\u0101\u0161anai v\u0113r\u0161as pie EK"},"content":{"rendered":"<p>                                        <img decoding=\"async\" src=\"https:\/\/news.inbox.eu\/w\/img\/23\/d0\/23d0d5f28dfe9c627c-800x0.jpg\" onerror=\"this.src=\" https:=\"\" onload=\"if(this.width &lt;= 1){this.src=\"\/><\/p>\n<p>&#8220;Runa ir par vair\u0101kiem miljardiem eiro, kas paredz\u0113ti Ukrainai nepiecie\u0161amo pretgaisa aizsardz\u012bbas sist\u0113mu, tostarp kompleksu &#8220;Patriot PAC-3&#8221; ieg\u0101dei, kop\u012bg\u0101 preses konferenc\u0113 ar NATO \u0123ener\u0101lsekret\u0101ru Marku Ruti pazi\u0146ojusi EK priek\u0161s\u0113d\u0113t\u0101ja Urzula fon der Leiena.<\/p>\n<p>Avots EK past\u0101st\u012bjis medijam &#8220;Euronews&#8221;, ka Leiena neatkl\u0101ja prec\u012bzu Ukrainas piepras\u012bt\u0101 finans\u0113juma apm\u0113ru, jo tas var\u0113tu palielin\u0101t spiedienu uz ES\u00a0dal\u012bbvalst\u012bm. Vienlaikus avots nor\u0101d\u012bja, ka da\u013cu finans\u0113juma var\u0113tu nodr&#8230;<\/p>\n","protected":false},"excerpt":{"rendered":"&#8220;Runa ir par vair\u0101kiem miljardiem eiro, kas paredz\u0113ti Ukrainai nepiecie\u0161amo pretgaisa aizsardz\u012bbas sist\u0113mu, tostarp kompleksu &#8220;Patriot PAC-3&#8221; ieg\u0101dei,&hellip;\n","protected":false},"author":2,"featured_media":284355,"comment_status":"","ping_status":"","sticky":false,"template":"","format":"standard","meta":{"footnotes":"","_share_on_mastodon":"0"},"categories":[5],"tags":[23,28,29,32,33,22,30,31,35,39,38,36,37,34,40,20,26,27,24,25,21],"class_list":["post-284354","post","type-post","status-publish","format-standard","has-post-thumbnail","category-aktualitates","tag-aktualitates","tag-breaking-news","tag-breakingnews","tag-featured-news","tag-featurednews","tag-headlines","tag-latest-news","tag-latestnews","tag-latvia","tag-latvian","tag-latviesu","tag-latviesu-valoda","tag-latviesuvaloda","tag-latvija","tag-lv","tag-news","tag-popularakas-zinas","tag-popularakaszinas","tag-top-stories","tag-topstories","tag-zinas"],"share_on_mastodon":{"url":"https:\/\/pubeurope.com\/@lv\/117206255556659804","error":""},"_links":{"self":[{"href":"https:\/\/www.europesays.com\/lv\/wp-json\/wp\/v2\/posts\/284354","targetHints":{"allow":["GET"]}}],"collection":[{"href":"https:\/\/www.europesays.com\/lv\/wp-json\/wp\/v2\/posts"}],"about":[{"href":"https:\/\/www.europesays.com\/lv\/wp-json\/wp\/v2\/types\/post"}],"author":[{"embeddable":true,"href":"https:\/\/www.europesays.com\/lv\/wp-json\/wp\/v2\/users\/2"}],"replies":[{"embeddable":true,"href":"https:\/\/www.europesays.com\/lv\/wp-json\/wp\/v2\/comments?post=284354"}],"version-history":[{"count":0,"href":"https:\/\/www.europesays.com\/lv\/wp-json\/wp\/v2\/posts\/284354\/revisions"}],"wp:featuredmedia":[{"embeddable":true,"href":"https:\/\/www.europesays.com\/lv\/wp-json\/wp\/v2\/media\/284355"}],"wp:attachment":[{"href":"https:\/\/www.europesays.com\/lv\/wp-json\/wp\/v2\/media?parent=284354"}],"wp:term":[{"taxonomy":"category","embeddable":true,"href":"https:\/\/www.europesays.com\/lv\/wp-json\/wp\/v2\/categories?post=284354"},{"taxonomy":"post_tag","embeddable":true,"href":"https:\/\/www.europesays.com\/lv\/wp-json\/wp\/v2\/tags?post=284354"}],"curies":[{"name":"wp","href":"https:\/\/api.w.org\/{rel}","templated":true}]}}