{"id":28436,"date":"2025-10-22T18:06:19","date_gmt":"2025-10-22T18:06:19","guid":{"rendered":"https:\/\/www.europesays.com\/lv\/28436\/"},"modified":"2025-10-22T18:06:19","modified_gmt":"2025-10-22T18:06:19","slug":"maple-leafs-treneris-par-lideru-problemam-ja-godigi-esmu-noguris-no-ta-visa","status":"publish","type":"post","link":"https:\/\/www.europesays.com\/lv\/28436\/","title":{"rendered":"\u201cMaple Leafs\u201d treneris par l\u012bderu probl\u0113m\u0101m: Ja god\u012bgi, esmu noguris no t\u0101 visa"},"content":{"rendered":"<p>                                <img decoding=\"async\" src=\"https:\/\/www.europesays.com\/lv\/wp-content\/uploads\/2025\/10\/kreigs-berube-sportazinas-com-750x450.jpg\"   alt=\"Kreigs Berube\" class=\"post-featured-image\"\/><\/p>\n<p>Kreigs Berube | Foto: Toronto &#8220;Maple Leafs&#8221;<\/p>\n<p>Nacion\u0101l\u0101s hokeja l\u012bgas (NHL) komandas Toronto \u201cMaple Leafs\u201d galvenais treneris <a href=\"https:\/\/www.sportazinas.com\/atsl%C4%93gv%C4%81rdi\/kreigs-berube\" rel=\"nofollow noopener\" target=\"_blank\">Kreigs Berube<\/a> <a href=\"https:\/\/www.thescore.com\/news\/3375188\" target=\"_blank\" rel=\"noreferrer noopener nofollow\">dal\u012bj\u0101s viedokl\u012b<\/a> par vi\u0146a vad\u012bt\u0101s vien\u012bbas l\u012bderu probl\u0113m\u0101m.<\/p>\n<p>Aizvad\u012btaj\u0101 nakt\u012b \u201cMaple Leafs\u201d ar 2:5 zaud\u0113ja \u0145\u016bdz\u0113rsijas \u201cDevils\u201d. \u0160aj\u0101 sp\u0113l\u0113 pirmaj\u0101 uzbruc\u0113ju virkn\u0113jum\u0101 sp\u0113l\u0113ja Makss Domi, Ostins Metj\u016bzs un Metj\u016b Naiss, nevienam no \u0161\u012b trio pie punktiem netiekot.<\/p>\n<p>K\u0101 nor\u0101da \u201cThe Score\u201d, ja Metj\u016bzs un Naiss kop\u0101 sp\u0113l\u0113 kop\u0161 sezonas s\u0101kuma, aizvadot septi\u0146us ma\u010dus, tad labaj\u0101 mal\u0101 savus sp\u0113kus izm\u0113\u0123in\u0101ju\u0161i jau pieci hokejisti. \u201cSezonas s\u0101kum\u0101 man \u0161\u0137ita, ka vi\u0146iem ir iesp\u0113jas un vi\u0146i izskat\u0101s diezgan labi,\u201d par pirm\u0101s mai\u0146as sniegumu izteic\u0101s treneris. \u201cBet tagad ar to nepietiek. Nej\u016btu, ka no vi\u0146iem visu laiku b\u016btu spiediens uzbrukuma zon\u0101.\u201d<\/p>\n<p>Berube ar\u012b atzina, ka Metj\u016bzs, iesp\u0113jams, v\u0113l piel\u0101gojas p\u0113c tam, kad vi\u0146\u0161 vair\u0101kas sezonas sp\u0113l\u0113ja kopa ar Mi\u010du M\u0101rneru, kur\u0161 starpsezon\u0101 k\u013cuva par Vegasas \u201cGolden Knights\u201d sp\u0113l\u0113t\u0101ju. \u201cIesp\u0113jams. Bet, god\u012bgi sakot, esmu noguris no t\u0101 visa,\u201d teica speci\u0101lists.<\/p>\n<p>Sezonas pirmajos septi\u0146os ma\u010dos Toronto komanda tikusi pie tr\u012bs uzvar\u0101m.<\/p>\n","protected":false},"excerpt":{"rendered":"Kreigs Berube | Foto: Toronto &#8220;Maple Leafs&#8221; Nacion\u0101l\u0101s hokeja l\u012bgas (NHL) komandas Toronto \u201cMaple Leafs\u201d galvenais treneris Kreigs&hellip;\n","protected":false},"author":2,"featured_media":28437,"comment_status":"","ping_status":"","sticky":false,"template":"","format":"standard","meta":{"footnotes":""},"categories":[17],"tags":[35,39,38,36,37,34,40,67],"class_list":{"0":"post-28436","1":"post","2":"type-post","3":"status-publish","4":"format-standard","5":"has-post-thumbnail","7":"category-sports","8":"tag-latvia","9":"tag-latvian","10":"tag-latviesu","11":"tag-latviesu-valoda","12":"tag-latviesuvaloda","13":"tag-latvija","14":"tag-lv","15":"tag-sports"},"share_on_mastodon":{"url":"","error":""},"_links":{"self":[{"href":"https:\/\/www.europesays.com\/lv\/wp-json\/wp\/v2\/posts\/28436","targetHints":{"allow":["GET"]}}],"collection":[{"href":"https:\/\/www.europesays.com\/lv\/wp-json\/wp\/v2\/posts"}],"about":[{"href":"https:\/\/www.europesays.com\/lv\/wp-json\/wp\/v2\/types\/post"}],"author":[{"embeddable":true,"href":"https:\/\/www.europesays.com\/lv\/wp-json\/wp\/v2\/users\/2"}],"replies":[{"embeddable":true,"href":"https:\/\/www.europesays.com\/lv\/wp-json\/wp\/v2\/comments?post=28436"}],"version-history":[{"count":0,"href":"https:\/\/www.europesays.com\/lv\/wp-json\/wp\/v2\/posts\/28436\/revisions"}],"wp:featuredmedia":[{"embeddable":true,"href":"https:\/\/www.europesays.com\/lv\/wp-json\/wp\/v2\/media\/28437"}],"wp:attachment":[{"href":"https:\/\/www.europesays.com\/lv\/wp-json\/wp\/v2\/media?parent=28436"}],"wp:term":[{"taxonomy":"category","embeddable":true,"href":"https:\/\/www.europesays.com\/lv\/wp-json\/wp\/v2\/categories?post=28436"},{"taxonomy":"post_tag","embeddable":true,"href":"https:\/\/www.europesays.com\/lv\/wp-json\/wp\/v2\/tags?post=28436"}],"curies":[{"name":"wp","href":"https:\/\/api.w.org\/{rel}","templated":true}]}}