{"id":284360,"date":"2026-09-03T08:55:30","date_gmt":"2026-09-03T08:55:30","guid":{"rendered":"https:\/\/www.europesays.com\/lv\/284360\/"},"modified":"2026-09-03T08:55:30","modified_gmt":"2026-09-03T08:55:30","slug":"no-2-septembra-lidz-8-oktobrim-visa-latvija-norisinasies-visaptverosas-valsts-aizsardzibas-macibas-namejs-2026-iauto-lv","status":"publish","type":"post","link":"https:\/\/www.europesays.com\/lv\/284360\/","title":{"rendered":"No 2. septembra l\u012bdz 8. oktobrim vis\u0101 Latvij\u0101 norisin\u0101sies visaptvero\u0161as valsts aizsardz\u012bbas m\u0101c\u012bbas \u201cNamejs 2026\u201d &#8211; iAuto.lv"},"content":{"rendered":"<ol>\n<li><a href=\"https:\/\/news.google.com\/rss\/articles\/CBMi-wFBVV95cUxNVkZudE5pdmRnUWdjUXQ1VDVHd3ZSbHF6YWU5ZDBhdkJyWVVhemZicktMYmxOcncxZ01PR2pzVVU5aE9LNy1ObnQyRVhlYnl6Wk14XzBIRDdZdE1ZY25GU0U1bUxQMi1aVlZjdHJFNDY1VjktMkhqT3FfdUNmUmNSQWJham9QRzJNQkttbkVZZFRReGdORURZZWFoRWdlZFlWeVVQS2FSUHVxdGQ3Nm5VRk1fNVo5UU1wOEF5dktWUWZqZEpXYmVSV2I5YWx3U0JrYnJjZkZRekRkbHBubjBRb1pjX0Q0Z29lQThoWmF0SnlqeFhMTllHWGJycw?oc=5\" target=\"_blank\" rel=\"nofollow noopener\">No 2. septembra l\u012bdz 8. oktobrim vis\u0101 Latvij\u0101 norisin\u0101sies visaptvero\u0161as valsts aizsardz\u012bbas m\u0101c\u012bbas \u201cNamejs 2026\u201d<\/a>&nbsp;&nbsp;iAuto.lv<\/li>\n<li><a href=\"https:\/\/news.google.com\/rss\/articles\/CBMiwgFBVV95cUxQdG1McWJVRjlyTlp4TURucVQtNjRuQnNibjFaSzRoN0tRVldHWE9QNVV3b1VPazU5dnpINmNhcktOV0VXdmpSbktiSDh0XzhmeXpwcmdDSUFBdDVkRkFkUUNhT0g1c3Zkb1BXTWtXVEk3SGVNTXZ1eG5HSmVLZ0VCZkVMQW8wRmdWM1AtWnZtanBxQ2M3a2ctRHpKcnF6UjVnRGNTT00xQThaS0xwOGlNUWtYbnlpNVFBVlM0WDQ4STVOQQ?oc=5\" target=\"_blank\" rel=\"nofollow noopener\">Vis\u0101 valst\u012b l\u012bdz 8. oktobrim notiek milit\u0101r\u0101s m\u0101c\u012bbas \u00abNamejs 2026\u00bb \/ Raksts<\/a>&nbsp;&nbsp;LSM<\/li>\n<li><a href=\"https:\/\/news.google.com\/rss\/articles\/CBMiwgFBVV95cUxPcW5yXzJsQTFFaHhfZ01UVUJKY2tZaTlQdkZnWW9MQWVCRE9vaDVTVWdqdU5DcTlKU1VVV1daQnFSd3ZxS0J6cTE3RXFyUjZvOU1CUlNhNHdxQ0x3SElsQ3lMMzdtTXc1STNBelRCMzZhWnNuNEs0eU1IbFYyeHRWc0N3cGZielVWZ2QxdWg5OFlUOUJES2FJTldib0QtWl9FSHBBSTNMZElOZ3FBM1RiNWhzUXFjckNILU1ndkdXc1pVZw?oc=5\" target=\"_blank\" rel=\"nofollow noopener\">Milit\u0101r\u0101 tehnika uz ce\u013ciem un lidapar\u0101ti zem\u0101 augstum\u0101 \u2013 kas septembr\u012b gaid\u0101ms Pier\u012bgas novados<\/a>&nbsp;&nbsp;Kodols<\/li>\n<li><a href=\"https:\/\/news.google.com\/rss\/articles\/CBMilgFBVV95cUxOeTA2d2xfQkRuVTM2N3BrQkF5aGc5VjJ1TW8yamk5RWw1Ym1TNHNfdlhMSWtMMkNCMTdFWmIySzZCMmNlWnpOVWhoS016NGNJamFxSHdBTGFUck1PWHVSSGdTUjVUZTFzMTBVUFdMSm9QUHF3Y254UUQ2Q1lEc0RybmFSXzA0WTZ4eVBkdk8zQ1FuYzk5eHc?oc=5\" target=\"_blank\" rel=\"nofollow noopener\">Aizkraukles novad\u0101 uz ce\u013ciem par\u0101d\u012bsies milit\u0101rie kontrolpunkti<\/a>&nbsp;&nbsp;staburags.lv<\/li>\n<li><a href=\"https:\/\/news.google.com\/rss\/articles\/CBMiiwFBVV95cUxPb0VKTGk3bE44OFdwNTRNN3hKRmVKaURBc1ZpQnZaVVpOTWJwd1BLNVlINmM4ZWVvb25mYnBWaGNoa043U0NaZnA0VkozWTdhZGFuZ2ExdU80a2dsamtZVGd4Qlp0bWFuSFdPSEF3amdMOXdQWmJBenh2blNHVy1uOG1WaFJ5YTFSU0g4?oc=5\" target=\"_blank\" rel=\"nofollow noopener\">Vidzeme: Valmieras pa\u0161vald\u012bb\u0101 \u2013 civil\u0101s aizsardz\u012bbas m\u0101c\u012bbas<\/a>&nbsp;&nbsp;Auseklis.lv<\/li>\n<\/ol>\n","protected":false},"excerpt":{"rendered":"No 2. septembra l\u012bdz 8. oktobrim vis\u0101 Latvij\u0101 norisin\u0101sies visaptvero\u0161as valsts aizsardz\u012bbas m\u0101c\u012bbas \u201cNamejs 2026\u201d&nbsp;&nbsp;iAuto.lv Vis\u0101 valst\u012b l\u012bdz&hellip;\n","protected":false},"author":2,"featured_media":284361,"comment_status":"","ping_status":"","sticky":false,"template":"","format":"standard","meta":{"footnotes":"","_share_on_mastodon":"0"},"categories":[12],"tags":[23,28,29,32,33,22,30,31,35,39,38,36,37,34,40,20,26,27,24,25,21],"class_list":["post-284360","post","type-post","status-publish","format-standard","has-post-thumbnail","category-latvija","tag-aktualitates","tag-breaking-news","tag-breakingnews","tag-featured-news","tag-featurednews","tag-headlines","tag-latest-news","tag-latestnews","tag-latvia","tag-latvian","tag-latviesu","tag-latviesu-valoda","tag-latviesuvaloda","tag-latvija","tag-lv","tag-news","tag-popularakas-zinas","tag-popularakaszinas","tag-top-stories","tag-topstories","tag-zinas"],"share_on_mastodon":{"url":"https:\/\/pubeurope.com\/@lv\/117206274834057794","error":""},"_links":{"self":[{"href":"https:\/\/www.europesays.com\/lv\/wp-json\/wp\/v2\/posts\/284360","targetHints":{"allow":["GET"]}}],"collection":[{"href":"https:\/\/www.europesays.com\/lv\/wp-json\/wp\/v2\/posts"}],"about":[{"href":"https:\/\/www.europesays.com\/lv\/wp-json\/wp\/v2\/types\/post"}],"author":[{"embeddable":true,"href":"https:\/\/www.europesays.com\/lv\/wp-json\/wp\/v2\/users\/2"}],"replies":[{"embeddable":true,"href":"https:\/\/www.europesays.com\/lv\/wp-json\/wp\/v2\/comments?post=284360"}],"version-history":[{"count":0,"href":"https:\/\/www.europesays.com\/lv\/wp-json\/wp\/v2\/posts\/284360\/revisions"}],"wp:featuredmedia":[{"embeddable":true,"href":"https:\/\/www.europesays.com\/lv\/wp-json\/wp\/v2\/media\/284361"}],"wp:attachment":[{"href":"https:\/\/www.europesays.com\/lv\/wp-json\/wp\/v2\/media?parent=284360"}],"wp:term":[{"taxonomy":"category","embeddable":true,"href":"https:\/\/www.europesays.com\/lv\/wp-json\/wp\/v2\/categories?post=284360"},{"taxonomy":"post_tag","embeddable":true,"href":"https:\/\/www.europesays.com\/lv\/wp-json\/wp\/v2\/tags?post=284360"}],"curies":[{"name":"wp","href":"https:\/\/api.w.org\/{rel}","templated":true}]}}