{"id":284362,"date":"2026-09-03T08:56:14","date_gmt":"2026-09-03T08:56:14","guid":{"rendered":"https:\/\/www.europesays.com\/lv\/284362\/"},"modified":"2026-09-03T08:56:14","modified_gmt":"2026-09-03T08:56:14","slug":"iekslietu-ministrs-dombrava-iztur-neuzticibas-balsojumu-saeima-raksts","status":"publish","type":"post","link":"https:\/\/www.europesays.com\/lv\/284362\/","title":{"rendered":"Iek\u0161lietu ministrs Dombrava iztur neuztic\u012bbas balsojumu Saeim\u0101 \/ Raksts"},"content":{"rendered":"<p>Iek\u0161lietu ministrs J\u0101nis Dombrava (Nacion\u0101l\u0101 apvien\u012bba) ceturtdien, 3. septembr\u012b, iztur\u0113ja opoz\u012bcijas partijas &#8220;Latvija pirmaj\u0101 viet\u0101&#8221; (LPV) un vair\u0101ku pie frakcij\u0101m nepiedero\u0161o deput\u0101tu rosin\u0101to neuztic\u012bbas balsojumu. Deput\u0101ti piepras\u012bja ministra demisiju saist\u012bb\u0101 ar Latvijas-Baltkrievijas robe\u017ekontroles punkta <a href=\"https:\/\/www.lsm.lv\/raksts\/zinas\/latvija\/31.07.2026-slegta-latvijas-un-baltkrievijas-robeza.a657108\/\" rel=\"nofollow noopener\" target=\"_blank\">&#8220;P\u0101ternieki&#8221; sl\u0113g\u0161anu j\u016blija izska\u0146\u0101<\/a>. \u0160is bija pirmais demisijas piepras\u012bjums k\u0101dam no Andra Kulberga (&#8220;Apvienotais saraksts&#8221;) vald\u012bbas ministriem, un uzreiz p\u0113c t\u0101 Saeim\u0101 p\u0113c LPV rosin\u0101juma lemj ar\u012b par neuztic\u012bbas izteik\u0161anu satiksmes ministram Rihardam Kozlovskim (&#8220;Jaun\u0101 Vienot\u012bba&#8221;).<\/p>\n<p style=\"margin-left:0cm; margin-right:0cm\">Par Dombravas demisiju nobalsoja 25 deput\u0101ti, pret bija 64. Dombravas demisiju atbalst\u012bja LPV un partijas &#8220;Progres\u012bvie&#8221; deput\u0101ti, k\u0101 ar\u012b vair\u0101ki pie frakcij\u0101m nepiedero\u0161ie deput\u0101ti, tostarp biju\u0161ie un eso\u0161ie &#8220;Stabilit\u0101tei&#8221; deput\u0101ti.<\/p>\n<p>Dombravam p\u0101rmet necie\u0146u pret uz\u0146\u0113m\u0113jiem<\/p>\n<p>&#8220;P\u0101ternieki&#8221; ir vien\u012bgais Latvijas-Baltkrievijas autoce\u013cu robe\u017e\u0161\u0137\u0113rso\u0161anas punkts. Dombrava 31. j\u016blij\u0101 pazi\u0146oja, ka robe\u017ekontroles <a href=\"https:\/\/www.lsm.lv\/raksts\/zinas\/latvija\/31.07.2026-slegta-latvijas-un-baltkrievijas-robeza.a657108\/\" class=\"lsm-link\" data-type=\"article\" data-id=\"657108\" rel=\"nofollow noopener\" target=\"_blank\">punkts sl\u0113gts<\/a>. Valsts robe\u017esardze skaidroja, robe\u017ekontroles punkt\u0101 nov\u0113roti trauc\u0113jumi inform\u0101cijas sist\u0113mu darb\u012bb\u0101, t\u0101p\u0113c\u00a0robe\u017ekontrole nav iesp\u0113jama.<\/p>\n<p>Robe\u017e\u0161\u0137\u0113rso\u0161anas punkts bija <a href=\"https:\/\/www.lsm.lv\/raksts\/zinas\/latvija\/03.08.2026-nav-jegas-te-palikt-ceturto-dienu-nav-skaidribas-par-slegto-paternieku-robezpunktu.a657324\/\" class=\"lsm-link\" data-type=\"article\" data-id=\"657324\" rel=\"nofollow noopener\" target=\"_blank\">sl\u0113gts vair\u0101kas dienas<\/a>, t\u0101 darb\u012bbu atjaunoja 4. august\u0101.<\/p>\n<p>LPV un vair\u0101ki pie frakcij\u0101m nepiedero\u0161ie deput\u0101ti uzskata, ka ministra l\u0113mums &#8220;P\u0101terniekus&#8221; sl\u0113gt bija &#8220;politisks akts, kura prim\u0101rais m\u0113r\u0137is ir politisko dividen\u017eu g\u016b\u0161ana un Nacion\u0101l\u0101s apvien\u012bbas reitingu cel\u0161ana&#8221;.<\/p>\n<p>Deput\u0101ti atz\u012bm\u0113ja, ka pazi\u0146ojums par robe\u017e\u0161\u0137\u0113rso\u0161anas punkta sl\u0113g\u0161anu tika pazi\u0146ots piektdienas vakar\u0101, ner\u0113\u0137inoties, ka rind\u0101 uz robe\u017eas \u0161\u0137\u0113rso\u0161anu gaida vair\u0101ki kravu p\u0101rvad\u0101t\u0101ji.<\/p>\n<blockquote>\n<p>&#8220;Ministra r\u012bc\u012bba ir spilgts apliecin\u0101jums piln\u012bgai necie\u0146ai uz\u0146\u0113m\u0113jiem un ar\u012b valstiskaj\u0101m interes\u0113m, p\u0101rraujot un ignor\u0113jot lo\u0123istikas \u0137\u0113\u017eu nep\u0101rtraukt\u012bbu.<\/p>\n<\/blockquote>\n<p>Sabiedr\u012bbai un nozarei visp\u0101r netika sniegta nek\u0101da detaliz\u0113ta inform\u0101cija par radu\u0161os tehnisko probl\u0113mu patieso raksturu, to iesp\u0113jamajiem c\u0113lo\u0146iem, paredzamo nov\u0113r\u0161anas termi\u0146u vai alternat\u012bvajiem risin\u0101jumiem starptautisko kravu pl\u016bsmas nodro\u0161in\u0101\u0161anai, kas ir klaj\u0161 labas p\u0101rvald\u012bbas principu p\u0101rk\u0101pums un politisk\u0101 cinisma paraugs,&#8221; nor\u0101d\u012bja LPV.<\/p>\n<p>Partija uzskata, ka Dombrava izmantojis ministra pilnvaras vienas partijas \u0161auriem politiskajiem m\u0113r\u0137iem.<\/p>\n<p>Demisijas piepras\u012bjumu atbalsta ar\u012b &#8220;Progres\u012bvie&#8221;<\/p>\n<p>LPV aicin\u0101jumam no Saeimas trib\u012bnes pievienoj\u0101s ar\u012b pie frakcij\u0101m nepiedero\u0161ais deput\u0101ts Amils Sa\u013cimovs,\u00a0nor\u0101dot, ka Dombrava ir atbild\u012bgs ar\u012b par neefekt\u012bvu migr\u0101cijas kontroli.<\/p>\n<p style=\"margin-left:0cm; margin-right:0cm\">Ar\u012b &#8220;Progres\u012bvo&#8221; Saeimas frakcijas vad\u012bt\u0101js Andris \u0160uvajevs nor\u0101d\u012bja, ka atbalsta Dombravas demisiju, par iemeslu minot ar\u012b Dombravas v\u0113stuli Sp\u0101nijai,\u00a0<a href=\"https:\/\/www.lsm.lv\/raksts\/zinas\/latvija\/10.08.2026-dombrava-vestule-spanijai-parmetis-migracijas-politikas-vajinasanu-apsaubijis-es-solidaritates-palidzibu-krizes-gadijuma.a658247\/\" class=\"lsm-link\" data-type=\"article\" data-id=\"658247\" rel=\"nofollow noopener\" target=\"_blank\">kur\u0101 ministrs tai p\u0101rmetis<\/a>\u00a0migr\u0101cijas politikas v\u0101jin\u0101\u0161anu un ap\u0161aub\u012bjis\u00a0Eiropas Savien\u012bbas solidarit\u0101tes pal\u012bdz\u012bbu kr\u012bzes gad\u012bjum\u0101.<\/p>\n<p>\u0160uvajevs ar\u012b pauda, ka, vi\u0146apr\u0101t, eso\u0161\u0101 vald\u012bba ir &#8220;divkos\u012bga migr\u0101cijas jaut\u0101jumos&#8221;, atsaucoties uz <a href=\"https:\/\/www.lsm.lv\/raksts\/zinas\/latvija\/20.08.2026-vai-latvijai-tirgot-zelta-vizas-saeima-otrreiz-caurskata-un-pienem-jauno-imigracijas-likumu.a659584\/?utm_source=lsm&amp;utm_medium=theme&amp;utm_campaign=theme\" class=\"lsm-link\" data-type=\"article\" data-id=\"659584\" rel=\"nofollow noopener\" target=\"_blank\">nesen pie\u0146emto Imigr\u0101cijas likumu<\/a>, kas paredz iesp\u0113ju sa\u0146emt termi\u0146uztur\u0113\u0161an\u0101s at\u013cauju apmai\u0146\u0101 pret invest\u012bcij\u0101m.<\/p>\n<p>            <img decoding=\"async\" src=\"https:\/\/www.europesays.com\/lv\/wp-content\/uploads\/2026\/09\/u2q1.jpg\" alt=\"&quot;Progres\u012bvie&quot; Saeimas frakcijas vad\u012bt\u0101js Andris \u0160uvajevs\"\/><\/p>\n<p>Foto: Ieva \u0100bele-Ozoli\u0146a, Saeima<\/p>\n<p>&#8220;Progres\u012bvie&#8221; Saeimas frakcijas vad\u012bt\u0101js Andris \u0160uvajevs<\/p>\n<\/p>\n<p>Nacion\u0101l\u0101 apvien\u012bba savu ministru aizst\u0101v ar\u012b \u0101rpus Saeimas trib\u012bnes<\/p>\n<p>Dombravas partijas biedri no Nacion\u0101l\u0101s apvien\u012bbas\u00a0pauda, ka opoz\u012bcijas piepras\u012bjums esot saprotams, jo tai nepat\u012bkot ministra pie\u0146emtie l\u0113mumi, kas attiecas uz latvie\u0161u valodas aizsardz\u012bbu\u00a0un imigr\u0101cijas ierobe\u017eo\u0161anu.<\/p>\n<blockquote>\n<p style=\"margin-left:0cm; margin-right:0cm\">&#8220;Tas, ka vi\u0146iem nepat\u012bk, ko dara J\u0101nis Dombrava iek\u0161lietu ministra amat\u0101, manupr\u0101t, ir labi.<\/p>\n<\/blockquote>\n<p style=\"margin-left:0cm; margin-right:0cm\">Tas ir pozit\u012bvs sign\u0101ls Latvijas sabiedr\u012bbai, ka lietas iet pareizaj\u0101 virzien\u0101. Daudz slikt\u0101k b\u016btu, ja [&#8220;Latvija pirmaj\u0101 viet\u0101&#8221; vad\u012bt\u0101js Ain\u0101rs] \u0160lesers un [&#8220;Stabilit\u0101tei!&#8221; biju\u0161ais vad\u012bt\u0101js] Ros\u013cikovs atbalst\u012btu Dombravu,&#8221; sac\u012bja Nacion\u0101l\u0101s apvien\u012bbas deput\u0101ts Edv\u012bns \u0160nore.<\/p>\n<p style=\"margin-left:0cm; margin-right:0cm\">Nacion\u0101l\u0101 apvien\u012bba ceturtdien pie Saeimas r\u012bkoja ar\u012b piketu Dombravas atbalstam.<\/p>\n<p style=\"margin-left:0cm; margin-right:0cm\"><img decoding=\"async\" src=\"https:\/\/www.europesays.com\/lv\/wp-content\/uploads\/2026\/09\/u2q0.jpg\" alt=\"Nacion\u0101l\u0101s apvien\u012bbas r\u012bkotais pikets ministra Dombravas atbalstam\"\/>Nacion\u0101l\u0101s apvien\u012bbas r\u012bkotais pikets ministra Dombravas atbalstam<\/p>\n<p>Foto: Kri\u0161s Kairis \/ Latvijas Telev\u012bzija<\/p>\n<p><img decoding=\"async\" src=\"https:\/\/www.europesays.com\/lv\/wp-content\/uploads\/2026\/09\/u2pz.jpg\" alt=\"Nacion\u0101l\u0101s apvien\u012bbas r\u012bkotais pikets ministra Dombravas atbalstam\"\/>Nacion\u0101l\u0101s apvien\u012bbas r\u012bkotais pikets ministra Dombravas atbalstam<\/p>\n<p>Foto: Kri\u0161s Kairis \/ Latvijas Telev\u012bzija<\/p>\n<p><img decoding=\"async\" src=\"https:\/\/www.europesays.com\/lv\/wp-content\/uploads\/2026\/09\/u2py.jpg\" alt=\"Nacion\u0101l\u0101s apvien\u012bbas r\u012bkotais pikets ministra Dombravas atbalstam\"\/>Nacion\u0101l\u0101s apvien\u012bbas r\u012bkotais pikets ministra Dombravas atbalstam<\/p>\n<p>Foto: Kri\u0161s Kairis \/ Latvijas Telev\u012bzija<\/p>\n<p><img decoding=\"async\" src=\"https:\/\/www.europesays.com\/lv\/wp-content\/uploads\/2026\/09\/u2px.jpg\" alt=\"Nacion\u0101l\u0101s apvien\u012bbas r\u012bkotais pikets ministra Dombravas atbalstam\"\/>Nacion\u0101l\u0101s apvien\u012bbas r\u012bkotais pikets ministra Dombravas atbalstam<\/p>\n<p>Foto: Kri\u0161s Kairis \/ Latvijas Telev\u012bzija<\/p>\n<\/p>\n<p style=\"margin-left:0cm; margin-right:0cm\">Neatbalst\u012bt ministra demisijas piepras\u012bjumu aicin\u0101ja ar\u012b koal\u012bcijas partneri &#8220;Jaun\u0101 Vienot\u012bba&#8221;, frakcijas vad\u012bt\u0101jam Edmundam Jur\u0113vicam saucot to par LPV priek\u0161v\u0113l\u0113\u0161anu triku. Vi\u0146\u0161 ar\u012b pauda, ka nesen pie\u0146emtie Imigr\u0101cijas likuma groz\u012bjumi imigr\u0101cijas politiku padara daudz stingr\u0101ku un kontrol\u0113jam\u0101ku. Ar\u012b &#8220;Apvienot\u0101 saraksta&#8221; deput\u0101ti demisijas piepras\u012bjumu noraid\u012bja.<\/p>\n<p style=\"margin-left:0cm; margin-right:0cm\">Savuk\u0101rt LPV deput\u0101ts Kristaps Kri\u0161topans Nacion\u0101lajai apvien\u012bbai p\u0101rmeta, ka deput\u0101ti nav las\u012bju\u0161i LPV rosin\u0101t\u0101s demisijas pamatojumu. LPV neesot pretenziju pret imigr\u0101cijas reidiem vai naz\u012b\u0161u mekl\u0113\u0161anu patv\u0113ruma mekl\u0113t\u0101ju centr\u0101 Muceniekos.<\/p>\n<blockquote>\n<p style=\"margin-left:0cm; margin-right:0cm\">&#8220;Pretenzijas mums ir par to, ka j\u016bs ar nep\u0101rdom\u0101tiem l\u0113mumiem ietekm\u0113jat priv\u0101to sektoru,&#8221; sac\u012bja Kri\u0161topans.<\/p>\n<\/blockquote>\n<p>                    Valodas k\u013c\u016bda rakst\u0101?<\/p>\n<p class=\"d-none d-md-block\">Iez\u012bm\u0113jiet tekstu un spiediet Ctrl+Enter, lai nos\u016bt\u012btu labojamo teksta fragmentu redaktoram! Par faktu k\u013c\u016bd\u0101m l\u016bdzam zi\u0146ot e-past\u0101 redakcija@lsm.lv.<\/p>\n<p class=\"d-md-none\">Iez\u012bm\u0113jiet tekstu un spiediet uz Zi\u0146ot par k\u013c\u016bdu pogas, lai nos\u016bt\u012btu labojamo teksta fragmentu redaktoram!<\/p>\n<p>\n                    Zi\u0146ot par k\u013c\u016bdu\n                <\/p>\n","protected":false},"excerpt":{"rendered":"Iek\u0161lietu ministrs J\u0101nis Dombrava (Nacion\u0101l\u0101 apvien\u012bba) ceturtdien, 3. septembr\u012b, iztur\u0113ja opoz\u012bcijas partijas &#8220;Latvija pirmaj\u0101 viet\u0101&#8221; (LPV) un vair\u0101ku&hellip;\n","protected":false},"author":2,"featured_media":284363,"comment_status":"","ping_status":"","sticky":false,"template":"","format":"standard","meta":{"footnotes":"","_share_on_mastodon":"0"},"categories":[5],"tags":[23,28,29,32,33,22,30,31,35,39,38,36,37,34,40,20,26,27,24,25,21],"class_list":["post-284362","post","type-post","status-publish","format-standard","has-post-thumbnail","category-aktualitates","tag-aktualitates","tag-breaking-news","tag-breakingnews","tag-featured-news","tag-featurednews","tag-headlines","tag-latest-news","tag-latestnews","tag-latvia","tag-latvian","tag-latviesu","tag-latviesu-valoda","tag-latviesuvaloda","tag-latvija","tag-lv","tag-news","tag-popularakas-zinas","tag-popularakaszinas","tag-top-stories","tag-topstories","tag-zinas"],"share_on_mastodon":{"url":"https:\/\/pubeurope.com\/@lv\/117206279374574431","error":""},"_links":{"self":[{"href":"https:\/\/www.europesays.com\/lv\/wp-json\/wp\/v2\/posts\/284362","targetHints":{"allow":["GET"]}}],"collection":[{"href":"https:\/\/www.europesays.com\/lv\/wp-json\/wp\/v2\/posts"}],"about":[{"href":"https:\/\/www.europesays.com\/lv\/wp-json\/wp\/v2\/types\/post"}],"author":[{"embeddable":true,"href":"https:\/\/www.europesays.com\/lv\/wp-json\/wp\/v2\/users\/2"}],"replies":[{"embeddable":true,"href":"https:\/\/www.europesays.com\/lv\/wp-json\/wp\/v2\/comments?post=284362"}],"version-history":[{"count":0,"href":"https:\/\/www.europesays.com\/lv\/wp-json\/wp\/v2\/posts\/284362\/revisions"}],"wp:featuredmedia":[{"embeddable":true,"href":"https:\/\/www.europesays.com\/lv\/wp-json\/wp\/v2\/media\/284363"}],"wp:attachment":[{"href":"https:\/\/www.europesays.com\/lv\/wp-json\/wp\/v2\/media?parent=284362"}],"wp:term":[{"taxonomy":"category","embeddable":true,"href":"https:\/\/www.europesays.com\/lv\/wp-json\/wp\/v2\/categories?post=284362"},{"taxonomy":"post_tag","embeddable":true,"href":"https:\/\/www.europesays.com\/lv\/wp-json\/wp\/v2\/tags?post=284362"}],"curies":[{"name":"wp","href":"https:\/\/api.w.org\/{rel}","templated":true}]}}