{"id":284364,"date":"2026-09-03T08:58:11","date_gmt":"2026-09-03T08:58:11","guid":{"rendered":"https:\/\/www.europesays.com\/lv\/284364\/"},"modified":"2026-09-03T08:58:11","modified_gmt":"2026-09-03T08:58:11","slug":"avclub-septembri-saks-latvijas-telpu-futbola-virsligas-sezonu","status":"publish","type":"post","link":"https:\/\/www.europesays.com\/lv\/284364\/","title":{"rendered":"\u201cAVClub\u201d septembr\u012b s\u0101ks Latvijas telpu futbola Virsl\u012bgas sezonu"},"content":{"rendered":"<p>\t\t        \t<a href=\"https:\/\/www.daugavpils.lv\/assets\/upload\/news\/2026\/09\/daugavpils-fs-fk-ncaotankimil-09-11-114_max.jpg\" rel=\"nofollow noopener\" target=\"_blank\"><img decoding=\"async\" src=\"https:\/\/www.europesays.com\/lv\/wp-content\/uploads\/2026\/09\/daugavpils-fs-fk-ncaotankimil-09-11-114_sml.jpg\" class=\"news-image\" title=\"\u201cAVClub\u201d septembr\u012b s\u0101ks Latvijas telpu futbola Virsl\u012bgas sezonu\" alt=\"\u201cAVClub\u201d septembr\u012b s\u0101ks Latvijas telpu futbola Virsl\u012bgas sezonu\"\/><\/a><\/p>\n<p>19. septembr\u012b, plkst. 19.00 Daugavpils komanda \u201cAVClub\u201d Kuld\u012bg\u0101 s\u0101ks 2026.\/2027. gada Latvijas telpu futbola Virsl\u012bgas sezonu pret FC \u201cNikers\u201d. Savuk\u0101rt pirm\u0101 m\u0101jas sp\u0113le Daugavpils Olimpiskaj\u0101 centr\u0101 notiks 27. septembr\u012b. Jauno sezonu klubs sagaida ar jaunu nosaukumu un embl\u0113mu, turpinot \u201cDaugavpils FS\u201d jeb \u201cDFS Futsal\u201d ies\u0101kto ce\u013cu.<\/p>\n<p>&#13;<\/p>\n<p>Daugavpils l\u012bdzjut\u0113jiem \u0161\u012b komanda jau ir paz\u012bstama. 2024.\/2025. gada sezon\u0101 t\u0101 izc\u012bn\u012bja bronzu gan Virsl\u012bg\u0101, gan Latvijas kaus\u0101, bet aizvad\u012bto regul\u0101ro \u010dempion\u0101tu nosl\u0113dza ceturtaj\u0101 viet\u0101. \u201cAVClub\u201d nosaukums iez\u012bm\u0113 jaunu posmu komandas dz\u012bv\u0113, saglab\u0101jot saikni ar l\u012bdz\u0161in\u0113jo Daugavpils telpu futbola komandu un t\u0101s sasniegumiem.<\/p>\n<p>&#13;<\/p>\n<p>P\u0101rmai\u0146as \u0161oruden skars ar\u012b pa\u0161u \u010dempion\u0101tu. Taj\u0101 vairs nepiedal\u012bsies \u010detrk\u0101rt\u0113j\u0101 Latvijas \u010dempione \u201cRiga Futsal Club\u201d, kas starpsezon\u0101 izbeidza darb\u012bbu. Virsl\u012bg\u0101 nesp\u0113l\u0113s ar\u012b iepriek\u0161\u0113j\u0101s sezonas p\u0113d\u0113j\u0101s vietas ieguv\u0113ja FK \u201cMadona\u201d, bet dal\u012bbnieku pulkam pievienosies divas jaunas komandas.<\/p>\n<p>&#13;<\/p>\n<p>2026.\/2027. gada sezon\u0101 par Latvijas \u010dempionu titulu c\u012bn\u012bsies \u201cAVClub\u201d, TFK \u201cBeitar R\u012bga\u201d, FK \u201cN\u012bca\u201d\/\u201cOtankiMill\u201d, FC \u201cNikers\u201d, TFK \u201cSalaspils\u201d, \u201cFutbola Parks Academy\u201d, \u201cSalaspils FA\u201d, \u201cSquad\u201d\/\u201cSamgus Aizkraukle\u201d un FC \u201cTalsi\u201d.<\/p>\n<p>&#13;<\/p>\n<p>Aizkraukles komanda vietu Virsl\u012bg\u0101 nopeln\u012bja, uzvarot 1. l\u012bg\u0101, savuk\u0101rt FC \u201cTalsi\u201d p\u0101r\u0146\u0113ma dal\u012bbas ties\u012bbas no 1. l\u012bgas vice\u010dempiones \u201cNew Project\u201d.<\/p>\n<p>&#13;<\/p>\n<p>Regul\u0101raj\u0101 \u010dempion\u0101t\u0101 komandas aizvad\u012bs divus ap\u013cus, tiekoties ar katru pretinieku vienreiz m\u0101j\u0101s un vienreiz izbraukum\u0101. Katrai komandai paredz\u0113tas 16 sp\u0113les, p\u0113c kur\u0101m asto\u0146as lab\u0101k\u0101s turpin\u0101s c\u012b\u0146u izsl\u0113g\u0161anas turn\u012br\u0101.<\/p>\n<p>&#13;<\/p>\n<p>Ceturtda\u013cfin\u0101lu p\u0101rus noteiks p\u0113c viet\u0101m regul\u0101raj\u0101 sezon\u0101: pirm\u0101 komanda sp\u0113l\u0113s pret astoto, otr\u0101 pret sept\u012bto, tre\u0161\u0101 pret sesto, bet ceturt\u0101 pret piekto. Augst\u0101ku vietu ieguvu\u0161ajai komandai b\u016bs sava laukuma priek\u0161roc\u012bba. Ceturtda\u013cfin\u0101li, pusfin\u0101li un s\u0113rija par bronzas meda\u013c\u0101m norisin\u0101sies l\u012bdz div\u0101m uzvar\u0101m, savuk\u0101rt fin\u0101ls l\u012bdz trim.<\/p>\n<p>&#13;<\/p>\n<p>P\u0113c sezonas atkl\u0101\u0161anas Kuld\u012bg\u0101 \u201cAVClub\u201d sv\u0113tdien, 27. septembr\u012b, plkst. 16.00 Daugavpils Olimpiskaj\u0101 centr\u0101 uz\u0146ems TFK \u201cSalaspils\u201d. N\u0101kam\u0101 sp\u0113le paredz\u0113ta 4. oktobr\u012b izbraukum\u0101 pret \u201cSalaspils FA\u201d.<\/p>\n<p>&#13;<\/p>\n<p>L\u012bdzjut\u0113jiem \u0161osezon b\u016bs v\u0113rts piev\u0113rst uzman\u012bbu ne tikai sp\u0113\u013cu datumiem, bet ar\u012b norises viet\u0101m. Pa\u0161laik public\u0113taj\u0101 kalend\u0101r\u0101 piecas no asto\u0146\u0101m \u201cAVClub\u201d m\u0101jas sp\u0113l\u0113m paredz\u0113tas Daugavpils Olimpiskaj\u0101 centr\u0101, bet tr\u012bs R\u0113zeknes Olimpisk\u0101 centra hall\u0113. R\u0113zekn\u0113 pl\u0101notas sp\u0113les 24. oktobr\u012b pret FK \u201cN\u012bca\u201d\/\u201cOtankiMill\u201d, 5. decembr\u012b pret FC \u201cNikers\u201d un 30. janv\u0101r\u012b pret \u201cSquad\u201d\/\u201cSamgus Aizkraukle\u201d. Kalend\u0101r\u0101 v\u0113l iesp\u0113jamas izmai\u0146as, t\u0101d\u0113\u013c pirms do\u0161an\u0101s uz sp\u0113li j\u0101p\u0101rbauda aktu\u0101lais laiks un norises vieta.<\/p>\n<p>&#13;<\/p>\n<p>\u201cAVClub\u201d aicina daugavpilie\u0161us atbalst\u012bt komandu jaunaj\u0101 sezon\u0101 un apmekl\u0113t pirmo m\u0101jas sp\u0113li 27. septembr\u012b. Ieeja b\u016bs bez maksas. L\u012bdzjut\u0113ji var\u0113s piedal\u012bties konkursos, k\u0101 ar\u012b ieg\u0101d\u0101ties ekip\u0113jumu un kluba atrib\u016btiku.<\/p>\n<p>&#13;<\/p>\n<p>\u012apa\u0161i gaid\u012btas b\u016bs \u0123imenes ar b\u0113rniem. Pirms sp\u0113les b\u0113rniem b\u016bs iesp\u0113ja izm\u0113\u0123in\u0101t telpu futbolu meistarklas\u0113 kvalific\u0113tu treneru vad\u012bb\u0101, iepaz\u012bties ar sp\u0113li un pa\u0161iem darboties ar bumbu. P\u0113c tam kop\u0101 ar vec\u0101kiem var\u0113s v\u0113rot \u201cAVClub\u201d pirmo m\u0101jas sp\u0113li un atbalst\u012bt Daugavpils komandu no trib\u012bn\u0113m.<\/p>\n<p>&#13;<\/p>\n<p>\u00a0<\/p>\n<p>&#13;<\/p>\n<p>Inform\u0101ciju sagatavoja<\/p>\n<p>&#13;<\/p>\n<p>Daugavpils valstspils\u0113tas pa\u0161vald\u012bbas<\/p>\n<p>&#13;<\/p>\n<p>Sabiedrisko attiec\u012bbu noda\u013ca<\/p>\n","protected":false},"excerpt":{"rendered":"19. septembr\u012b, plkst. 19.00 Daugavpils komanda \u201cAVClub\u201d Kuld\u012bg\u0101 s\u0101ks 2026.\/2027. gada Latvijas telpu futbola Virsl\u012bgas sezonu pret FC&hellip;\n","protected":false},"author":2,"featured_media":284365,"comment_status":"","ping_status":"","sticky":false,"template":"","format":"standard","meta":{"footnotes":"","_share_on_mastodon":"0"},"categories":[17],"tags":[35,39,38,36,37,34,40,67],"class_list":["post-284364","post","type-post","status-publish","format-standard","has-post-thumbnail","category-sports","tag-latvia","tag-latvian","tag-latviesu","tag-latviesu-valoda","tag-latviesuvaloda","tag-latvija","tag-lv","tag-sports"],"share_on_mastodon":{"url":"https:\/\/pubeurope.com\/@lv\/117206287079840852","error":""},"_links":{"self":[{"href":"https:\/\/www.europesays.com\/lv\/wp-json\/wp\/v2\/posts\/284364","targetHints":{"allow":["GET"]}}],"collection":[{"href":"https:\/\/www.europesays.com\/lv\/wp-json\/wp\/v2\/posts"}],"about":[{"href":"https:\/\/www.europesays.com\/lv\/wp-json\/wp\/v2\/types\/post"}],"author":[{"embeddable":true,"href":"https:\/\/www.europesays.com\/lv\/wp-json\/wp\/v2\/users\/2"}],"replies":[{"embeddable":true,"href":"https:\/\/www.europesays.com\/lv\/wp-json\/wp\/v2\/comments?post=284364"}],"version-history":[{"count":0,"href":"https:\/\/www.europesays.com\/lv\/wp-json\/wp\/v2\/posts\/284364\/revisions"}],"wp:featuredmedia":[{"embeddable":true,"href":"https:\/\/www.europesays.com\/lv\/wp-json\/wp\/v2\/media\/284365"}],"wp:attachment":[{"href":"https:\/\/www.europesays.com\/lv\/wp-json\/wp\/v2\/media?parent=284364"}],"wp:term":[{"taxonomy":"category","embeddable":true,"href":"https:\/\/www.europesays.com\/lv\/wp-json\/wp\/v2\/categories?post=284364"},{"taxonomy":"post_tag","embeddable":true,"href":"https:\/\/www.europesays.com\/lv\/wp-json\/wp\/v2\/tags?post=284364"}],"curies":[{"name":"wp","href":"https:\/\/api.w.org\/{rel}","templated":true}]}}