{"id":284366,"date":"2026-09-03T09:00:21","date_gmt":"2026-09-03T09:00:21","guid":{"rendered":"https:\/\/www.europesays.com\/lv\/284366\/"},"modified":"2026-09-03T09:00:21","modified_gmt":"2026-09-03T09:00:21","slug":"ko-est-lai-atbrivotos-no-visceralajiem-taukiem-vedera-apvidu-uztura-specialisti-nosauc-idealas-vakarinas","status":"publish","type":"post","link":"https:\/\/www.europesays.com\/lv\/284366\/","title":{"rendered":"Ko \u0113st, lai atbr\u012bvotos no viscer\u0101lajiem taukiem v\u0113dera apvid\u016b? Uztura speci\u0101listi nosauc ide\u0101l\u0101s vakari\u0146as"},"content":{"rendered":"<p>Vienlaikus tiek nor\u0101d\u012bts, ka viscer\u0101lo tauku daudzuma samazin\u0101\u0161anai nav nepiecie\u0161amas ekstr\u0113mas di\u0113tas. Uztura speci\u0101listi iesaka koncentr\u0113ties uz \u0161\u0137iedrviel\u0101m, olbaltumviel\u0101m un vesel\u012bgajiem taukiem bag\u0101tu uzturu, \u012bpa\u0161u uzman\u012bbu piev\u0113r\u0161ot augu valsts produktiem un pilnv\u0113rt\u012bgiem, p\u0113c iesp\u0113jas maz\u0101k p\u0101rstr\u0101d\u0101tiem produktiem. P\u0113c ekspertu dom\u0101m, \u0161iem nosac\u012bjumiem labi atbilst, piem\u0113ram, pann\u0101 gatavots lasis medus un \u0137iploku m\u0113rc\u0113.<\/p>\n","protected":false},"excerpt":{"rendered":"Vienlaikus tiek nor\u0101d\u012bts, ka viscer\u0101lo tauku daudzuma samazin\u0101\u0161anai nav nepiecie\u0161amas ekstr\u0113mas di\u0113tas. Uztura speci\u0101listi iesaka koncentr\u0113ties uz \u0161\u0137iedrviel\u0101m,&hellip;\n","protected":false},"author":2,"featured_media":284367,"comment_status":"","ping_status":"","sticky":false,"template":"","format":"standard","meta":{"footnotes":"","_share_on_mastodon":"0"},"categories":[14],"tags":[23,57,28,29,32,33,22,30,31,35,39,38,36,37,34,40,20,26,27,24,25,54,55,56,21,58],"class_list":["post-284366","post","type-post","status-publish","format-standard","has-post-thumbnail","category-zinas-no-arvalstim","tag-aktualitates","tag-arvalstim","tag-breaking-news","tag-breakingnews","tag-featured-news","tag-featurednews","tag-headlines","tag-latest-news","tag-latestnews","tag-latvia","tag-latvian","tag-latviesu","tag-latviesu-valoda","tag-latviesuvaloda","tag-latvija","tag-lv","tag-news","tag-popularakas-zinas","tag-popularakaszinas","tag-top-stories","tag-topstories","tag-world","tag-world-news","tag-worldnews","tag-zinas","tag-zinas-no-arvalstim"],"share_on_mastodon":{"url":"https:\/\/pubeurope.com\/@lv\/117206294584646401","error":""},"_links":{"self":[{"href":"https:\/\/www.europesays.com\/lv\/wp-json\/wp\/v2\/posts\/284366","targetHints":{"allow":["GET"]}}],"collection":[{"href":"https:\/\/www.europesays.com\/lv\/wp-json\/wp\/v2\/posts"}],"about":[{"href":"https:\/\/www.europesays.com\/lv\/wp-json\/wp\/v2\/types\/post"}],"author":[{"embeddable":true,"href":"https:\/\/www.europesays.com\/lv\/wp-json\/wp\/v2\/users\/2"}],"replies":[{"embeddable":true,"href":"https:\/\/www.europesays.com\/lv\/wp-json\/wp\/v2\/comments?post=284366"}],"version-history":[{"count":0,"href":"https:\/\/www.europesays.com\/lv\/wp-json\/wp\/v2\/posts\/284366\/revisions"}],"wp:featuredmedia":[{"embeddable":true,"href":"https:\/\/www.europesays.com\/lv\/wp-json\/wp\/v2\/media\/284367"}],"wp:attachment":[{"href":"https:\/\/www.europesays.com\/lv\/wp-json\/wp\/v2\/media?parent=284366"}],"wp:term":[{"taxonomy":"category","embeddable":true,"href":"https:\/\/www.europesays.com\/lv\/wp-json\/wp\/v2\/categories?post=284366"},{"taxonomy":"post_tag","embeddable":true,"href":"https:\/\/www.europesays.com\/lv\/wp-json\/wp\/v2\/tags?post=284366"}],"curies":[{"name":"wp","href":"https:\/\/api.w.org\/{rel}","templated":true}]}}