{"id":284370,"date":"2026-09-03T09:02:15","date_gmt":"2026-09-03T09:02:15","guid":{"rendered":"https:\/\/www.europesays.com\/lv\/284370\/"},"modified":"2026-09-03T09:02:15","modified_gmt":"2026-09-03T09:02:15","slug":"par-apjomigu-krapsanu-maksatnespejas-joma-prasa-apsudzet-tris-cilvekus-lieta-57-cietusie-delfi","status":"publish","type":"post","link":"https:\/\/www.europesays.com\/lv\/284370\/","title":{"rendered":"Par apjom\u012bgu kr\u0101p\u0161anu maks\u0101tnesp\u0113jas jom\u0101 prasa aps\u016bdz\u0113t tr\u012bs cilv\u0113kus; liet\u0101 57 cietu\u0161ie &#8211; DELFI"},"content":{"rendered":"<ol>\n<li><a href=\"https:\/\/news.google.com\/rss\/articles\/CBMizAFBVV95cUxQdlR1X3Q2UFcteTBrNS1FNnlVbjg0ZHhfdGs3WnR2QkhvNkllc1Z6Qmp3akpCUXdmQnlkUnRzU0d6N000dDc4enI1ckZTc0YwQmNJWnB5WTZVS25zVDRVem9ha1BRM2dCX1c5aUo3WlFWUVBWVFA4bnk5V3ZJdktRbzJNUVYzNm5OazQzdVkzUWpoMFA3Q2RMZHNMTUoxdDFoQWN1c3JTdHdEcGNBVkhRdGxBUEk2OWt0bzVvOG4tLUVabDZCa2UybUlqVHE?oc=5\" target=\"_blank\" rel=\"nofollow noopener\">Par apjom\u012bgu kr\u0101p\u0161anu maks\u0101tnesp\u0113jas jom\u0101 prasa aps\u016bdz\u0113t tr\u012bs cilv\u0113kus; liet\u0101 57 cietu\u0161ie<\/a>&nbsp;&nbsp;DELFI<\/li>\n<li><a href=\"https:\/\/news.google.com\/rss\/articles\/CBMi-gFBVV95cUxQT1V0aHBHQllZTVJMRzk5VzZ0clZBLWhUN2s1dXl4dmhsSFZEZDJiRWh5ZVlDbm1MV1JGWHlaaHBWSFdOS2FucjN6dDdNaWoycTUxTlphTW5ueHJFWDdmbVhvRnZ1Wmx1amx4a2FOQnpwVHRNdmt6MEtDSXVMQ21oUGkxNXI1V2hWOVhnb2N1aldvMmZzOEgtZkNhaUlvQ3hTWElWT1J2UjRoSG1USjh4TzhtcFVZcUxSYnVjSVJLbVdIUVBFSlJjc1cyZnh4X2ZxT1gwZzZ1MmN6T1VlaWdtZGhlYmtHdlQ0U3R1NWhuMjR0b0MyaWd5eWdB?oc=5\" target=\"_blank\" rel=\"nofollow noopener\">Pabeigta izmekl\u0113\u0161ana par kr\u0101p\u0161an\u0101m maks\u0101tnesp\u0113jas jom\u0101. No 57 cietu\u0161ajiem izkr\u0101pti vair\u0101k nek\u0101 80 t\u016bksto\u0161i eiro<\/a>&nbsp;&nbsp;Inbox.lv<\/li>\n<li><a href=\"https:\/\/news.google.com\/rss\/articles\/CBMi0AFBVV95cUxNLXF4SGxXdklxQzdlSVhmNU8zLW1RY1VCNXY3MHFBa0hCUVlyTDFybjkyQlFTbnktTlVldzVjamppWEJaQ0IxUFYwSXBWaXNLTDVFZ1BNM1ZXMllQWHVJTnhkaFp5TGdJWVEtcHZ5TUpoMXFYTzVQcEFydE1UYmwwakRNeXVuZktnZ3ZkVThaVmhLZ2xDZVNKVmtTVDU0RVZhUTFoMUFaZW9ycUpGLWhsVm5CZlBWdFJESzNQWWM3b3hIZHBodldNSHBGR0c5eElq?oc=5\" target=\"_blank\" rel=\"nofollow noopener\">Tr\u012bs cilv\u0113kus rosina aps\u016bdz\u0113t par 57 klientu apkr\u0101p\u0161anu maks\u0101tnesp\u0113jas procesos<\/a>&nbsp;&nbsp;Inbox.lv<\/li>\n<li><a href=\"https:\/\/news.google.com\/rss\/articles\/CBMixwFBVV95cUxNX3l6NURFandiQXVSdnM2WGJ5dHFoMmw3YUV1V2ZDcTYxWWViWGdoOGV4MVFPWnJIS25SUXBHNzJrZnVsOHBmcXVFdDV3cndXT1h3YWhLN2dnRjJROXJDYXVqTkRiOGJMTFowQTNlWUticFB3LXE2Vk95YVJ6S3liZlVPbmE3Szkwc01Jc1l0c3ZDWTJSdkJyaTY1VlJ4NmZBTU5FV25ReFd5ZkRFaGdIc01neWNZMGp2Zl9aOXQ1NkdfUExIREhB?oc=5\" target=\"_blank\" rel=\"nofollow noopener\">Pabeigta apjom\u012bga izmekl\u0113\u0161ana par kr\u0101p\u0161an\u0101m maks\u0101tnesp\u0113jas jom\u0101 \u2013 liet\u0101 57 cietu\u0161ie<\/a>&nbsp;&nbsp;lvportals.lv<\/li>\n<\/ol>\n","protected":false},"excerpt":{"rendered":"Par apjom\u012bgu kr\u0101p\u0161anu maks\u0101tnesp\u0113jas jom\u0101 prasa aps\u016bdz\u0113t tr\u012bs cilv\u0113kus; liet\u0101 57 cietu\u0161ie&nbsp;&nbsp;DELFI Pabeigta izmekl\u0113\u0161ana par kr\u0101p\u0161an\u0101m maks\u0101tnesp\u0113jas jom\u0101.&hellip;\n","protected":false},"author":2,"featured_media":284371,"comment_status":"","ping_status":"","sticky":false,"template":"","format":"standard","meta":{"footnotes":"","_share_on_mastodon":"0"},"categories":[5],"tags":[23,28,29,32,33,22,4290,30,31,35,39,38,36,37,34,40,2884,20,26,27,172,24,25,138,21],"class_list":["post-284370","post","type-post","status-publish","format-standard","has-post-thumbnail","category-aktualitates","tag-aktualitates","tag-breaking-news","tag-breakingnews","tag-featured-news","tag-featurednews","tag-headlines","tag-krapsana","tag-latest-news","tag-latestnews","tag-latvia","tag-latvian","tag-latviesu","tag-latviesu-valoda","tag-latviesuvaloda","tag-latvija","tag-lv","tag-maksatnespeja","tag-news","tag-popularakas-zinas","tag-popularakaszinas","tag-riga","tag-top-stories","tag-topstories","tag-valsts-policija","tag-zinas"],"share_on_mastodon":{"url":"https:\/\/pubeurope.com\/@lv\/117206302220461020","error":""},"_links":{"self":[{"href":"https:\/\/www.europesays.com\/lv\/wp-json\/wp\/v2\/posts\/284370","targetHints":{"allow":["GET"]}}],"collection":[{"href":"https:\/\/www.europesays.com\/lv\/wp-json\/wp\/v2\/posts"}],"about":[{"href":"https:\/\/www.europesays.com\/lv\/wp-json\/wp\/v2\/types\/post"}],"author":[{"embeddable":true,"href":"https:\/\/www.europesays.com\/lv\/wp-json\/wp\/v2\/users\/2"}],"replies":[{"embeddable":true,"href":"https:\/\/www.europesays.com\/lv\/wp-json\/wp\/v2\/comments?post=284370"}],"version-history":[{"count":0,"href":"https:\/\/www.europesays.com\/lv\/wp-json\/wp\/v2\/posts\/284370\/revisions"}],"wp:featuredmedia":[{"embeddable":true,"href":"https:\/\/www.europesays.com\/lv\/wp-json\/wp\/v2\/media\/284371"}],"wp:attachment":[{"href":"https:\/\/www.europesays.com\/lv\/wp-json\/wp\/v2\/media?parent=284370"}],"wp:term":[{"taxonomy":"category","embeddable":true,"href":"https:\/\/www.europesays.com\/lv\/wp-json\/wp\/v2\/categories?post=284370"},{"taxonomy":"post_tag","embeddable":true,"href":"https:\/\/www.europesays.com\/lv\/wp-json\/wp\/v2\/tags?post=284370"}],"curies":[{"name":"wp","href":"https:\/\/api.w.org\/{rel}","templated":true}]}}