{"id":284372,"date":"2026-09-03T09:04:15","date_gmt":"2026-09-03T09:04:15","guid":{"rendered":"https:\/\/www.europesays.com\/lv\/284372\/"},"modified":"2026-09-03T09:04:15","modified_gmt":"2026-09-03T09:04:15","slug":"olimpiska-cempione-pec-ieklusanas-avarija-man-paveicas-ka-es-izdzivoju","status":"publish","type":"post","link":"https:\/\/www.europesays.com\/lv\/284372\/","title":{"rendered":"Olimpisk\u0101 \u010dempione p\u0113c iek\u013c\u016b\u0161anas av\u0101rij\u0101: Man paveic\u0101s, ka es izdz\u012bvoju"},"content":{"rendered":"<p class=\"PDq2pG_selectionAnchorContainer\">27 gadus vec\u0101 Deivisa-Vudhola pag\u0101ju\u0161aj\u0101 ned\u0113\u013c\u0101 dev\u0101s uz treni\u0146u, kad iek\u013cuva smag\u0101 front\u0101l\u0101 sadursm\u0113. Sportiste negad\u012bjum\u0101 guva smadze\u0146u satricin\u0101jumu un kop\u0161 t\u0101 laika nav var\u0113jusi ats\u0101kt treni\u0146us.<\/p>\n<p>&#8220;Man \u013coti paveic\u0101s, ka neguvu nopietnas traumas. \u0160obr\u012bd kop\u0101 ar savu komandu un \u0101rstiem str\u0101d\u0101ju pie atvese\u013co\u0161an\u0101s, ta\u010du nezinu, vai n\u0101kamned\u0113\u013c b\u016b\u0161u gatava start\u0113t &#8220;Ultimate Championship&#8221;. V\u0113l\u0101k sniegsim vair\u0101k inform\u0101cijas,&#8221; soci\u0101lajos t\u012bklos rakst\u012bja amerik\u0101niete.<\/p>\n<p>Lai gan negad\u012bjums bija \u013coti nopietns, Deivisa-Vudhola nor\u0101da, ka vi\u0146as traumas nav dz\u012bv\u012bbai b\u012bstamas. Par laimi, abas automa\u0161\u012bnas p\u0101rvietoju\u0161\u0101s ar sal\u012bdzino\u0161i nelielu \u0101trumu \u2013 nedaudz virs 30 kilometriem stund\u0101 \u2013, tom\u0113r abi sp\u0113krati p\u0113c sadursmes tiku\u0161i norakst\u012bti.<\/p>\n<p>&#8220;Esmu \u0101tr\u0101ka un stipr\u0101ka nek\u0101 jebkad&#8221;<\/p>\n<p>Sportiste atzina, ka negad\u012bjuma laiks ir \u012bpa\u0161i neveiksm\u012bgs, jo vi\u0146a bija sasniegusi \u013coti labu sportisko formu.<\/p>\n<p>&#8220;Laiks tam patie\u0161\u0101m ir \u013coti neveiksm\u012bgs \u2013 treni\u0146os tikko sasniedzu savu lab\u0101ko l\u012bmeni. Esmu \u0101tr\u0101ka nek\u0101 jebkad un stipr\u0101ka nek\u0101 jebkad. T\u0101p\u0113c \u0161is man ir \u013coti gr\u016bts l\u0113mums. \u0160obr\u012bd nezinu, k\u0101d\u0101 st\u0101vokl\u012b paties\u012bb\u0101 esmu,&#8221; sac\u012bja Deivisa-Vudhola.<\/p>\n<p>&#8220;Ultimate Championship&#8221; Budape\u0161t\u0101 s\u0101ksies 11. septembr\u012b, un sacens\u012bbu kop\u0113jais balvu fonds b\u016bs 130 000 eiro.<\/p>\n<p>Tr\u012bs dienu sezonas nosl\u0113guma sacens\u012bb\u0101s pulc\u0113sies olimpiskie, pasaules un Dimanta l\u012bgas \u010dempioni, k\u0101 ar\u012b sezonas lab\u0101kie vieglatl\u0113ti.<\/p>\n<p>Deivisa-Vudhola 2024. gad\u0101 Par\u012bz\u0113 k\u013cuva par olimpisko \u010dempioni t\u0101ll\u0113k\u0161an\u0101, bet gadu v\u0113l\u0101k Tokij\u0101 izc\u012bn\u012bja ar\u012b pasaules \u010dempiones titulu.<\/p>\n","protected":false},"excerpt":{"rendered":"27 gadus vec\u0101 Deivisa-Vudhola pag\u0101ju\u0161aj\u0101 ned\u0113\u013c\u0101 dev\u0101s uz treni\u0146u, kad iek\u013cuva smag\u0101 front\u0101l\u0101 sadursm\u0113. Sportiste negad\u012bjum\u0101 guva smadze\u0146u&hellip;\n","protected":false},"author":2,"featured_media":284373,"comment_status":"","ping_status":"","sticky":false,"template":"","format":"standard","meta":{"footnotes":"","_share_on_mastodon":"0"},"categories":[17],"tags":[2109,35,39,38,36,37,34,40,67,42356,42355,356],"class_list":["post-284372","post","type-post","status-publish","format-standard","has-post-thumbnail","category-sports","tag-autoavarija","tag-latvia","tag-latvian","tag-latviesu","tag-latviesu-valoda","tag-latviesuvaloda","tag-latvija","tag-lv","tag-sports","tag-talleksana","tag-tara-deivisa-vudhola","tag-vieglatletika-pasaule"],"share_on_mastodon":{"url":"https:\/\/pubeurope.com\/@lv\/117206310328871348","error":""},"_links":{"self":[{"href":"https:\/\/www.europesays.com\/lv\/wp-json\/wp\/v2\/posts\/284372","targetHints":{"allow":["GET"]}}],"collection":[{"href":"https:\/\/www.europesays.com\/lv\/wp-json\/wp\/v2\/posts"}],"about":[{"href":"https:\/\/www.europesays.com\/lv\/wp-json\/wp\/v2\/types\/post"}],"author":[{"embeddable":true,"href":"https:\/\/www.europesays.com\/lv\/wp-json\/wp\/v2\/users\/2"}],"replies":[{"embeddable":true,"href":"https:\/\/www.europesays.com\/lv\/wp-json\/wp\/v2\/comments?post=284372"}],"version-history":[{"count":0,"href":"https:\/\/www.europesays.com\/lv\/wp-json\/wp\/v2\/posts\/284372\/revisions"}],"wp:featuredmedia":[{"embeddable":true,"href":"https:\/\/www.europesays.com\/lv\/wp-json\/wp\/v2\/media\/284373"}],"wp:attachment":[{"href":"https:\/\/www.europesays.com\/lv\/wp-json\/wp\/v2\/media?parent=284372"}],"wp:term":[{"taxonomy":"category","embeddable":true,"href":"https:\/\/www.europesays.com\/lv\/wp-json\/wp\/v2\/categories?post=284372"},{"taxonomy":"post_tag","embeddable":true,"href":"https:\/\/www.europesays.com\/lv\/wp-json\/wp\/v2\/tags?post=284372"}],"curies":[{"name":"wp","href":"https:\/\/api.w.org\/{rel}","templated":true}]}}