{"id":284376,"date":"2026-09-03T09:08:22","date_gmt":"2026-09-03T09:08:22","guid":{"rendered":"https:\/\/www.europesays.com\/lv\/284376\/"},"modified":"2026-09-03T09:08:22","modified_gmt":"2026-09-03T09:08:22","slug":"leiena-nak-klaja-ar-nopietnu-bridinajumu-attieciba-uz-krieviju","status":"publish","type":"post","link":"https:\/\/www.europesays.com\/lv\/284376\/","title":{"rendered":"Leiena n\u0101k klaj\u0101 ar nopietnu br\u012bdin\u0101jumu attiec\u012bb\u0101 uz Krieviju"},"content":{"rendered":"<p><img loading=\"lazy\" decoding=\"async\" class=\"lazy lazy-hidden alignnone size-full wp-image-304527\" src=\"data:image\/gif;base64,R0lGODlhAQABAIAAAAAAAP\/\/\/yH5BAEAAAAALAAAAAABAAEAAAIBRAA7\" data-lazy-type=\"image\" data-lazy-src=\"https:\/\/www.europesays.com\/lv\/wp-content\/uploads\/2026\/09\/1788426501_396_Urzula.jpg\" alt=\"\" width=\"900\" height=\"549\" data-lazy- data-lazy-\/><\/p>\n<p>V\u0101cijas ties\u012bbsarg\u0101jo\u0161\u0101s iest\u0101des \u0161obr\u012bd akt\u012bvi izmekl\u0113 m\u0113\u0123in\u0101jumu sar\u012bkot uzbrukumu Leipcigas lidost\u0101. P\u0113c viet\u0113j\u0101 medija \u201cS\u00fcddeutsche Zeitung\u201d zi\u0146ot\u0101, aizdom\u0101s par \u0161o incidentu tiek tur\u0113tas divas personas \u2013 k\u0101ds Latvijas valstspieder\u012bgais un Krievijas pilsonis no Baltkrievijas.<\/p>\n<p>Izmekl\u0113t\u0101ji noskaidroju\u0161i, ka lidostas teritorij\u0101 net\u0101lu no Ukrainas kravas lidma\u0161\u012bnas tika atrasts bezpilota lidapar\u0101ts, kas bija apr\u012bkots ar re\u0101liem spr\u0101dzienb\u012bstamiem materi\u0101liem. Oper\u0101cijas laik\u0101 dro\u0161\u012bbas dienesti izmantoja specializ\u0113tu robotu, lai b\u012bstamos priek\u0161metus dro\u0161i neitraliz\u0113tu un nov\u0113rstu iesp\u0113jamo katastrofu.<\/p>\n<p>Lidostas teritorij\u0101 atrastais bezpilota lidapar\u0101ts nebija vien\u012bgais drauds. Speci\u0101listiem ir pamatotas aizdomas, ka v\u0113l viens drons iepriek\u0161 gais\u0101 sad\u016bries ar lo\u0123istikas uz\u0146\u0113muma DHL kravas lidma\u0161\u012bnu. Turkl\u0101t dr\u012bz vien taj\u0101 pa\u0161\u0101 teritorij\u0101 tika uzietts jau tre\u0161ais ar spr\u0101gstviel\u0101m apr\u012bkotais bezpilota apar\u0101ts. \u0160\u012b lidosta tika izv\u0113l\u0113ta k\u0101 m\u0113r\u0137is t\u0101p\u0113c, ka tai ir strat\u0113\u0123iski svar\u012bga loma starptautiskajos milit\u0101rajos un lo\u0123istikas p\u0101rvad\u0101jumos, un jebkur\u0161 incidentu virkn\u0113jums var\u0113ja nopietnie paraliz\u0113t t\u0101s ikdienas darbu.<\/p>\n<p>Eiropas vad\u012bbas reakcija un br\u012bdin\u0101jumi par jaunajiem draudiem<\/p>\n<p>V\u0113rt\u0113jot notiku\u0161o V\u0101cij\u0101, Eiropas Komisijas prezidente Urzula fon der Leiena uzsv\u0113ra, ka \u0161\u0101di m\u0113\u0123in\u0101jumi uzbrukt noz\u012bm\u012bgiem civil\u0101s un milit\u0101r\u0101s infrastrukt\u016bras objektiem n\u0101kotn\u0113 var tikai pieaugt. P\u0113c vi\u0146as teikt\u0101, \u0161\u0101du b\u012bstamu darb\u012bbu galvenais m\u0113r\u0137is ir s\u0113t nep\u0101rliecin\u0101t\u012bbu sabiedr\u012bb\u0101, iebied\u0113t iedz\u012bvot\u0101jus un pak\u0101peniski mazin\u0101t Eiropas valstu ap\u0146\u0113m\u012bbu sniegt nepiecie\u0161amo atbalstu Ukrainai.<\/p>\n<p>\u0160is gad\u012bjums Leipcigas lidost\u0101 iez\u012bm\u0113 b\u016btisku un b\u012bstamu sasp\u012bl\u0113juma pieaugumu tie\u0161i Eiropas Savien\u012bbas teritorij\u0101, un Eiropas dienesti taj\u0101 saskata tie\u0161u saikni ar Krievijas \u012bstenotaj\u0101m darb\u012bb\u0101m. Regul\u0101ri gaisa telpas p\u0101rk\u0101pumi, droni, kas uz laiku paraliz\u0113 lielu lidostu satiksmi, un t\u012b\u0161a iejauk\u0161an\u0101s strat\u0113\u0123isko objektu darb\u012bb\u0101 k\u013c\u016bst par re\u0101lu dro\u0161\u012bbas izaicin\u0101jumu. Lai uz \u0161\u0101diem starpneidiem sp\u0113tu rea\u0123\u0113t laikus un bez aizkav\u0113\u0161an\u0101s, Eiropas Savien\u012bbas l\u012bmen\u012b jau tiek pl\u0101nots b\u016btiski pastiprin\u0101t fizisko un kiberaizsardz\u012bbu ap re\u0123iona noz\u012bm\u012bg\u0101kajiem mezgliem.<\/p>\n<p>Dro\u0161\u012bbas situ\u0101cijas nov\u0113rt\u0113jums un pla\u0161\u0101kais re\u0123ion\u0101lais konteksts<\/p>\n<p>Ar\u012b V\u0101cijas vald\u012bbas amatpersonas jau iepriek\u0161 ir n\u0101ku\u0161as klaj\u0101 ar pazi\u0146ojumiem, atkl\u0101ti aps\u016bdzot Krieviju m\u0113\u0123in\u0101jumos veikt diversijas aktus Leipcigas infrastrukt\u016bras objektos. \u0160ie secin\u0101jumi piln\u012bb\u0101 sakr\u012bt ar NATO vad\u012bbas pausto v\u0113rt\u0113jumu, ka l\u012bdz\u012bgas darb\u012bbas rada tie\u0161us un nopietnus draudus visu alianses dal\u012bbvalstu kop\u0113jai dro\u0161\u012bbai un stabilit\u0101tei.<\/p>\n<p><a href=\"https:\/\/dzentlmenis.lv\/kas-slepjas-skidraja-dzivsudraba-zem-teotihuakanas-zinatnieki-baidas-atklat-patiesibu\/304584\/\" rel=\"nofollow noopener\" target=\"_blank\"><img class=\"lazy lazy-hidden\" decoding=\"async\" src=\"data:image\/gif;base64,R0lGODlhAQABAIAAAAAAAP\/\/\/yH5BAEAAAAALAAAAAABAAEAAAIBRAA7\" data-lazy-type=\"image\" data-lazy-src=\"https:\/\/www.europesays.com\/lv\/wp-content\/uploads\/2026\/09\/Ekranuznemums-2026-09-03-080312.jpg\" data-lazy- alt=\"Kas sl\u0113pjas \u0161\u0137idraj\u0101 dz\u012bvsudrab\u0101 zem Teotihuakanas; zin\u0101tnieki baid\u0101s atkl\u0101t paties\u012bbu\"\/><\/a>Citi lasa<a class=\"monsterinsights-inline-popular-posts-title\" href=\"https:\/\/dzentlmenis.lv\/kas-slepjas-skidraja-dzivsudraba-zem-teotihuakanas-zinatnieki-baidas-atklat-patiesibu\/304584\/\" rel=\"nofollow noopener\" target=\"_blank\">Kas sl\u0113pjas \u0161\u0137idraj\u0101 dz\u012bvsudrab\u0101 zem Teotihuakanas; zin\u0101tnieki baid\u0101s atkl\u0101t paties\u012bbu<\/a><\/p>\n<p>Analiz\u0113jot situ\u0101ciju, milit\u0101rie eksperti nor\u0101da, ka \u0161\u0101di notikumi ir da\u013ca no pla\u0161\u0101kas un sare\u017e\u0123\u012bt\u0101kas mijiedarb\u012bbas re\u0123ion\u0101. Kam\u0113r Eiropas dienesti cen\u0161as pasarg\u0101t savas lidostas un lo\u0123istikas \u0137\u0113des no \u0101r\u0113jiem trauc\u0113jumiem, ar\u012b Ukraina mekl\u0113 veidus, k\u0101 ietekm\u0113t pretinieka resursus, m\u0113r\u0137tiec\u012bgi v\u0113r\u0161oties pret Krievijas iek\u0161\u0113jo aviosatiksmi un transporta mezgliem.<\/p>\n<p>Visi \u0161ie notikumi un augsta l\u012bme\u0146a amatpersonu pazi\u0146ojumi skaidri par\u0101da, ka dro\u0161\u012bbas nodro\u0161in\u0101\u0161ana ap gaisa telpu un lo\u0123istikas centriem \u0161obr\u012bd ir priorit\u0101te. Eiropas Savien\u012bbas iest\u0101des un viet\u0113jie dienesti turpina ieviest stingr\u0101kus kontrolmeh\u0101nismus, lai piln\u012bb\u0101 nov\u0113rstu sabot\u0101\u017eas m\u0113\u0123in\u0101jumus un garant\u0113tu dro\u0161u pre\u010du un pasa\u017eieru kust\u012bbu vis\u0101 re\u0123ion\u0101.<\/p>\n","protected":false},"excerpt":{"rendered":"V\u0101cijas ties\u012bbsarg\u0101jo\u0161\u0101s iest\u0101des \u0161obr\u012bd akt\u012bvi izmekl\u0113 m\u0113\u0123in\u0101jumu sar\u012bkot uzbrukumu Leipcigas lidost\u0101. P\u0113c viet\u0113j\u0101 medija \u201cS\u00fcddeutsche Zeitung\u201d zi\u0146ot\u0101, aizdom\u0101s&hellip;\n","protected":false},"author":2,"featured_media":284377,"comment_status":"","ping_status":"","sticky":false,"template":"","format":"standard","meta":{"footnotes":"","_share_on_mastodon":"0"},"categories":[5],"tags":[23,28,29,32,33,22,30,31,35,39,38,36,37,34,40,20,26,27,24,25,21],"class_list":["post-284376","post","type-post","status-publish","format-standard","has-post-thumbnail","category-aktualitates","tag-aktualitates","tag-breaking-news","tag-breakingnews","tag-featured-news","tag-featurednews","tag-headlines","tag-latest-news","tag-latestnews","tag-latvia","tag-latvian","tag-latviesu","tag-latviesu-valoda","tag-latviesuvaloda","tag-latvija","tag-lv","tag-news","tag-popularakas-zinas","tag-popularakaszinas","tag-top-stories","tag-topstories","tag-zinas"],"share_on_mastodon":{"url":"https:\/\/pubeurope.com\/@lv\/117206326173641724","error":""},"_links":{"self":[{"href":"https:\/\/www.europesays.com\/lv\/wp-json\/wp\/v2\/posts\/284376","targetHints":{"allow":["GET"]}}],"collection":[{"href":"https:\/\/www.europesays.com\/lv\/wp-json\/wp\/v2\/posts"}],"about":[{"href":"https:\/\/www.europesays.com\/lv\/wp-json\/wp\/v2\/types\/post"}],"author":[{"embeddable":true,"href":"https:\/\/www.europesays.com\/lv\/wp-json\/wp\/v2\/users\/2"}],"replies":[{"embeddable":true,"href":"https:\/\/www.europesays.com\/lv\/wp-json\/wp\/v2\/comments?post=284376"}],"version-history":[{"count":0,"href":"https:\/\/www.europesays.com\/lv\/wp-json\/wp\/v2\/posts\/284376\/revisions"}],"wp:featuredmedia":[{"embeddable":true,"href":"https:\/\/www.europesays.com\/lv\/wp-json\/wp\/v2\/media\/284377"}],"wp:attachment":[{"href":"https:\/\/www.europesays.com\/lv\/wp-json\/wp\/v2\/media?parent=284376"}],"wp:term":[{"taxonomy":"category","embeddable":true,"href":"https:\/\/www.europesays.com\/lv\/wp-json\/wp\/v2\/categories?post=284376"},{"taxonomy":"post_tag","embeddable":true,"href":"https:\/\/www.europesays.com\/lv\/wp-json\/wp\/v2\/tags?post=284376"}],"curies":[{"name":"wp","href":"https:\/\/api.w.org\/{rel}","templated":true}]}}