{"id":284380,"date":"2026-09-03T09:10:15","date_gmt":"2026-09-03T09:10:15","guid":{"rendered":"https:\/\/www.europesays.com\/lv\/284380\/"},"modified":"2026-09-03T09:10:15","modified_gmt":"2026-09-03T09:10:15","slug":"likas-nu-kas-es-par-kriminali-esmu-balcers-pastasta-par-dargu-kuriozu-sveice","status":"publish","type":"post","link":"https:\/\/www.europesays.com\/lv\/284380\/","title":{"rendered":"&#8220;Lik\u0101s \u2013 nu, kas es par krimin\u0101li esmu?&#8221; Balcers past\u0101sta par d\u0101rgu &#8220;kuriozu&#8221; \u0160veic\u0113"},"content":{"rendered":"<p>No sava a\u0123enta Balcers uzzin\u0101ja, cik bargs sods vi\u0146am var\u0113tu draud\u0113t: &#8220;Man teica, ka naudas sods var b\u016bt pat piecciparu skaitlis. T\u0101 teikt, \u013coti liela summa.&#8221;<\/p>\n<p>Piecciparu naudas sods Balceram gan netika piespriests. &#8220;Beig\u0101s samaks\u0101ju divus t\u016bksto\u0161us ar kaut ko. Var\u0113ja b\u016bt daudz liel\u0101ka summa,&#8221; noteica sportists.<\/p>\n<p>Liel\u0101k\u0101s gr\u016bt\u012bbas sag\u0101d\u0101ja \u010detri m\u0113ne\u0161i bez iesp\u0113jas vad\u012bt automa\u0161\u012bnu, jo vi\u0146\u0161 dz\u012bvo diezgan t\u0101lu no ledus halles. Turkl\u0101t neilgi pirms tam Balceru \u0123imen\u0113 bija piedzimis b\u0113rni\u0146\u0161, t\u0101d\u0113\u013c ikdiena k\u013cuva v\u0113l sare\u017e\u0123\u012bt\u0101ka. &#8220;Sievai jau gal\u012bgi bija noriebies vad\u0101t mani visur.&#8221;<\/p>\n<p>Balcers uzsv\u0113ra, ka tagad brauc uzman\u012bgi. P\u0113c vi\u0146a teikt\u0101, vi\u0146am noteikts divu gadu p\u0101rbaudes laiks.<\/p>\n","protected":false},"excerpt":{"rendered":"No sava a\u0123enta Balcers uzzin\u0101ja, cik bargs sods vi\u0146am var\u0113tu draud\u0113t: &#8220;Man teica, ka naudas sods var b\u016bt&hellip;\n","protected":false},"author":2,"featured_media":284381,"comment_status":"","ping_status":"","sticky":false,"template":"","format":"standard","meta":{"footnotes":"","_share_on_mastodon":"0"},"categories":[17],"tags":[838,394,35,39,38,36,37,34,40,2717,67,7239],"class_list":["post-284380","post","type-post","status-publish","format-standard","has-post-thumbnail","category-sports","tag-hokejisti-arzemes","tag-hokejs","tag-latvia","tag-latvian","tag-latviesu","tag-latviesu-valoda","tag-latviesuvaloda","tag-latvija","tag-lv","tag-rudolfs-balcers","tag-sports","tag-sveice"],"share_on_mastodon":{"url":"https:\/\/pubeurope.com\/@lv\/117206333899673153","error":""},"_links":{"self":[{"href":"https:\/\/www.europesays.com\/lv\/wp-json\/wp\/v2\/posts\/284380","targetHints":{"allow":["GET"]}}],"collection":[{"href":"https:\/\/www.europesays.com\/lv\/wp-json\/wp\/v2\/posts"}],"about":[{"href":"https:\/\/www.europesays.com\/lv\/wp-json\/wp\/v2\/types\/post"}],"author":[{"embeddable":true,"href":"https:\/\/www.europesays.com\/lv\/wp-json\/wp\/v2\/users\/2"}],"replies":[{"embeddable":true,"href":"https:\/\/www.europesays.com\/lv\/wp-json\/wp\/v2\/comments?post=284380"}],"version-history":[{"count":0,"href":"https:\/\/www.europesays.com\/lv\/wp-json\/wp\/v2\/posts\/284380\/revisions"}],"wp:featuredmedia":[{"embeddable":true,"href":"https:\/\/www.europesays.com\/lv\/wp-json\/wp\/v2\/media\/284381"}],"wp:attachment":[{"href":"https:\/\/www.europesays.com\/lv\/wp-json\/wp\/v2\/media?parent=284380"}],"wp:term":[{"taxonomy":"category","embeddable":true,"href":"https:\/\/www.europesays.com\/lv\/wp-json\/wp\/v2\/categories?post=284380"},{"taxonomy":"post_tag","embeddable":true,"href":"https:\/\/www.europesays.com\/lv\/wp-json\/wp\/v2\/tags?post=284380"}],"curies":[{"name":"wp","href":"https:\/\/api.w.org\/{rel}","templated":true}]}}