{"id":284382,"date":"2026-09-03T09:13:37","date_gmt":"2026-09-03T09:13:37","guid":{"rendered":"https:\/\/www.europesays.com\/lv\/284382\/"},"modified":"2026-09-03T09:13:37","modified_gmt":"2026-09-03T09:13:37","slug":"no-sestdienas-veletaji-arvalstis-var-pieteikties-balsosanai-pa-pastu-un-jau-sakt-sutit-balsojumus-latviesi-com","status":"publish","type":"post","link":"https:\/\/www.europesays.com\/lv\/284382\/","title":{"rendered":"No sestdienas v\u0113l\u0113t\u0101ji \u0101rvalst\u012bs var pieteikties balso\u0161anai pa pastu un jau s\u0101kt s\u016bt\u012bt balsojumus &#8211; Latviesi.com"},"content":{"rendered":"<ol>\n<li><a href=\"https:\/\/news.google.com\/rss\/articles\/CBMiygFBVV95cUxNWHF1bGhKSGVuT3dLR1RnOG9tS19zTkptRFBXNnNRaXdQNFV0V0VNTTM1WFdlMkJIWWJwVFJTOXdxQ3luMDN6QlEwYzk4bGNhcndQNmROM21zb0xreWY4QWZIdnhNWDU5MzY5a19NNUJPR3ZRWVZqUHBfVzR2bThQYU9pdEJxTXRQUTR5UFEwcXpfT2JCTzBEZ0ZMb2VyOUJtS3ZxaEkwNEpBeWk4Rk1OY0NmUmlFR281cTljdWtGay12VUhIRWVVaTdR?oc=5\" target=\"_blank\" rel=\"nofollow noopener\">No sestdienas v\u0113l\u0113t\u0101ji \u0101rvalst\u012bs var pieteikties balso\u0161anai pa pastu un jau s\u0101kt s\u016bt\u012bt balsojumus<\/a>&nbsp;&nbsp;Latviesi.com<\/li>\n<li><a href=\"https:\/\/news.google.com\/rss\/articles\/CBMivwFBVV95cUxNRklZWTBjLWRQMEhpSWR1cnc1cDZtMGxGWmdTcV82d2Q5ZEVvV3FiZUNqSldiZTlpX0VZODJMNlNyRl9hSVFia0FQV05yR2xWTmUwLVNieTk1bTNPYXVZTUFFUDZMVjZvOVpGOExHajFmUmZkd3JDZFM4RGNFTjhJUUhBbGsybVlhaTZjU1J4UE02MnlsYUhhRUk1c0hDWkhZcm04cmw0NGxrc1dWdHN3akNCTnJIemkteEpubTdsWQ?oc=5\" target=\"_blank\" rel=\"nofollow noopener\">Latvija, diaspora un Apvienot\u0101s Karalistes \u201eStraum\u0113ni\u201d vienojas v\u0113l\u0113\u0161an\u0101s<\/a>&nbsp;&nbsp;Latvijas Radio 2<\/li>\n<li><a href=\"https:\/\/news.google.com\/rss\/articles\/CBMivgFBVV95cUxQQ1Q1YktrVmpvOVhveVJaUjNJTWRvYTBmSHNWMzhIY0ZOUHFLZW5rbVJvVHlSVkdCN1A3Z3V2b25SMVRwZndoTGNpaFItQ1ZiVG1kaFZvUVN6cmUtZXE0TE5hLTBVSlFFMmUxaVY3U1FJNkFMcGpkb1lBa3BHR2ZHZ3RWaUhucGNQbldkSVNsTUFxNnc3bmloRk9FaVBkMDZCOG02MjZULUxaWmFYS2hRSXdZYjJUNWN6SXYxQldR?oc=5\" target=\"_blank\" rel=\"nofollow noopener\">\u0100rvalst\u012bs dz\u012bvojo\u0161ie Latvijas pilso\u0146i var pieteikties balso\u0161anai pa pastu Saeimas v\u0113l\u0113\u0161an\u0101s<\/a>&nbsp;&nbsp;Apollo.lv<\/li>\n<li><a href=\"https:\/\/news.google.com\/rss\/articles\/CBMiwAFBVV95cUxQV21nQ1psTm4xZHVJUUo2YV9ZaGZmV0FFTFlnOEJCQlpQUmpZd0xnRmZZZlRfS0xYVGRDaFloOGUyVHFMWGRDNnU5eTN3TWlKWEk1UkF3RGtLNDFYZEZndzZlN3dxdm1PU2drQlowN2F5bE1JaXJCMVF5NDhpbllqNHpkblowOUtkYkdkVXFCZS1hcVBMZmpERmFGaTFmT19CeUlCUEtuemhDVV9rR0pyUzdjYWJvYnpkelBmVGFoRVM?oc=5\" target=\"_blank\" rel=\"nofollow noopener\">Pasaules br\u012bvo latvie\u0161u apvien\u012bba izsludina priek\u0161v\u0113l\u0113\u0161anu debates Straum\u0113nos<\/a>&nbsp;&nbsp;Latviesi.com<\/li>\n<li><a href=\"https:\/\/news.google.com\/rss\/articles\/CBMingFBVV95cUxPcmlnX211aWJLbHZOM0g3Y1ppa0FLZXZIZ0IxU3hOSGo2V2NCNnBrT3dwaGFndEJ6enBfbi1zSnU0QUJrOVBHTTU1S1Q5M3hmMkdvMTl3VDkxLXQzYU02SjhRdFFoa3FqZmZIOFdvY2Vfa2VGaHZ4U19melBONXNFU1c4MVFyY0xxRmVIXzBfT1hTeUluazZjaHd5ODhoZw?oc=5\" target=\"_blank\" rel=\"nofollow noopener\">No 29. augusta v\u0113l\u0113t\u0101ji \u0101rvalst\u012bs var\u0113s pieteikties balso\u0161anai pa pastu<\/a>&nbsp;&nbsp;Centr\u0101l\u0101 v\u0113l\u0113\u0161anu komisija<\/li>\n<\/ol>\n","protected":false},"excerpt":{"rendered":"No sestdienas v\u0113l\u0113t\u0101ji \u0101rvalst\u012bs var pieteikties balso\u0161anai pa pastu un jau s\u0101kt s\u016bt\u012bt balsojumus&nbsp;&nbsp;Latviesi.com Latvija, diaspora un Apvienot\u0101s&hellip;\n","protected":false},"author":2,"featured_media":284383,"comment_status":"","ping_status":"","sticky":false,"template":"","format":"standard","meta":{"footnotes":"","_share_on_mastodon":"0"},"categories":[12],"tags":[23,28,29,32,33,22,30,31,35,39,38,36,37,34,40,20,26,27,24,25,21],"class_list":["post-284382","post","type-post","status-publish","format-standard","has-post-thumbnail","category-latvija","tag-aktualitates","tag-breaking-news","tag-breakingnews","tag-featured-news","tag-featurednews","tag-headlines","tag-latest-news","tag-latestnews","tag-latvia","tag-latvian","tag-latviesu","tag-latviesu-valoda","tag-latviesuvaloda","tag-latvija","tag-lv","tag-news","tag-popularakas-zinas","tag-popularakaszinas","tag-top-stories","tag-topstories","tag-zinas"],"share_on_mastodon":{"url":"https:\/\/pubeurope.com\/@lv\/117206345543904740","error":""},"_links":{"self":[{"href":"https:\/\/www.europesays.com\/lv\/wp-json\/wp\/v2\/posts\/284382","targetHints":{"allow":["GET"]}}],"collection":[{"href":"https:\/\/www.europesays.com\/lv\/wp-json\/wp\/v2\/posts"}],"about":[{"href":"https:\/\/www.europesays.com\/lv\/wp-json\/wp\/v2\/types\/post"}],"author":[{"embeddable":true,"href":"https:\/\/www.europesays.com\/lv\/wp-json\/wp\/v2\/users\/2"}],"replies":[{"embeddable":true,"href":"https:\/\/www.europesays.com\/lv\/wp-json\/wp\/v2\/comments?post=284382"}],"version-history":[{"count":0,"href":"https:\/\/www.europesays.com\/lv\/wp-json\/wp\/v2\/posts\/284382\/revisions"}],"wp:featuredmedia":[{"embeddable":true,"href":"https:\/\/www.europesays.com\/lv\/wp-json\/wp\/v2\/media\/284383"}],"wp:attachment":[{"href":"https:\/\/www.europesays.com\/lv\/wp-json\/wp\/v2\/media?parent=284382"}],"wp:term":[{"taxonomy":"category","embeddable":true,"href":"https:\/\/www.europesays.com\/lv\/wp-json\/wp\/v2\/categories?post=284382"},{"taxonomy":"post_tag","embeddable":true,"href":"https:\/\/www.europesays.com\/lv\/wp-json\/wp\/v2\/tags?post=284382"}],"curies":[{"name":"wp","href":"https:\/\/api.w.org\/{rel}","templated":true}]}}