{"id":284388,"date":"2026-09-03T09:16:09","date_gmt":"2026-09-03T09:16:09","guid":{"rendered":"https:\/\/www.europesays.com\/lv\/284388\/"},"modified":"2026-09-03T09:16:09","modified_gmt":"2026-09-03T09:16:09","slug":"razumovskis-par-ekselences-junioriem-merkis-nav-jasasniedz-sodien-domajam-par-ritdienu-basketbols-sportacentrs-com","status":"publish","type":"post","link":"https:\/\/www.europesays.com\/lv\/284388\/","title":{"rendered":"Razumovskis par Ekselences Junioriem: &#8220;M\u0113r\u0137is nav j\u0101sasniedz \u0161odien, dom\u0101jam par r\u012btdienu&#8221; \u2013 Basketbols \u2013 Sportacentrs.com"},"content":{"rendered":"<p>Augusta vid\u016b pirmo publisko inform\u0101ciju par jauno komandu deva Latvijas basketbola izla\u0161u direktors <a href=\"https:\/\/sportacentrs.com\/basketbols\/lbl\/18082026-elite_ienak_rigas_juniori_ka_kapec_un_kad\" target=\"_blank\" rel=\"nofollow noopener\">Dairis Bert\u0101ns<\/a>, atkl\u0101jot, ka komandas treneri b\u016bs Valdis Razumovskis un Art\u016brs Str\u0113lnieks. Savuk\u0101rt, k\u0101 pirmos tr\u012bs vien\u012bbas sp\u0113l\u0113t\u0101jus nu jau biju\u0161ais izlases kapteinis nosauca Raivo Kudrjavcevu, Helmutu Petrovi\u010du un Robertu Valdi B\u0113rzi\u0146u. Daudz vair\u0101k inform\u0101cijas par projektu publiski pieejama tobr\u012bd nebija. Tagad ir pien\u0101cis septembris. \u0160\u012b m\u0113ne\u0161a izska\u0146\u0101 jau ir j\u0101s\u0101kas jaunajai sezonai, t\u0101d\u0113\u013c jaut\u0101j\u0101m &#8220;R\u012bgas Ekselences Junioru&#8221; galvenajam trenerim Valdim Razumovskim ieskic\u0113t komandas gatav\u012bbu debijai Latvijas basketbola augst\u0101kaj\u0101 l\u012bmen\u012b.<\/p>\n<p>&#8220;\u0160\u012b ir treni\u0146u tre\u0161\u0101 ned\u0113\u013ca. Ar \u0161o ned\u0113\u013cu esam intens\u012bvi s\u0101ku\u0161i treni\u0146us katru dienu. Sv\u0113tdien ir paredz\u0113ta pirm\u0101 p\u0101rbaudes sp\u0113le pret LU. N\u0101kamned\u0113\u013c gaid\u0101ma p\u0101rbaudes sp\u0113le pret &#8220;Gulbenes Bukiem&#8221;, bet p\u0113c tam brauksim sp\u0113l\u0113t pret &#8220;\u017dalgiris&#8221; otro jaunie\u0161u komandu. Komandas komplekt\u0113\u0161ana v\u0113l nav l\u012bdz galam pabeigta, jo vair\u0101ki pui\u0161i v\u0113l ir uz jaut\u0101juma z\u012bmes. \u0145emot v\u0113r\u0101, ka komplekt\u0113\u0161anos s\u0101k\u0101m visai v\u0113lu, tad \u0161is process neiet tik raiti, cik grib\u0113tos,&#8221; atzina treneris Razumovskis.<\/p>\n<p>38 gadus vecais treneris Razumovskis sevi Latvijas klubu basketbol\u0101 pla\u0161\u0101k pieteica 2024. gad\u0101, kad vi\u0146a vad\u012bt\u0101 &#8220;Salaspils&#8221; komanda &#8220;Ramirent&#8221; Nacion\u0101l\u0101s l\u012bgas turn\u012br\u0101 sav\u0101 debijas sezon\u0101 izc\u012bn\u012bja sudraba meda\u013cas. Jau tobr\u012bd vi\u0146\u0161 paral\u0113li str\u0101d\u0101ja ar &#8220;TTT R\u012bga&#8221; basketbolist\u0113m, bet starpsezon\u0101 treneris sekoja M\u0101rti\u0146am Gulbim no d\u0101mu basketbola uz &#8220;VEF R\u012bga&#8221; komandu, kur\u0101 ar\u012b aizvad\u012btas iepriek\u0161\u0113j\u0101s divas sezonas. Pag\u0101ju\u0161\u0101 gada vasar\u0101 Valda Razumovska vad\u012bb\u0101 Latvijas U18 izlases pui\u0161i ieguva ceturto vietu Eiropas \u010dempion\u0101t\u0101.<\/p>\n<p>Koment\u0101ru sada\u013c\u0101s k\u0101 Latvijas, t\u0101 Igaunijas medijos daudzi sprie\u017e, ka uzvaras \u0161iem jaunie\u0161iem nesp\u012bd. Treneris Razumiovskis iez\u012bm\u0113, ka tas ar\u012b nav galvenais m\u0113r\u0137is: &#8220;\u013boti labi apzin\u0101mies, ka uzvaras neb\u016bs daudz. Tas ar\u012b nav m\u016bsu pa\u0161m\u0113r\u0137is. M\u0113r\u0137is ir maksim\u0101li pal\u012bdz\u0113t jaunajiem sp\u0113l\u0113t\u0101jiem spert n\u0101kamo soli, atverot durvis uz profesion\u0101l\u0101 basketbola virtuvi. Vi\u0146iem ir iesp\u0113ja n\u0101kt tren\u0113ties no r\u012btiem, kas s\u0101ksies ar n\u0101kamo ned\u0113\u013cu. Tie b\u016bs individu\u0101lie treni\u0146i, kas fokus\u0113ti uz tehniku un metieniem. Vakaros ir komandu treni\u0146i un svari. Process, manupr\u0101t, ir \u013coti kvalitat\u012bvs. Uzticos trenerim Ivaram Ikstenam, kur\u0161 ir viens no lab\u0101kajiem profesion\u0101\u013ciem sav\u0101 jom\u0101.&#8221;<\/p>\n<p>&#8220;Svar\u012bg\u0101kais ir sp\u0113l\u0113t\u0101ju izaugsme, kas v\u0113rsta uz komandas liet\u0101m. Lai tad, kad vi\u0146i dosies uz Ameriku vai citu profesion\u0101lu komandu, vi\u0146iem b\u016btu maksim\u0101la inform\u0101cija, ko paveiksim r\u0101dot individu\u0101lo un komandas video, ar ko daudzi pui\u0161i l\u012bdz \u0161im nemaz nav sask\u0101ru\u0161ies. Cent\u012bsimies pal\u012bdz\u0113t vi\u0146iem saprast \u0161\u012bs basketbola lietas, kas mums un vi\u0146iem ir svar\u012bgas,&#8221; atz\u012bm\u0113ja &#8220;R\u012bgas Ekselences Junioru&#8221; st\u016brmanis.<\/p>\n<p>Treneris Razumovskis ar\u012b pla\u0161\u0101k atkl\u0101ja komandas sast\u0101va aprises: &#8220;Bez tr\u012bs iepriek\u0161 piemin\u0113tajiem komand\u0101 b\u016bs Eduards \u0100bele, kur\u0161 p\u0113d\u0113jos divus gadus ir aizvad\u012bjis \u010cehij\u0101. Vi\u0146\u0161 pag\u0101ju\u0161aj\u0101 gad\u0101 bija U18 izlas\u0113. V\u0113l no pag\u0101ju\u0161\u0101 gada U18 izlases b\u016bs J\u0101nis M\u0101rti\u0146\u0161 Kalni\u0146\u0161, kur\u0161 p\u0113d\u0113jos gadus bijis Valmier\u0101. Marks Ritenieks un Kristians Reiters (abi &#8220;Ekselences centra&#8221; pag\u0101ju\u0161\u0101s sezoanas l\u012bderi) &#8211; abi dev\u012btie gadi. V\u0113l ir Markuss T\u0113belis, kur\u0161 \u0161ogad bija U18 komand\u0101. Ernests V\u0113z\u012btis un Raivo Ind\u0101ns jau l\u012bdz \u0161im ir biju\u0161i Ekselences programm\u0101, bet Markuss Sv\u012b\u0137is un Rauls Mass ir pui\u0161i, kuri ir tikko pievienoju\u0161ies un iziet p\u0101rbaudes laiku.&#8221;<\/p>\n<p>\u0160ovasar Latvijas jaunatnes basketbolam bija \u012bpa\u0161s notikums &#8211; pirmo reizi k\u0101da no izlas\u0113m k\u013cuva par Eiropas \u010dempioniem. No zelta pui\u0161u U16 izlases sast\u0101va kop\u0101 ar &#8220;R\u012bgas Ekselences Junioriem&#8221; tren\u0113jas Juris Si\u010dkars un Rolands Teikmanis.<\/p>\n<p>&#8220;Uzrun\u0101ti kopum\u0101 bija \u013coti daudz pui\u0161i. Varb\u016bt v\u0113l ir netic\u012bba \u0161im projektam, t\u0101d\u0113\u013c vi\u0146i pievienoju\u0161ies cit\u0101m komand\u0101m. Sezonas s\u0101kum\u0101 skat\u012bsimies tos pui\u0161us, kuri \u012bsti netiek pie sp\u0113l\u0113\u0161anas lielaj\u0101s komand\u0101s. M\u0113s vi\u0146us uzrun\u0101sim un cent\u012bsimies iz\u012br\u0113t uz \u0161ejieni, dodot iesp\u0113ju vi\u0146iem vair\u0101k sp\u0113l\u0113t un pier\u0101d\u012bt sevi \u0161eit. Esot divas sezonas VEF un redzot, k\u0101 citur profesion\u0101l\u0101s komand\u0101s tas notiek, bie\u017ei vien jaunie sp\u0113l\u0113t\u0101ji netiek ne tikai pie sp\u0113l\u0113\u0161anas, bet ar\u012b treni\u0146proces\u0101 st\u0101v mal\u0101. T\u0101ds variants, ka piebrauktu no lielajiem klubiem tikai uz sp\u0113l\u0113m mums \u012bsti neder. Gribam, lai vi\u0146i pilnv\u0113rt\u012bgi piedal\u0101s treni\u0146proces\u0101, kur cent\u012bsimies vi\u0146iem nodro\u0161in\u0101t p\u0113c iesp\u0113jas lab\u0101kus apst\u0101k\u013cus,&#8221; atz\u012bm\u0113ja komandas galvenais strat\u0113\u0123is.<\/p>\n<p>Par tehnisko nodro\u0161in\u0101jumu vi\u0146\u0161 ieskic\u0113ja: &#8220;Tren\u0113jamies Komandu sporta sp\u0113\u013cu hall\u0113. \u0160eit ar\u012b aizvad\u012bsim sp\u0113les. Par cit\u0101m z\u0101l\u0113m neesmu dzird\u0113jis. Varb\u016bt k\u0101dreiz r\u012bta treni\u0146proces\u0101 var\u0113tu darboties ar\u012b cit\u0101 z\u0101l\u0113, bet princip\u0101 KSSH ir m\u016bsu b\u0101ze. \u0100rpus R\u012bgas dz\u012bvojo\u0161ajiem nodro\u0161in\u0101m dz\u012bvo\u0161anu turpat KSSH. Vi\u0146iem tiek nodro\u0161in\u0101ta ar\u012b \u0113\u0161ana. T\u0101 k\u0101 ir jauna dienesta viesn\u012bca, kur\u0101 ar\u012b pav\u0101rs par vi\u0146u \u0113\u0161anu par\u016bp\u0113sies.&#8221;<\/p>\n<p>V\u0113l viens aspekts ir jauno basketbolistu mor\u0101lais st\u0101voklis sezonas gait\u0101, lai zaud\u0113jumi neiedz\u012btu bedr\u0113, bet ar\u012b neiest\u0101tos piln\u012bga vienaldz\u012bba par komandas sniegumu laukum\u0101. Treneris apstiprin\u0101ja, ka par to nopietni tiek dom\u0101ts: &#8220;\u013boti labi apzin\u0101mies, ka uzvaras b\u016bs maz. B\u016bs ar\u012b daudz smagu zaud\u0113jumu. Psiholo\u0123isk\u0101 notur\u012bba ir tas, pie k\u0101 m\u0113s \u013coti str\u0101d\u0101sim. Mums ir piesaist\u012bts psiholo\u0123isk\u0101s sagatavot\u012bbas treneris Aleksandrs Astafi\u010devs, kur\u0161 jau iepriek\u0161\u0113jos divus gadus darboj\u0101s &#8220;Ekselences centr\u0101&#8221;. Ar vi\u0146u mums ar\u012b b\u016bs atsevi\u0161\u0137as nodarb\u012bbas, kur\u0101s cent\u012bsimies sagremot to, ka m\u0113r\u0137is nav j\u0101sasniedz \u0161odien. M\u0113s dom\u0101jam par r\u012btdienu. Par to, ko \u0161ie sp\u0113l\u0113t\u0101ji dar\u012bs n\u0101kotn\u0113. Cent\u012bsimies pal\u012bdz\u0113t ne tikai taktik\u0101 un tehnik\u0101, bet ar\u012b psiholo\u0123iskaj\u0101 sagatavot\u012bb\u0101. M\u0113s \u013coti labi saprotam, ka p\u0101reja no jaunie\u0161u uz pieaugu\u0161o basketbolu ir \u013coti gr\u016bta. \u0160aj\u0101 posm\u0101 pazaud\u0113jam \u013coti daudz sp\u0113l\u0113t\u0101ju.&#8221;<\/p>\n<p>&#8220;Sezonas gait\u0101 daudz r\u0101d\u012bsim pui\u0161iem gan individu\u0101lo, gan komandas video. Tas sp\u0113l\u0113t\u0101jiem pal\u012bdz\u0113s saprast un nov\u0113rst k\u013c\u016bdas. Varb\u016bt pa\u0161am sezonas s\u0101kumam neb\u016bsim piln\u012bb\u0101 gatavi, bet ticu, ka sezonas gait\u0101 sp\u0113l\u0113t\u0101ji r\u0101d\u012bs daudz lab\u0101ku sniegumu un sp\u0113s izpild\u012bt lietas, kas s\u0101kum\u0101 nav san\u0101ku\u0161as. It k\u0101 spiediens nek\u0101ds nav, un uzvaras mums neprasa, bet mums sp\u0113l\u0113t\u0101ju att\u012bst\u012bba ir svar\u012bg\u0101kais. Sagatavosim vi\u0146us n\u0101ko\u0161ajiem so\u013ciem &#8211; jaunie\u0161u izlas\u0113m un sekojo\u0161i do\u0161anos uz Ameriku vai profesion\u0101lo basketbolu,&#8221; cer\u012bbu par progresu sezonas gait\u0101 izteica treneris Razumovskis.<\/p>\n<p>Kam\u0113r &#8220;R\u012bgas Ekselences Juniori&#8221; sp\u0113l\u0113s Latvijas &#8211; Igaunijas apvienotaj\u0101 basketbola l\u012bg\u0101, vienu sol\u012bti zem\u0101k Nacion\u0101l\u0101s l\u012bgas turn\u012br\u0101 l\u012bdz \u0161im sp\u0113l\u0113ju\u0161o &#8220;Ekselences centra&#8221; komandu nu d\u0113v\u0113s par &#8220;R\u012bgas Kadetiem&#8221;. J\u0101atz\u012bm\u0113, ka juniori ne tikai sp\u0113l\u0113s viet\u0113j\u0101 l\u012bmen\u012b, bet komandai iepl\u0101noti ar\u012b divi starptautisk\u0101 l\u012bme\u0146a turn\u012bri, kuri sol\u0101s b\u016bt lieliska platforma, lai atr\u0101d\u012btos jaunajiem sp\u0113l\u0113t\u0101jiem. Viena no t\u0101m ir Jaunatnes \u010dempionu l\u012bga tie\u0161i U18 vecumam. Savuk\u0101rt oktobr\u012b komanda dosies uz Romu, lai sp\u0113l\u0113tu The Grind Session turn\u012br\u0101 pret Amerikas basketbolistiem.<\/p>\n","protected":false},"excerpt":{"rendered":"Augusta vid\u016b pirmo publisko inform\u0101ciju par jauno komandu deva Latvijas basketbola izla\u0161u direktors Dairis Bert\u0101ns, atkl\u0101jot, ka komandas&hellip;\n","protected":false},"author":2,"featured_media":284389,"comment_status":"","ping_status":"","sticky":false,"template":"","format":"standard","meta":{"footnotes":"","_share_on_mastodon":"0"},"categories":[17],"tags":[145,35,39,38,36,37,34,1313,1314,1312,40,67],"class_list":["post-284388","post","type-post","status-publish","format-standard","has-post-thumbnail","category-sports","tag-basketbols","tag-latvia","tag-latvian","tag-latviesu","tag-latviesu-valoda","tag-latviesuvaloda","tag-latvija","tag-latvijas-basketbola-liga","tag-latvijas-basketbols","tag-lbl","tag-lv","tag-sports"],"share_on_mastodon":{"url":"","error":""},"_links":{"self":[{"href":"https:\/\/www.europesays.com\/lv\/wp-json\/wp\/v2\/posts\/284388","targetHints":{"allow":["GET"]}}],"collection":[{"href":"https:\/\/www.europesays.com\/lv\/wp-json\/wp\/v2\/posts"}],"about":[{"href":"https:\/\/www.europesays.com\/lv\/wp-json\/wp\/v2\/types\/post"}],"author":[{"embeddable":true,"href":"https:\/\/www.europesays.com\/lv\/wp-json\/wp\/v2\/users\/2"}],"replies":[{"embeddable":true,"href":"https:\/\/www.europesays.com\/lv\/wp-json\/wp\/v2\/comments?post=284388"}],"version-history":[{"count":0,"href":"https:\/\/www.europesays.com\/lv\/wp-json\/wp\/v2\/posts\/284388\/revisions"}],"wp:featuredmedia":[{"embeddable":true,"href":"https:\/\/www.europesays.com\/lv\/wp-json\/wp\/v2\/media\/284389"}],"wp:attachment":[{"href":"https:\/\/www.europesays.com\/lv\/wp-json\/wp\/v2\/media?parent=284388"}],"wp:term":[{"taxonomy":"category","embeddable":true,"href":"https:\/\/www.europesays.com\/lv\/wp-json\/wp\/v2\/categories?post=284388"},{"taxonomy":"post_tag","embeddable":true,"href":"https:\/\/www.europesays.com\/lv\/wp-json\/wp\/v2\/tags?post=284388"}],"curies":[{"name":"wp","href":"https:\/\/api.w.org\/{rel}","templated":true}]}}