{"id":284390,"date":"2026-09-03T09:18:13","date_gmt":"2026-09-03T09:18:13","guid":{"rendered":"https:\/\/www.europesays.com\/lv\/284390\/"},"modified":"2026-09-03T09:18:13","modified_gmt":"2026-09-03T09:18:13","slug":"meginajums-uzbrukt-leipcigas-lidostai-ir-krievijas-sponsorets-terorisms-uzsver-braze","status":"publish","type":"post","link":"https:\/\/www.europesays.com\/lv\/284390\/","title":{"rendered":"M\u0113\u0123in\u0101jums uzbrukt Leipcigas lidostai ir Krievijas sponsor\u0113ts terorisms, uzsver Bra\u017ee"},"content":{"rendered":"<p>Tiekoties ar Kan\u0101das \u0101rlietu ministri Anitu Anandu, Bra\u017ee vienoj\u0101s par abu valstu sadarb\u012bbu Nep\u0101l\u0101 &#8211; Latvijai Nep\u0101l\u0101 ir 33 bezv\u0113sts pazudu\u0161o, bet Kan\u0101dai aptuveni 30. Abas uz Nep\u0101lu ir nos\u016bt\u012bju\u0161as savu valstu p\u0101rst\u0101vjus. Ministres vienoj\u0101s par cie\u0161u sadarb\u012bbu un inform\u0101cijas apmai\u0146u, ja izdosies kaut ko uzzin\u0101t par bezv\u0113sts pazudu\u0161ajiem valstu pieder\u012bgajiem.<\/p>\n<p>Apsprie\u017eot situ\u0101ciju Tuvajos Austrumos, Latvijas \u0101rlietu ministre apliecin\u0101ja Latvijas atbalstu diplom\u0101tiskam risin\u0101jumam konflikt\u0101 ar Ir\u0101nu un ku\u0123o\u0161anas br\u012bv\u012bbas atjauno\u0161anai Hormuza \u0161aurum\u0101.<\/p>\n<p>Ministri p\u0101rrun\u0101ja ar\u012b humanit\u0101ro situ\u0101ciju Gaz\u0101, vardarb\u012bbas eskal\u0101ciju Rietumkrast\u0101, divu valstu risin\u0101juma perspekt\u012bvas un situ\u0101ciju Lib\u0101n\u0101.<\/p>\n<p>San\u0101ksm\u0113 apspriestas ar\u012b iesp\u0113jas padar\u012bt ES \u0101r\u0113jo darb\u012bbu efekt\u012bv\u0101ku un operat\u012bv\u0101ku, stiprin\u0101t sadarb\u012bbu ar starptautiskajiem partneriem un palielin\u0101t ES ietekmi daudzpus\u0113jos form\u0101tos.<\/p>\n<p>Jau v\u0113st\u012bts, ka 4. august\u0101 Leipcigas lidost\u0101, kam ir noz\u012bm\u012bga loma milit\u0101rajos p\u0101rvad\u0101jumos, tika atrasts bezpilota lidapar\u0101ts ar spr\u0101gstviel\u0101m. Policija izmantoja robotu, lai neitraliz\u0113tu spr\u0101gstvielas dron\u0101, kas tika atrasts net\u0101lu no Ukrainas kravas lidma\u0161\u012bnas, un uzskata, ka otrs drons, iesp\u0113jams, sad\u016br\u0101s ar net\u0101lu eso\u0161u lo\u0123istikas komp\u0101nijas &#8220;DHL&#8221; lidma\u0161\u012bnu. Kop\u0161 t\u0101 laika ir atrasts tre\u0161ais drons, kas ar\u012b bija apr\u012bkots ar spr\u0101gstviel\u0101m.<\/p>\n","protected":false},"excerpt":{"rendered":"Tiekoties ar Kan\u0101das \u0101rlietu ministri Anitu Anandu, Bra\u017ee vienoj\u0101s par abu valstu sadarb\u012bbu Nep\u0101l\u0101 &#8211; Latvijai Nep\u0101l\u0101 ir&hellip;\n","protected":false},"author":2,"featured_media":284391,"comment_status":"","ping_status":"","sticky":false,"template":"","format":"standard","meta":{"footnotes":"","_share_on_mastodon":"0"},"categories":[14],"tags":[23,57,447,28,29,75,32,33,22,234,30,31,35,39,38,36,37,34,40,20,26,27,24,25,299,54,55,56,21,58],"class_list":["post-284390","post","type-post","status-publish","format-standard","has-post-thumbnail","category-zinas-no-arvalstim","tag-aktualitates","tag-arvalstim","tag-baiba-braze","tag-breaking-news","tag-breakingnews","tag-droni","tag-featured-news","tag-featurednews","tag-headlines","tag-krievija","tag-latest-news","tag-latestnews","tag-latvia","tag-latvian","tag-latviesu","tag-latviesu-valoda","tag-latviesuvaloda","tag-latvija","tag-lv","tag-news","tag-popularakas-zinas","tag-popularakaszinas","tag-top-stories","tag-topstories","tag-vacija","tag-world","tag-world-news","tag-worldnews","tag-zinas","tag-zinas-no-arvalstim"],"share_on_mastodon":{"url":"https:\/\/pubeurope.com\/@lv\/117206365364383443","error":""},"_links":{"self":[{"href":"https:\/\/www.europesays.com\/lv\/wp-json\/wp\/v2\/posts\/284390","targetHints":{"allow":["GET"]}}],"collection":[{"href":"https:\/\/www.europesays.com\/lv\/wp-json\/wp\/v2\/posts"}],"about":[{"href":"https:\/\/www.europesays.com\/lv\/wp-json\/wp\/v2\/types\/post"}],"author":[{"embeddable":true,"href":"https:\/\/www.europesays.com\/lv\/wp-json\/wp\/v2\/users\/2"}],"replies":[{"embeddable":true,"href":"https:\/\/www.europesays.com\/lv\/wp-json\/wp\/v2\/comments?post=284390"}],"version-history":[{"count":0,"href":"https:\/\/www.europesays.com\/lv\/wp-json\/wp\/v2\/posts\/284390\/revisions"}],"wp:featuredmedia":[{"embeddable":true,"href":"https:\/\/www.europesays.com\/lv\/wp-json\/wp\/v2\/media\/284391"}],"wp:attachment":[{"href":"https:\/\/www.europesays.com\/lv\/wp-json\/wp\/v2\/media?parent=284390"}],"wp:term":[{"taxonomy":"category","embeddable":true,"href":"https:\/\/www.europesays.com\/lv\/wp-json\/wp\/v2\/categories?post=284390"},{"taxonomy":"post_tag","embeddable":true,"href":"https:\/\/www.europesays.com\/lv\/wp-json\/wp\/v2\/tags?post=284390"}],"curies":[{"name":"wp","href":"https:\/\/api.w.org\/{rel}","templated":true}]}}