{"id":284416,"date":"2026-09-03T09:37:09","date_gmt":"2026-09-03T09:37:09","guid":{"rendered":"https:\/\/www.europesays.com\/lv\/284416\/"},"modified":"2026-09-03T09:37:09","modified_gmt":"2026-09-03T09:37:09","slug":"video-%e2%9f%a9-ukraina-ar-juras-droniem-uzbrukusi-socu-ostai","status":"publish","type":"post","link":"https:\/\/www.europesays.com\/lv\/284416\/","title":{"rendered":"VIDEO \u27e9 Ukraina ar j\u016bras droniem uzbrukusi So\u010du ostai"},"content":{"rendered":"<blockquote class=\"twitter-tweet\">\n<p lang=\"en\" dir=\"ltr\">The vessel NEFRIT, struck by a Ukrainian unmanned underwater vehicle (UUV) while moored in Sochi, had reportedly been operating in the Novorossiysk and wider Black Sea area, according to publicly available information.<\/p>\n<p>The vessel sails, or at least previously sailed, under the\u2026 <a href=\"https:\/\/t.co\/bDHP9zV0yf\" rel=\"nofollow\">pic.twitter.com\/bDHP9zV0yf<\/a><\/p>\n<p>\u2014 Exilenova+ (@Exilenova_plus) <a href=\"https:\/\/x.com\/Exilenova_plus\/status\/2095423088473080312?ref_src=twsrc%5Etfw\" rel=\"nofollow\">September 3, 2026<\/a><\/p><\/blockquote>\n<p>Virs ostas debes\u012bs pace\u013cas d\u016bmu m\u0101konis, zi\u0146o viet\u0113jie iedz\u012bvot\u0101ji.<\/p>\n<p>Uzbrukums ostai veikts ar j\u016bras droniem, v\u0113sta Ukrainas kara monitoringa kan\u0101ls &#8220;Exilenova+&#8221;.<\/p>\n<p>Iesp\u0113jamo m\u0113r\u0137u vid\u016b tiek min\u0113ts ra\u0137e\u0161u un lielgabalu komplekss &#8220;Pancir&#8221; un Krievijas patru\u013ckuteri, k\u0101 ar\u012b daudzfunkcion\u0101lais atbalsta ku\u0123is, kas tiek izmantots naftas un g\u0101zes ieguves oper\u0101cij\u0101s.<\/p>\n<p><a href=\"https:\/\/www.apollo.lv\/term\/555452\/krievija\" class=\"topicLink\" target=\"_blank\" rel=\"nofollow noopener\">Krievija<\/a> spiesta izmantot So\u010dus k\u0101 Meln\u0101s j\u016bras flotes un robe\u017esardzes ku\u0123u b\u0101zi, jo <a href=\"https:\/\/www.apollo.lv\/term\/8497\/ukraina\" class=\"topicLink\" target=\"_blank\" rel=\"nofollow noopener\">Ukraina<\/a> regul\u0101ri uzbr\u016bk Sevastopolei un Novorosijskai, kas atrodas tuv\u0101k karadarb\u012bbas zonai.<\/p>\n<p>So\u010du <a href=\"https:\/\/www.apollo.lv\/term\/468839\/osta\" class=\"topicLink\" target=\"_blank\" rel=\"nofollow noopener\">osta<\/a> tiek izmantota ar\u012b k\u0101 lo\u0123istikas punkts, lai pieg\u0101d\u0101tu materi\u0101li tehniskos l\u012bdzek\u013cus un milit\u0101ro tehniku.<\/p>\n<p><script async src=\"https:\/\/platform.twitter.com\/widgets.js\" charset=\"utf-8\"><\/script><\/p>\n","protected":false},"excerpt":{"rendered":"The vessel NEFRIT, struck by a Ukrainian unmanned underwater vehicle (UUV) while moored in Sochi, had reportedly been&hellip;\n","protected":false},"author":2,"featured_media":284417,"comment_status":"","ping_status":"","sticky":false,"template":"","format":"standard","meta":{"footnotes":"","_share_on_mastodon":"0"},"categories":[14],"tags":[23,57,28,29,75,32,33,22,234,30,31,35,39,38,36,37,34,40,20,3015,26,27,40908,24,25,276,54,55,56,21,58],"class_list":["post-284416","post","type-post","status-publish","format-standard","has-post-thumbnail","category-zinas-no-arvalstim","tag-aktualitates","tag-arvalstim","tag-breaking-news","tag-breakingnews","tag-droni","tag-featured-news","tag-featurednews","tag-headlines","tag-krievija","tag-latest-news","tag-latestnews","tag-latvia","tag-latvian","tag-latviesu","tag-latviesu-valoda","tag-latviesuvaloda","tag-latvija","tag-lv","tag-news","tag-osta","tag-popularakas-zinas","tag-popularakaszinas","tag-soci","tag-top-stories","tag-topstories","tag-ukraina","tag-world","tag-world-news","tag-worldnews","tag-zinas","tag-zinas-no-arvalstim"],"share_on_mastodon":{"url":"https:\/\/pubeurope.com\/@lv\/117206440129106496","error":""},"_links":{"self":[{"href":"https:\/\/www.europesays.com\/lv\/wp-json\/wp\/v2\/posts\/284416","targetHints":{"allow":["GET"]}}],"collection":[{"href":"https:\/\/www.europesays.com\/lv\/wp-json\/wp\/v2\/posts"}],"about":[{"href":"https:\/\/www.europesays.com\/lv\/wp-json\/wp\/v2\/types\/post"}],"author":[{"embeddable":true,"href":"https:\/\/www.europesays.com\/lv\/wp-json\/wp\/v2\/users\/2"}],"replies":[{"embeddable":true,"href":"https:\/\/www.europesays.com\/lv\/wp-json\/wp\/v2\/comments?post=284416"}],"version-history":[{"count":0,"href":"https:\/\/www.europesays.com\/lv\/wp-json\/wp\/v2\/posts\/284416\/revisions"}],"wp:featuredmedia":[{"embeddable":true,"href":"https:\/\/www.europesays.com\/lv\/wp-json\/wp\/v2\/media\/284417"}],"wp:attachment":[{"href":"https:\/\/www.europesays.com\/lv\/wp-json\/wp\/v2\/media?parent=284416"}],"wp:term":[{"taxonomy":"category","embeddable":true,"href":"https:\/\/www.europesays.com\/lv\/wp-json\/wp\/v2\/categories?post=284416"},{"taxonomy":"post_tag","embeddable":true,"href":"https:\/\/www.europesays.com\/lv\/wp-json\/wp\/v2\/tags?post=284416"}],"curies":[{"name":"wp","href":"https:\/\/api.w.org\/{rel}","templated":true}]}}