{"id":284460,"date":"2026-09-03T10:08:16","date_gmt":"2026-09-03T10:08:16","guid":{"rendered":"https:\/\/www.europesays.com\/lv\/284460\/"},"modified":"2026-09-03T10:08:16","modified_gmt":"2026-09-03T10:08:16","slug":"vins-neies-ne-vins-ies-talak-slaidins-nosauc-bistamako-scenariju-uz-ko-tiesi-sobrid-iespejams-dodas-rietumi","status":"publish","type":"post","link":"https:\/\/www.europesays.com\/lv\/284460\/","title":{"rendered":"\u201cVi\u0146\u0161 neies? N\u0113, vi\u0146\u0161 ies t\u0101l\u0101k!\u201d Slaidi\u0146\u0161 nosauc b\u012bstam\u0101ko scen\u0101riju, uz ko tie\u0161i \u0161obr\u012bd, iesp\u0113jams, dodas Rietumi"},"content":{"rendered":"<p>                                    <img decoding=\"async\" src=\"https:\/\/www.europesays.com\/lv\/wp-content\/uploads\/2026\/09\/russia_putin_59741-1-1024x705.jpg\" style=\"display:none\" loading=\"lazy\"\/><\/p>\n<p>                                                <a href=\"https:\/\/news.google.com\/publications\/CAAqHQgKIhdDQklTQ3dnTWFnY0tCV3hoTG14MktBQVAB?hl=lv&amp;gl=LV&amp;ceid=LV%3Alv\" target=\"_blank\" style=\"font-family:SF Pro Display, Roboto, serif;font-size:12px;font-weight:bold;text-transform:uppercase;color:#000;text-decoration:none;line-height:34px;height:32px;display:block\" rel=\"nofollow noopener\"><br \/>\n                            Pievieno LA.LV<br \/>\n                            <img loading=\"lazy\" decoding=\"async\" src=\"https:\/\/www.la.lv\/assets\/images\/icon\/logo-google.svg\" style=\"margin-left:4px;vertical-align: -5px;\" width=\"18\" height=\"18\"\/><br \/>\n                        <\/a><br \/>\n                                                                        <a href=\"https:\/\/whatsapp.com\/channel\/0029VbCMJEF2v1IwTt54UN0u\" target=\"_blank\" class=\"whatsapp-channel-follow\" rel=\"nofollow noopener\"><br \/>\n                            Seko WhatsApp<\/p>\n<p>                        <\/a><\/p>\n<p>11:07, 3. septembris 2026<\/p>\n<p>Rietumu sabiedr\u012bb\u0101 arvien vair\u0101k j\u016btams nogurums no Ukrainas kara, ta\u010du pa\u0161ai Ukrainai \u0161\u0101das iesp\u0113jas nav \u2013 tai j\u0101c\u012bn\u0101s par savu izdz\u012bvo\u0161anu. TV24 raid\u012bjum\u0101 \u201cAktu\u0101lais par karadarb\u012bbu Ukrain\u0101\u201d NBS majors, Zemessardzes \u0161t\u0101ba virsnieks J\u0101nis Slaidi\u0146\u0161 uzsv\u0113ra, ka tie\u0161i uz pret\u0113j\u0101s puses nogurumu ar\u012b cer Krievijas prezidents Vladimirs Putins.<\/p>\n<p>        Las\u012bt\u0101kie<br \/>\n        <a data-imagesrc=\"{&quot;300&quot;:&quot;https:\\\/\\\/lastatic.ams3.cdn.digitaloceanspaces.com\\\/2026\\\/08\\\/pexels-cristian-rojas-8460085-300x200.jpg&quot;,&quot;1024&quot;:&quot;https:\\\/\\\/lastatic.ams3.cdn.digitaloceanspaces.com\\\/2026\\\/08\\\/pexels-cristian-rojas-8460085-1024x683.jpg&quot;,&quot;1536&quot;:&quot;https:\\\/\\\/lastatic.ams3.cdn.digitaloceanspaces.com\\\/2026\\\/08\\\/pexels-cristian-rojas-8460085-1536x1024.jpg&quot;,&quot;500&quot;:&quot;https:\\\/\\\/lastatic.ams3.cdn.digitaloceanspaces.com\\\/2026\\\/08\\\/pexels-cristian-rojas-8460085-500x333.jpg&quot;,&quot;800&quot;:&quot;https:\\\/\\\/lastatic.ams3.cdn.digitaloceanspaces.com\\\/2026\\\/08\\\/pexels-cristian-rojas-8460085-800x533.jpg&quot;,&quot;2560&quot;:&quot;https:\\\/\\\/lastatic.ams3.cdn.digitaloceanspaces.com\\\/2026\\\/08\\\/pexels-cristian-rojas-8460085-scaled.jpg&quot;}\" data-focuspoint=\"&quot;&quot;\" data-p=\"2602312\" href=\"https:\/\/www.la.lv\/naves-tuvosanos-var-pamanit-jau-48h-pirms-tas-7-izmainas-kas-notiek-cilveka-kermeni\" class=\"content-item lazy-load\" wp_automatic_readability=\"26.5\" rel=\"nofollow noopener\" target=\"_blank\"><\/p>\n<p>                                <img decoding=\"async\" src=\"\" alt=\"\" style=\"\" data-imageid=\"\"\/><\/p>\n<p>                                Veselam<\/p>\n<p>\n                                                                                N\u0101ves tuvo\u0161anos var paman\u012bt jau 48h pirms t\u0101s: 7 izmai\u0146as, kas notiek cilv\u0113ka \u0137ermen\u012b\n                            <\/p>\n<p><\/a><a data-imagesrc=\"{&quot;300&quot;:&quot;https:\\\/\\\/lastatic.ams3.cdn.digitaloceanspaces.com\\\/2014\\\/06\\\/mongolija34-300x200.jpg&quot;,&quot;80&quot;:&quot;https:\\\/\\\/lastatic.ams3.cdn.digitaloceanspaces.com\\\/2014\\\/06\\\/mongolija34-80x48.jpg&quot;,&quot;112&quot;:&quot;https:\\\/\\\/lastatic.ams3.cdn.digitaloceanspaces.com\\\/2014\\\/06\\\/mongolija34-112x64.jpg&quot;,&quot;664&quot;:&quot;https:\\\/\\\/lastatic.ams3.cdn.digitaloceanspaces.com\\\/2014\\\/06\\\/mongolija34-664x442.jpg&quot;,&quot;239&quot;:&quot;https:\\\/\\\/lastatic.ams3.cdn.digitaloceanspaces.com\\\/2014\\\/06\\\/mongolija34-239x160.jpg&quot;,&quot;263&quot;:&quot;https:\\\/\\\/lastatic.ams3.cdn.digitaloceanspaces.com\\\/2014\\\/06\\\/mongolija34-263x175.jpg&quot;,&quot;506&quot;:&quot;https:\\\/\\\/lastatic.ams3.cdn.digitaloceanspaces.com\\\/2014\\\/06\\\/mongolija34-506x338.jpg&quot;,&quot;118&quot;:&quot;https:\\\/\\\/lastatic.ams3.cdn.digitaloceanspaces.com\\\/2014\\\/06\\\/mongolija34-118x70.jpg&quot;,&quot;348&quot;:&quot;https:\\\/\\\/lastatic.ams3.cdn.digitaloceanspaces.com\\\/2014\\\/06\\\/mongolija34-348x225.jpg&quot;,&quot;90&quot;:&quot;https:\\\/\\\/lastatic.ams3.cdn.digitaloceanspaces.com\\\/2014\\\/06\\\/mongolija34-90x58.jpg&quot;,&quot;700&quot;:&quot;https:\\\/\\\/lastatic.ams3.cdn.digitaloceanspaces.com\\\/2014\\\/06\\\/mongolija34.jpg&quot;}\" data-focuspoint=\"&quot;&quot;\" data-p=\"2594634\" href=\"https:\/\/www.la.lv\/nosauktas-pasaules-klusakas-valstis-viena-no-tam-atrodas-tepat-baltija\" class=\"content-item lazy-load\" wp_automatic_readability=\"26\" rel=\"nofollow noopener\" target=\"_blank\"><\/p>\n<p>                                <img decoding=\"async\" src=\"\" alt=\"\" style=\"\" data-imageid=\"\"\/><\/p>\n<p>                                Kokteilis<\/p>\n<p>\n                                                                                Nosauktas pasaules klus\u0101k\u0101s valstis: viena no t\u0101m atrodas tepat \u2013 Baltij\u0101\n                            <\/p>\n<p><\/a><a data-imagesrc=\"{&quot;300&quot;:&quot;https:\\\/\\\/lastatic.ams3.cdn.digitaloceanspaces.com\\\/2018\\\/11\\\/sexxyyy-1-300x162.jpg&quot;,&quot;768&quot;:&quot;https:\\\/\\\/lastatic.ams3.cdn.digitaloceanspaces.com\\\/2018\\\/11\\\/sexxyyy-1-768x415.jpg&quot;,&quot;200&quot;:&quot;https:\\\/\\\/lastatic.ams3.cdn.digitaloceanspaces.com\\\/2018\\\/11\\\/sexxyyy-1-200x108.jpg&quot;,&quot;400&quot;:&quot;https:\\\/\\\/lastatic.ams3.cdn.digitaloceanspaces.com\\\/2018\\\/11\\\/sexxyyy-1-400x216.jpg&quot;,&quot;500&quot;:&quot;https:\\\/\\\/lastatic.ams3.cdn.digitaloceanspaces.com\\\/2018\\\/11\\\/sexxyyy-1-500x271.jpg&quot;,&quot;800&quot;:&quot;https:\\\/\\\/lastatic.ams3.cdn.digitaloceanspaces.com\\\/2018\\\/11\\\/sexxyyy-1-800x433.jpg&quot;,&quot;1000&quot;:&quot;https:\\\/\\\/lastatic.ams3.cdn.digitaloceanspaces.com\\\/2018\\\/11\\\/sexxyyy-1.jpg&quot;}\" data-focuspoint=\"&quot;&quot;\" data-p=\"1401090\" href=\"https:\/\/www.la.lv\/top-6-lietas-kas-viriesiem-skiet-biedejosas-milesanas-laika\" class=\"content-item lazy-load\" wp_automatic_readability=\"27.5\" rel=\"nofollow noopener\" target=\"_blank\"><\/p>\n<p>                                <img decoding=\"async\" src=\"\" alt=\"\" style=\"\" data-imageid=\"\"\/><\/p>\n<p>                                Kokteilis<\/p>\n<p>\n                                                                                TOP 6 lietas, kas v\u012brie\u0161iem \u0161\u0137iet bied\u0113jo\u0161as m\u012bl\u0113\u0161an\u0101s laik\u0101, lai gan vi\u0146i negrib to atz\u012bt<\/p>\n<p><\/a><br \/>\n        <a class=\"read-more\" href=\"https:\/\/www.la.lv\/top\" rel=\"nofollow noopener\" target=\"_blank\">Las\u012bt citas zi\u0146as<\/a><\/p>\n<p>Slaidi\u0146\u0161 nor\u0101d\u012bja, ka Rietumu valstis jau kop\u0161 2014. gada nav pietiekami nov\u0113rt\u0113ju\u0161as Krievijas agres\u012bvos pl\u0101nus. Ar\u012b pirms 2022. gada Eiropa liel\u0101 m\u0113r\u0101 turpin\u0101ja veidot biznesa attiec\u012bbas ar Krieviju, tostarp izv\u0113loties l\u0113t\u0101kus resursus. P\u0113c vi\u0146a teikt\u0101, \u0161\u012bs politikas sekas bija redzamas, karam s\u0101koties, kad Eiropai n\u0101c\u0101s \u013coti \u0101tri p\u0101rskat\u012bt iepriek\u0161\u0113jos l\u0113mumus.<\/p>\n<p>Vienlaikus sabiedr\u012bba Eirop\u0101 no kara nogurst. \u201cCilv\u0113ki ar\u012b pierod, nogurst no t\u0101, protams, bet ko dar\u012bt Ukrainai? Vi\u0146i c\u012bn\u0101s par savu izdz\u012bvo\u0161anu, vi\u0146iem nav laika nogurt, nolaist rokas,\u201d sac\u012bja Slaidi\u0146\u0161. Vi\u0146apr\u0101t, Putins tie\u0161i uz to ar\u012b cer \u2013 ka ilgsto\u0161ais kar\u0161 nogurdin\u0101s Rietumus un Ukraina galu gal\u0101 paliks bez nepiecie\u0161am\u0101 atbalsta.<\/p>\n<p>    CITI \u0160OBR\u012aD LASA<\/p>\n<p>\u012apa\u0161i noz\u012bm\u012bgas b\u016bs ar\u012b n\u0101kam\u0101s v\u0113l\u0113\u0161anas Eiropas valst\u012bs, jo no t\u0101, k\u0101di politiskie sp\u0113ki non\u0101ks pie varas, b\u016bs atkar\u012bgs turpm\u0101kais atbalsts Ukrainai. \u201cPutins uz to cer \u013coti, ka var\u0113s l\u012bdz sp\u0113ku izs\u012bkumam kauties. Vi\u0146\u0161 cer, ka sp\u0113ku izs\u012bkums b\u016bs pret\u0113j\u0101 pus\u0113,\u201d nor\u0101d\u012bja Slaidi\u0146\u0161.<\/p>\n<p>Tom\u0113r majors uzsv\u0113ra, ka Eiropai Ukrainas atbalsts j\u0101uztver ne tikai k\u0101 pal\u012bdz\u012bba citai valstij, bet ar\u012b k\u0101 pa\u0161as Eiropas dro\u0161\u012bbas jaut\u0101jums. Krievijas amb\u012bcijas neesot pazudu\u0161as, un to apliecinot ar\u012b Krem\u013ca retorika par teritoriju iekaro\u0161anu un pievieno\u0161anu. Slaidi\u0146\u0161 sal\u012bdzin\u0101ja pa\u0161reiz\u0113jo situ\u0101ciju ar Rietumu m\u0113\u0123in\u0101jumiem savulaik vienoties ar Hitleru, cerot, ka ar piek\u0101p\u0161anos iesp\u0113jams aptur\u0113t vi\u0146a amb\u012bcijas.<\/p>\n<p>\u201cVi\u0146\u0161 neies? N\u0113, vi\u0146\u0161 ies t\u0101l\u0101k,\u201d sac\u012bja Slaidi\u0146\u0161, uzsverot, ka Krievijas pa\u0161reiz\u0113j\u0101 militariz\u0101cija un sabiedr\u012bb\u0101 uztur\u0113t\u0101 dom\u0101\u0161ana par \u0101r\u0113jo ienaidnieku rada ilgtermi\u0146a apdraud\u0113jumu ar\u012b p\u0113c iesp\u0113jam\u0101m kauju beig\u0101m Ukrain\u0101.<\/p>\n<p>Pla\u0161\u0101k par \u0161o t\u0113mu skatieties pievienotaj\u0101 video.<\/p>\n<p>T\u0113mas<\/p>\n<p>    SAIST\u012aTIE RAKSTI<\/p>\n","protected":false},"excerpt":{"rendered":"Pievieno LA.LV Seko WhatsApp 11:07, 3. septembris 2026 Rietumu sabiedr\u012bb\u0101 arvien vair\u0101k j\u016btams nogurums no Ukrainas kara, ta\u010du&hellip;\n","protected":false},"author":2,"featured_media":284461,"comment_status":"","ping_status":"","sticky":false,"template":"","format":"standard","meta":{"footnotes":"","_share_on_mastodon":"0"},"categories":[12],"tags":[23,28,29,32,33,22,30,31,35,39,38,36,37,34,40,20,26,27,24,25,21],"class_list":["post-284460","post","type-post","status-publish","format-standard","has-post-thumbnail","category-latvija","tag-aktualitates","tag-breaking-news","tag-breakingnews","tag-featured-news","tag-featurednews","tag-headlines","tag-latest-news","tag-latestnews","tag-latvia","tag-latvian","tag-latviesu","tag-latviesu-valoda","tag-latviesuvaloda","tag-latvija","tag-lv","tag-news","tag-popularakas-zinas","tag-popularakaszinas","tag-top-stories","tag-topstories","tag-zinas"],"share_on_mastodon":{"url":"https:\/\/pubeurope.com\/@lv\/117206562465478543","error":""},"_links":{"self":[{"href":"https:\/\/www.europesays.com\/lv\/wp-json\/wp\/v2\/posts\/284460","targetHints":{"allow":["GET"]}}],"collection":[{"href":"https:\/\/www.europesays.com\/lv\/wp-json\/wp\/v2\/posts"}],"about":[{"href":"https:\/\/www.europesays.com\/lv\/wp-json\/wp\/v2\/types\/post"}],"author":[{"embeddable":true,"href":"https:\/\/www.europesays.com\/lv\/wp-json\/wp\/v2\/users\/2"}],"replies":[{"embeddable":true,"href":"https:\/\/www.europesays.com\/lv\/wp-json\/wp\/v2\/comments?post=284460"}],"version-history":[{"count":0,"href":"https:\/\/www.europesays.com\/lv\/wp-json\/wp\/v2\/posts\/284460\/revisions"}],"wp:featuredmedia":[{"embeddable":true,"href":"https:\/\/www.europesays.com\/lv\/wp-json\/wp\/v2\/media\/284461"}],"wp:attachment":[{"href":"https:\/\/www.europesays.com\/lv\/wp-json\/wp\/v2\/media?parent=284460"}],"wp:term":[{"taxonomy":"category","embeddable":true,"href":"https:\/\/www.europesays.com\/lv\/wp-json\/wp\/v2\/categories?post=284460"},{"taxonomy":"post_tag","embeddable":true,"href":"https:\/\/www.europesays.com\/lv\/wp-json\/wp\/v2\/tags?post=284460"}],"curies":[{"name":"wp","href":"https:\/\/api.w.org\/{rel}","templated":true}]}}