{"id":284462,"date":"2026-09-03T10:09:14","date_gmt":"2026-09-03T10:09:14","guid":{"rendered":"https:\/\/www.europesays.com\/lv\/284462\/"},"modified":"2026-09-03T10:09:14","modified_gmt":"2026-09-03T10:09:14","slug":"lietuva-izmisigi-mekle-sos-darbiniekus-par-viniem-gatavi-maksat-desmitiem-tukstosu-un-pat-piedavat-majokli","status":"publish","type":"post","link":"https:\/\/www.europesays.com\/lv\/284462\/","title":{"rendered":"Lietuv\u0101 izmis\u012bgi mekl\u0113 \u0161os darbiniekus \u2013 par vi\u0146iem gatavi maks\u0101t desmitiem t\u016bksto\u0161u un pat pied\u0101v\u0101t m\u0101jokli"},"content":{"rendered":"<p>    <img decoding=\"async\" src=\"https:\/\/www.europesays.com\/lv\/wp-content\/uploads\/2026\/09\/319216547-1024x683.jpg\" alt=\"&#10;\"\/><\/p>\n<p>Foto. Scanpix\/LETA\n<\/p>\n<p>                                                <a href=\"https:\/\/news.google.com\/publications\/CAAqHQgKIhdDQklTQ3dnTWFnY0tCV3hoTG14MktBQVAB?hl=lv&amp;gl=LV&amp;ceid=LV%3Alv\" target=\"_blank\" style=\"font-family:SF Pro Display, Roboto, serif;font-size:12px;font-weight:bold;text-transform:uppercase;color:#000;text-decoration:none;line-height:34px;height:32px;display:block\" rel=\"nofollow noopener\"><br \/>\n                            Pievieno LA.LV<br \/>\n                            <img loading=\"lazy\" decoding=\"async\" src=\"https:\/\/www.la.lv\/assets\/images\/icon\/logo-google.svg\" style=\"margin-left:4px;vertical-align: -5px;\" width=\"18\" height=\"18\"\/><br \/>\n                        <\/a><br \/>\n                                                                        <a href=\"https:\/\/whatsapp.com\/channel\/0029VbCMJEF2v1IwTt54UN0u\" target=\"_blank\" class=\"whatsapp-channel-follow\" rel=\"nofollow noopener\"><br \/>\n                            Seko WhatsApp<\/p>\n<p>                        <\/a><\/p>\n<p>10:16, 3. septembris 2026<\/p>\n<p>Lietuvas re\u0123ioni jau vair\u0101kus gadus sastopas ar probl\u0113mu, kas k\u013c\u016bst arvien nopietn\u0101ka, atrast vajadz\u012bgos speci\u0101listus \u0101rpus lielaj\u0101m pils\u0113t\u0101m ir gr\u016bti. Pa\u0161vald\u012bbas gatavas pied\u0101v\u0101t desmitiem t\u016bksto\u0161u eiro lielu finansi\u0101lu atbalstu, apmaks\u0101t studijas un m\u0101jok\u013ca \u012bri, k\u0101 ar\u012b nodro\u0161in\u0101t dienesta dz\u012bvokli, tom\u0113r ar finansi\u0101liem stimuliem vien ne vienm\u0113r pietiek, v\u0113sta Lietuvas zi\u0146u port\u0101ls Lrytas.<\/p>\n<p>        Las\u012bt\u0101kie<br \/>\n        <a data-imagesrc=\"{&quot;300&quot;:&quot;https:\\\/\\\/lastatic.ams3.cdn.digitaloceanspaces.com\\\/2026\\\/08\\\/pexels-cristian-rojas-8460085-300x200.jpg&quot;,&quot;1024&quot;:&quot;https:\\\/\\\/lastatic.ams3.cdn.digitaloceanspaces.com\\\/2026\\\/08\\\/pexels-cristian-rojas-8460085-1024x683.jpg&quot;,&quot;1536&quot;:&quot;https:\\\/\\\/lastatic.ams3.cdn.digitaloceanspaces.com\\\/2026\\\/08\\\/pexels-cristian-rojas-8460085-1536x1024.jpg&quot;,&quot;500&quot;:&quot;https:\\\/\\\/lastatic.ams3.cdn.digitaloceanspaces.com\\\/2026\\\/08\\\/pexels-cristian-rojas-8460085-500x333.jpg&quot;,&quot;800&quot;:&quot;https:\\\/\\\/lastatic.ams3.cdn.digitaloceanspaces.com\\\/2026\\\/08\\\/pexels-cristian-rojas-8460085-800x533.jpg&quot;,&quot;2560&quot;:&quot;https:\\\/\\\/lastatic.ams3.cdn.digitaloceanspaces.com\\\/2026\\\/08\\\/pexels-cristian-rojas-8460085-scaled.jpg&quot;}\" data-focuspoint=\"&quot;&quot;\" data-p=\"2602312\" href=\"https:\/\/www.la.lv\/naves-tuvosanos-var-pamanit-jau-48h-pirms-tas-7-izmainas-kas-notiek-cilveka-kermeni\" class=\"content-item lazy-load\" wp_automatic_readability=\"26.5\" rel=\"nofollow noopener\" target=\"_blank\"><\/p>\n<p>                                <img decoding=\"async\" src=\"\" alt=\"\" style=\"\" data-imageid=\"\"\/><\/p>\n<p>                                Veselam<\/p>\n<p>\n                                                                                N\u0101ves tuvo\u0161anos var paman\u012bt jau 48h pirms t\u0101s: 7 izmai\u0146as, kas notiek cilv\u0113ka \u0137ermen\u012b\n                            <\/p>\n<p><\/a><a data-imagesrc=\"{&quot;300&quot;:&quot;https:\\\/\\\/lastatic.ams3.cdn.digitaloceanspaces.com\\\/2014\\\/06\\\/mongolija34-300x200.jpg&quot;,&quot;80&quot;:&quot;https:\\\/\\\/lastatic.ams3.cdn.digitaloceanspaces.com\\\/2014\\\/06\\\/mongolija34-80x48.jpg&quot;,&quot;112&quot;:&quot;https:\\\/\\\/lastatic.ams3.cdn.digitaloceanspaces.com\\\/2014\\\/06\\\/mongolija34-112x64.jpg&quot;,&quot;664&quot;:&quot;https:\\\/\\\/lastatic.ams3.cdn.digitaloceanspaces.com\\\/2014\\\/06\\\/mongolija34-664x442.jpg&quot;,&quot;239&quot;:&quot;https:\\\/\\\/lastatic.ams3.cdn.digitaloceanspaces.com\\\/2014\\\/06\\\/mongolija34-239x160.jpg&quot;,&quot;263&quot;:&quot;https:\\\/\\\/lastatic.ams3.cdn.digitaloceanspaces.com\\\/2014\\\/06\\\/mongolija34-263x175.jpg&quot;,&quot;506&quot;:&quot;https:\\\/\\\/lastatic.ams3.cdn.digitaloceanspaces.com\\\/2014\\\/06\\\/mongolija34-506x338.jpg&quot;,&quot;118&quot;:&quot;https:\\\/\\\/lastatic.ams3.cdn.digitaloceanspaces.com\\\/2014\\\/06\\\/mongolija34-118x70.jpg&quot;,&quot;348&quot;:&quot;https:\\\/\\\/lastatic.ams3.cdn.digitaloceanspaces.com\\\/2014\\\/06\\\/mongolija34-348x225.jpg&quot;,&quot;90&quot;:&quot;https:\\\/\\\/lastatic.ams3.cdn.digitaloceanspaces.com\\\/2014\\\/06\\\/mongolija34-90x58.jpg&quot;,&quot;700&quot;:&quot;https:\\\/\\\/lastatic.ams3.cdn.digitaloceanspaces.com\\\/2014\\\/06\\\/mongolija34.jpg&quot;}\" data-focuspoint=\"&quot;&quot;\" data-p=\"2594634\" href=\"https:\/\/www.la.lv\/nosauktas-pasaules-klusakas-valstis-viena-no-tam-atrodas-tepat-baltija\" class=\"content-item lazy-load\" wp_automatic_readability=\"26\" rel=\"nofollow noopener\" target=\"_blank\"><\/p>\n<p>                                <img decoding=\"async\" src=\"\" alt=\"\" style=\"\" data-imageid=\"\"\/><\/p>\n<p>                                Kokteilis<\/p>\n<p>\n                                                                                Nosauktas pasaules klus\u0101k\u0101s valstis: viena no t\u0101m atrodas tepat \u2013 Baltij\u0101\n                            <\/p>\n<p><\/a><a data-imagesrc=\"{&quot;300&quot;:&quot;https:\\\/\\\/lastatic.ams3.cdn.digitaloceanspaces.com\\\/2018\\\/11\\\/sexxyyy-1-300x162.jpg&quot;,&quot;768&quot;:&quot;https:\\\/\\\/lastatic.ams3.cdn.digitaloceanspaces.com\\\/2018\\\/11\\\/sexxyyy-1-768x415.jpg&quot;,&quot;200&quot;:&quot;https:\\\/\\\/lastatic.ams3.cdn.digitaloceanspaces.com\\\/2018\\\/11\\\/sexxyyy-1-200x108.jpg&quot;,&quot;400&quot;:&quot;https:\\\/\\\/lastatic.ams3.cdn.digitaloceanspaces.com\\\/2018\\\/11\\\/sexxyyy-1-400x216.jpg&quot;,&quot;500&quot;:&quot;https:\\\/\\\/lastatic.ams3.cdn.digitaloceanspaces.com\\\/2018\\\/11\\\/sexxyyy-1-500x271.jpg&quot;,&quot;800&quot;:&quot;https:\\\/\\\/lastatic.ams3.cdn.digitaloceanspaces.com\\\/2018\\\/11\\\/sexxyyy-1-800x433.jpg&quot;,&quot;1000&quot;:&quot;https:\\\/\\\/lastatic.ams3.cdn.digitaloceanspaces.com\\\/2018\\\/11\\\/sexxyyy-1.jpg&quot;}\" data-focuspoint=\"&quot;&quot;\" data-p=\"1401090\" href=\"https:\/\/www.la.lv\/top-6-lietas-kas-viriesiem-skiet-biedejosas-milesanas-laika\" class=\"content-item lazy-load\" wp_automatic_readability=\"27.5\" rel=\"nofollow noopener\" target=\"_blank\"><\/p>\n<p>                                <img decoding=\"async\" src=\"\" alt=\"\" style=\"\" data-imageid=\"\"\/><\/p>\n<p>                                Kokteilis<\/p>\n<p>\n                                                                                TOP 6 lietas, kas v\u012brie\u0161iem \u0161\u0137iet bied\u0113jo\u0161as m\u012bl\u0113\u0161an\u0101s laik\u0101, lai gan vi\u0146i negrib to atz\u012bt<\/p>\n<p><\/a><br \/>\n        <a class=\"read-more\" href=\"https:\/\/www.la.lv\/top\" rel=\"nofollow noopener\" target=\"_blank\">Las\u012bt citas zi\u0146as<\/a><\/p>\n<p>Runa ir par \u0101rstiem gan \u0123imenes \u0101rstiem, gan da\u017e\u0101du specialit\u0101\u0161u medi\u0137iem, kuru tr\u016bkums Lietuvas re\u0123ionos j\u016btams arvien izteikt\u0101k.<\/p>\n<p>Jaunie \u0101rsti bie\u017e\u0101k izv\u0113las darbu liel\u0101kaj\u0101s pils\u0113t\u0101s, kur vi\u0146iem pieejamas pla\u0161\u0101kas profesion\u0101l\u0101s izaugsmes iesp\u0113jas, liel\u0101kas kol\u0113\u0123u komandas, modern\u0101ks apr\u012bkojums un elast\u012bg\u0101ki darba apst\u0101k\u013ci. T\u0101d\u0113\u013c re\u0123ionu \u0101rstniec\u012bbas iest\u0101d\u0113m n\u0101kas konkur\u0113t ne tikai sav\u0101 starp\u0101, bet ar\u012b ar lielaj\u0101m universit\u0101\u0161u slimn\u012bc\u0101m un priv\u0101to sektoru.<\/p>\n<p>    CITI \u0160OBR\u012aD LASA<\/p>\n<blockquote><p>Tikm\u0113r atsevi\u0161\u0137\u0101s pa\u0161vald\u012bb\u0101s \u0101rstu vid\u0113jais vecums jau p\u0101rsniedz 60 gadus. Vienam speci\u0101listam aizejot pensij\u0101, vi\u0146a viet\u0101 atrast aizvietot\u0101ju var b\u016bt \u013coti sare\u017e\u0123\u012bti, un jauna medi\u0137a mekl\u0113jumi var ilgt m\u0113ne\u0161iem.<\/p><\/blockquote>\n<p>\u0160\u0101da situ\u0101cija tie\u0161i ietekm\u0113 ar\u012b pacientus. Ja re\u0123ion\u0101 tr\u016bkst \u0101rstu, palielin\u0101s pacientu rindas un eso\u0161o medi\u0137u slodze, savuk\u0101rt iedz\u012bvot\u0101jiem konsult\u0101cijas, izmekl\u0113juma vai \u0101rst\u0113\u0161anas sa\u0146em\u0161anai da\u017ek\u0101rt n\u0101kas m\u0113rot desmitiem vai pat simtiem kilometru.<\/p>\n<blockquote><p>Lietuvas pa\u0161vald\u012bbas m\u0113\u0123ina situ\u0101ciju main\u012bt ar da\u017e\u0101diem atbalsta pas\u0101kumiem. Vienviet \u0101rstiem pied\u0101v\u0101 iev\u0113rojamus vienreiz\u0113jus maks\u0101jumus, citviet apmaks\u0101 studijas, \u012bres maksu, ce\u013ca izdevumus vai pie\u0161\u0137ir pa\u0161vald\u012bbas dz\u012bvokli.<\/p><\/blockquote>\n<p>Tom\u0113r ar naudu vien jaunos medi\u0137us piesaist\u012bt k\u013c\u016bst arvien gr\u016bt\u0101k. Jaunajiem speci\u0101listiem svar\u012bgs ir ne tikai atalgojums, bet ar\u012b profesion\u0101l\u0101s izaugsmes iesp\u0113jas, darba vide un ikdienas dz\u012bves kvalit\u0101te.<\/p>\n<p>L\u012bdz\u012bga probl\u0113ma ir ar\u012b Latvij\u0101<\/p>\n<p>Ar\u012b Latvij\u0101 \u0101rstu piesaiste re\u0123ioniem joproj\u0101m ir aktu\u0101ls jaut\u0101jums. Vesel\u012bbas ministrija nor\u0101da, ka \u0123imenes \u0101rstu paaud\u017eu nomai\u0146a un jaunu speci\u0101listu piesaiste darbam \u0101rpus R\u012bgas ir viens no b\u016btisk\u0101kajiem izaicin\u0101jumiem vesel\u012bbas apr\u016bp\u0113.<\/p>\n<p>Lai veicin\u0101tu \u0101rstu pieejam\u012bbu re\u0123ionos, 2026. gad\u0101 \u0123imenes \u0101rstiem lauku teritorij\u0101s paredz\u0113ts papildu finans\u0113jums piemaks\u0101m 4,8 miljonu eiro apm\u0113r\u0101. P\u0113c jaun\u0101 piemaksu mode\u013ca vid\u0113jais papildu atbalsts \u0101rstam pieaug no aptuveni 5700 l\u012bdz 8600 eiro gad\u0101.<\/p>\n<p>T\u0113mas<\/p>\n<p>    SAIST\u012aTIE RAKSTI<\/p>\n","protected":false},"excerpt":{"rendered":"Foto. Scanpix\/LETA Pievieno LA.LV Seko WhatsApp 10:16, 3. septembris 2026 Lietuvas re\u0123ioni jau vair\u0101kus gadus sastopas ar probl\u0113mu,&hellip;\n","protected":false},"author":2,"featured_media":284463,"comment_status":"","ping_status":"","sticky":false,"template":"","format":"standard","meta":{"footnotes":"","_share_on_mastodon":"0"},"categories":[5],"tags":[23,28,29,32,33,22,30,31,35,39,38,36,37,34,40,20,26,27,24,25,21],"class_list":["post-284462","post","type-post","status-publish","format-standard","has-post-thumbnail","category-aktualitates","tag-aktualitates","tag-breaking-news","tag-breakingnews","tag-featured-news","tag-featurednews","tag-headlines","tag-latest-news","tag-latestnews","tag-latvia","tag-latvian","tag-latviesu","tag-latviesu-valoda","tag-latviesuvaloda","tag-latvija","tag-lv","tag-news","tag-popularakas-zinas","tag-popularakaszinas","tag-top-stories","tag-topstories","tag-zinas"],"share_on_mastodon":{"url":"https:\/\/pubeurope.com\/@lv\/117206565967230198","error":""},"_links":{"self":[{"href":"https:\/\/www.europesays.com\/lv\/wp-json\/wp\/v2\/posts\/284462","targetHints":{"allow":["GET"]}}],"collection":[{"href":"https:\/\/www.europesays.com\/lv\/wp-json\/wp\/v2\/posts"}],"about":[{"href":"https:\/\/www.europesays.com\/lv\/wp-json\/wp\/v2\/types\/post"}],"author":[{"embeddable":true,"href":"https:\/\/www.europesays.com\/lv\/wp-json\/wp\/v2\/users\/2"}],"replies":[{"embeddable":true,"href":"https:\/\/www.europesays.com\/lv\/wp-json\/wp\/v2\/comments?post=284462"}],"version-history":[{"count":0,"href":"https:\/\/www.europesays.com\/lv\/wp-json\/wp\/v2\/posts\/284462\/revisions"}],"wp:featuredmedia":[{"embeddable":true,"href":"https:\/\/www.europesays.com\/lv\/wp-json\/wp\/v2\/media\/284463"}],"wp:attachment":[{"href":"https:\/\/www.europesays.com\/lv\/wp-json\/wp\/v2\/media?parent=284462"}],"wp:term":[{"taxonomy":"category","embeddable":true,"href":"https:\/\/www.europesays.com\/lv\/wp-json\/wp\/v2\/categories?post=284462"},{"taxonomy":"post_tag","embeddable":true,"href":"https:\/\/www.europesays.com\/lv\/wp-json\/wp\/v2\/tags?post=284462"}],"curies":[{"name":"wp","href":"https:\/\/api.w.org\/{rel}","templated":true}]}}