{"id":284514,"date":"2026-09-03T10:52:36","date_gmt":"2026-09-03T10:52:36","guid":{"rendered":"https:\/\/www.europesays.com\/lv\/284514\/"},"modified":"2026-09-03T10:52:36","modified_gmt":"2026-09-03T10:52:36","slug":"sbu-noversis-atentata-meginajumu-pret-krievijas-opozicijas-kustibas-lideri-operacijas-lika-izcelusies-apsaude-jauns-lv","status":"publish","type":"post","link":"https:\/\/www.europesays.com\/lv\/284514\/","title":{"rendered":"SBU nov\u0113rsis atent\u0101ta m\u0113\u0123in\u0101jumu pret Krievijas opoz\u012bcijas kust\u012bbas l\u012bderi; oper\u0101cijas lik\u0101 izc\u0113lusies ap\u0161aude &#8211; Jauns.lv"},"content":{"rendered":"<ol>\n<li><a href=\"https:\/\/news.google.com\/rss\/articles\/CBMi4gFBVV95cUxPeWVITk1ha1NSckpPSU91ZHd4WkpIcml2QXgzWWdOVWFKZHN4aTV5QmhSTGFlMDJiRklFNGZHUVd1SVZTUFVGNUZYbkoxZGkzTHlnZjlCLTVETUpjbWdBVC1IS0hrOHVQckxTNHlWUGw4QXlxTXNJMkRBaUxacTFYVW5aLVBfT3Jybl85VFFveUdoNEp6NWJkQVlKYVU5X2FnTEZ4aU0xVnRsVjNvTHFucFpiaGdER2hlZEk1YmttbjNpYnRIR0xWcTlLZU9ySVNOWVFlUE82bFhTb1puam9kOEVR?oc=5\" target=\"_blank\" rel=\"nofollow noopener\">SBU nov\u0113rsis atent\u0101ta m\u0113\u0123in\u0101jumu pret Krievijas opoz\u012bcijas kust\u012bbas l\u012bderi; oper\u0101cijas lik\u0101 izc\u0113lusies ap\u0161aude<\/a>&nbsp;&nbsp;Jauns.lv<\/li>\n<li><a href=\"https:\/\/news.google.com\/rss\/articles\/CBMi0gFBVV95cUxONGlhN2lpUEF5UGdBZW1FZHJjb3RqZnV1amNwVFZEazc4b2drWTRITTdmN29kVzFIT2p0ZWdJMHJyTkNVM3FfUTFSVHoxLXNibUhrYWEzVE0wN3htYWpiZFdMQVd4TGJfM2JzYzJJTXExdnU2OE9xX1JWdHE3QXNMZ3RsVkNSbWhLTGh1aV9kRFRLY29IanR5dThxLTZLZ0VkQ3dPQmRoU3RINmFlTktaZTRRSjJZdFBNNU05TUF3R1AtZmdHSENFN2FOQjA4aEotSkE?oc=5\" target=\"_blank\" rel=\"nofollow noopener\">Zelenskis: Ap\u0161aude Kijiv\u0101 starp Ukrainas dienestu darbiniekiem ir apkaunojums \/ Raksts<\/a>&nbsp;&nbsp;LSM<\/li>\n<li><a href=\"https:\/\/news.google.com\/rss\/articles\/CBMiswFBVV95cUxPVHVXdlAyenNmUGpsWjJYQ3FnTUlXdU96V184NmY5RFRhLWlMLTU2c2tlajZYZVZBbDJ6NTIxd0l4eHhUZVpkektVbXF4dFlVOC10b2cwd21iZlJTc3dNbU93NnVoQlREN2w1ejI3cGtzUTJFMkszR0NuWkRvRnFKcGN5R3N3UUlsb2NuZ3NRNmpjQlNBUnVoaWp4MnFCSDNGZUlOVFdvazF6U1c0Y2lERUlHZw?oc=5\" target=\"_blank\" rel=\"nofollow noopener\">Ukrain\u0101 nov\u0113rsts terorakts pret Krievijas opozicion\u0101ru, pazi\u0146o SBU<\/a>&nbsp;&nbsp;DELFI<\/li>\n<li><a href=\"https:\/\/news.google.com\/rss\/articles\/CBMi6gFBVV95cUxOQzR0cU81ZTNtRXltdVJPTUdROFR4SXZ1YlV6NmhIN1E2dmdhUWRvM0tjaEU5XzhieVdQaV8yUWNHWTBNN0NZNEJlQzhKMUhzMHB4a1pON3g2SDJUNVo3QnlzQ3dpa2UtamMtU0l1bXNwMUl5YVN3NUJJNmxMWG9Pbkx6bXY1SWdEc0J6RWtRTmtPTHY2bThOQXdpbXhOZEtoWWd1RFVLU2E1YXFZS01qYm42aWdFdndxSGpJRzhQZkZGMnVHLU1ZT2lpTWotLS1kTVVRcVFTUFJwVlNmWkpYc3g4TzhrWTY0U1E?oc=5\" target=\"_blank\" rel=\"nofollow noopener\">Kijiv\u0101 nemier\u012bga diena: Krievijas uzbrukumi turpin\u0101s, notikusi ap\u0161aude starp Ukrainas dienestiem<\/a>&nbsp;&nbsp;LSM<\/li>\n<li><a href=\"https:\/\/news.google.com\/rss\/articles\/CBMiswFBVV95cUxQdEIyZmw1bnQ5RS1sdWRaZnRKdGhvVFZuOXJNdWFCUWxoaVBqeVB2cWE1dmpkOWdHN0dQR2hscmFzcFppT2ctVUdXQ0ZBUW50LWRrbEd5b3Q5YV9mSjJZU3ZOZmJheXlta0hOSnA1b0VMNnFCU3NuU2ZYN19sNjRiSG1odEYwR0g1a0hTMFlBTWFTYlpicTZwQzFBY0tuUDZvdkk1MTJPWk9DckgtR09TZGZ3bw?oc=5\" target=\"_blank\" rel=\"nofollow noopener\">SBU nov\u0113rsis atent\u0101ta m\u0113\u0123in\u0101jumu pret Krievijas opoz\u012bcijas kust\u012bbas l\u012bderi<\/a>&nbsp;&nbsp;Jauns.lv<\/li>\n<\/ol>\n","protected":false},"excerpt":{"rendered":"SBU nov\u0113rsis atent\u0101ta m\u0113\u0123in\u0101jumu pret Krievijas opoz\u012bcijas kust\u012bbas l\u012bderi; oper\u0101cijas lik\u0101 izc\u0113lusies ap\u0161aude&nbsp;&nbsp;Jauns.lv Zelenskis: Ap\u0161aude Kijiv\u0101 starp Ukrainas&hellip;\n","protected":false},"author":2,"featured_media":284515,"comment_status":"","ping_status":"","sticky":false,"template":"","format":"standard","meta":{"footnotes":"","_share_on_mastodon":"0"},"categories":[5],"tags":[23,28,29,32,33,22,30,31,35,39,38,36,37,34,40,20,26,27,24,25,21],"class_list":["post-284514","post","type-post","status-publish","format-standard","has-post-thumbnail","category-aktualitates","tag-aktualitates","tag-breaking-news","tag-breakingnews","tag-featured-news","tag-featurednews","tag-headlines","tag-latest-news","tag-latestnews","tag-latvia","tag-latvian","tag-latviesu","tag-latviesu-valoda","tag-latviesuvaloda","tag-latvija","tag-lv","tag-news","tag-popularakas-zinas","tag-popularakaszinas","tag-top-stories","tag-topstories","tag-zinas"],"share_on_mastodon":{"url":"https:\/\/pubeurope.com\/@lv\/117206734991255940","error":""},"_links":{"self":[{"href":"https:\/\/www.europesays.com\/lv\/wp-json\/wp\/v2\/posts\/284514","targetHints":{"allow":["GET"]}}],"collection":[{"href":"https:\/\/www.europesays.com\/lv\/wp-json\/wp\/v2\/posts"}],"about":[{"href":"https:\/\/www.europesays.com\/lv\/wp-json\/wp\/v2\/types\/post"}],"author":[{"embeddable":true,"href":"https:\/\/www.europesays.com\/lv\/wp-json\/wp\/v2\/users\/2"}],"replies":[{"embeddable":true,"href":"https:\/\/www.europesays.com\/lv\/wp-json\/wp\/v2\/comments?post=284514"}],"version-history":[{"count":0,"href":"https:\/\/www.europesays.com\/lv\/wp-json\/wp\/v2\/posts\/284514\/revisions"}],"wp:featuredmedia":[{"embeddable":true,"href":"https:\/\/www.europesays.com\/lv\/wp-json\/wp\/v2\/media\/284515"}],"wp:attachment":[{"href":"https:\/\/www.europesays.com\/lv\/wp-json\/wp\/v2\/media?parent=284514"}],"wp:term":[{"taxonomy":"category","embeddable":true,"href":"https:\/\/www.europesays.com\/lv\/wp-json\/wp\/v2\/categories?post=284514"},{"taxonomy":"post_tag","embeddable":true,"href":"https:\/\/www.europesays.com\/lv\/wp-json\/wp\/v2\/tags?post=284514"}],"curies":[{"name":"wp","href":"https:\/\/api.w.org\/{rel}","templated":true}]}}