{"id":284536,"date":"2026-09-03T11:13:09","date_gmt":"2026-09-03T11:13:09","guid":{"rendered":"https:\/\/www.europesays.com\/lv\/284536\/"},"modified":"2026-09-03T11:13:09","modified_gmt":"2026-09-03T11:13:09","slug":"jelgavas-pussargs-zaleiko-atzits-par-virsligas-tresa-apla-labako-jauno-speletaju","status":"publish","type":"post","link":"https:\/\/www.europesays.com\/lv\/284536\/","title":{"rendered":"&#8220;Jelgavas&#8221; pussargs \u017daleiko atz\u012bts par virsl\u012bgas tre\u0161\u0101 ap\u013ca lab\u0101ko jauno sp\u0113l\u0113t\u0101ju"},"content":{"rendered":"<p>22 gadus vecais futbolists laukum\u0101 dev\u0101s vis\u0101s tre\u0161\u0101 ap\u013ca sp\u0113l\u0113s, asto\u0146as no t\u0101m s\u0101kot s\u0101kumsast\u0101v\u0101. \u017daleiko \u0161aj\u0101 nogriezn\u012b guva divus v\u0101rtus un atdeva divas rezultat\u012bvas piesp\u0113les, kam\u0113r &#8220;Jelgava&#8221; izc\u012bn\u012bja \u010detras uzvaras un piedz\u012bvoja piecus zaud\u0113jumus.<\/p>\n<p>Ar\u012b iepriek\u0161\u0113j\u0101 sezon\u0101 \u017daleiko liel\u0101ko t\u0101s da\u013cu p\u0101rst\u0101v\u0113ja &#8220;Jelgavu&#8221;, aizvadot 16 sp\u0113les. Virsl\u012bg\u0101 pussargs debit\u0113ja 17 gadu vecum\u0101, bet kopum\u0101 Latvijas sp\u0113c\u012bg\u0101kaj\u0101 l\u012bg\u0101 vi\u0146\u0161 jau aizvad\u012bjis 94 sp\u0113les. Karjeras laik\u0101 \u017daleiko p\u0101rst\u0101v\u0113jis ar\u012b <a href=\"https:\/\/sports.tvnet.lv\/term\/688545\/rfs\" class=\"topicLink\" target=\"_blank\" rel=\"nofollow noopener\">RFS<\/a> un &#8220;Daugavpili&#8221;.<\/p>\n<p>\u017daleiko aizvada savu rezultat\u012bv\u0101ko sezonu virsl\u012bg\u0101 un l\u012bdz \u0161im izc\u0113lies ar diviem prec\u012bziem sitieniem un se\u0161\u0101m rezultat\u012bv\u0101m piesp\u0113l\u0113m.<\/p>\n<p>Uz lab\u0101k\u0101 jaun\u0101 sp\u0113l\u0113t\u0101ja balvu pretend\u0113ja ar\u012b <a href=\"https:\/\/sports.tvnet.lv\/term\/1069918\/ivans-patrikejevs\" class=\"topicLink\" target=\"_blank\" rel=\"nofollow noopener\">Ivans Patrikejevs<\/a>, D\u0101vis Viljams Veisbuks, <a href=\"https:\/\/sports.tvnet.lv\/term\/1076593\/valerijs-lizunovs\" class=\"topicLink\" target=\"_blank\" rel=\"nofollow noopener\">Valerijs Lizunovs<\/a> (visi &#8211; &#8220;Super Nova&#8221;) un Alans Kangars (&#8220;Jelgava&#8221;).<\/p>\n<p>Par pirm\u0101 ap\u013ca lab\u0101ko sp\u0113l\u0113t\u0101ju tika atz\u012bts Patrikejevs, bet otraj\u0101 apl\u012b atzin\u012bbu sa\u0146\u0113ma Lizunovs.<\/p>\n<p>Lab\u0101kais jaunais sp\u0113l\u0113t\u0101js virsl\u012bg\u0101 p\u0113c katra ap\u013ca tiek noteikts kop\u0161 2015. gada. Kandid\u0101tus izvirza Latvijas Futbola feder\u0101cijas (LFF) Treneru padome, savuk\u0101rt balsojum\u0101 piedal\u0101s ar\u012b sporta mediju p\u0101rst\u0101vji un virsl\u012bgas klubu galvenie treneri. Galvenais nosac\u012bjums nomin\u0101cijai &#8211; sp\u0113l\u0113t\u0101jam j\u0101atbilst U-21 vecuma grupai.<\/p>\n","protected":false},"excerpt":{"rendered":"22 gadus vecais futbolists laukum\u0101 dev\u0101s vis\u0101s tre\u0161\u0101 ap\u013ca sp\u0113l\u0113s, asto\u0146as no t\u0101m s\u0101kot s\u0101kumsast\u0101v\u0101. \u017daleiko \u0161aj\u0101 nogriezn\u012b&hellip;\n","protected":false},"author":2,"featured_media":284537,"comment_status":"","ping_status":"","sticky":false,"template":"","format":"standard","meta":{"footnotes":"","_share_on_mastodon":"0"},"categories":[17],"tags":[32666,713,40710,42363,35,39,38,36,37,34,40,1422,67,1938,38890],"class_list":["post-284536","post","type-post","status-publish","format-standard","has-post-thumbnail","category-sports","tag-alans-kangars","tag-futbola-virsliga","tag-glebs-zaleiko","tag-ivans-patrikejevs","tag-latvia","tag-latvian","tag-latviesu","tag-latviesu-valoda","tag-latviesuvaloda","tag-latvija","tag-lv","tag-rfs","tag-sports","tag-super-nova","tag-valerijs-lizunovs"],"share_on_mastodon":{"url":"https:\/\/pubeurope.com\/@lv\/117206817592961790","error":""},"_links":{"self":[{"href":"https:\/\/www.europesays.com\/lv\/wp-json\/wp\/v2\/posts\/284536","targetHints":{"allow":["GET"]}}],"collection":[{"href":"https:\/\/www.europesays.com\/lv\/wp-json\/wp\/v2\/posts"}],"about":[{"href":"https:\/\/www.europesays.com\/lv\/wp-json\/wp\/v2\/types\/post"}],"author":[{"embeddable":true,"href":"https:\/\/www.europesays.com\/lv\/wp-json\/wp\/v2\/users\/2"}],"replies":[{"embeddable":true,"href":"https:\/\/www.europesays.com\/lv\/wp-json\/wp\/v2\/comments?post=284536"}],"version-history":[{"count":0,"href":"https:\/\/www.europesays.com\/lv\/wp-json\/wp\/v2\/posts\/284536\/revisions"}],"wp:featuredmedia":[{"embeddable":true,"href":"https:\/\/www.europesays.com\/lv\/wp-json\/wp\/v2\/media\/284537"}],"wp:attachment":[{"href":"https:\/\/www.europesays.com\/lv\/wp-json\/wp\/v2\/media?parent=284536"}],"wp:term":[{"taxonomy":"category","embeddable":true,"href":"https:\/\/www.europesays.com\/lv\/wp-json\/wp\/v2\/categories?post=284536"},{"taxonomy":"post_tag","embeddable":true,"href":"https:\/\/www.europesays.com\/lv\/wp-json\/wp\/v2\/tags?post=284536"}],"curies":[{"name":"wp","href":"https:\/\/api.w.org\/{rel}","templated":true}]}}