{"id":284560,"date":"2026-09-03T11:30:18","date_gmt":"2026-09-03T11:30:18","guid":{"rendered":"https:\/\/www.europesays.com\/lv\/284560\/"},"modified":"2026-09-03T11:30:18","modified_gmt":"2026-09-03T11:30:18","slug":"latvija-sadarbosies-ar-kanadu-nepala-pazuduso-meklesana-zino-am","status":"publish","type":"post","link":"https:\/\/www.europesays.com\/lv\/284560\/","title":{"rendered":"Latvija sadarbosies ar Kan\u0101du Nep\u0101l\u0101 pazudu\u0161o mekl\u0113\u0161an\u0101, zi\u0146o \u0100M"},"content":{"rendered":"<p>Tuvu negad\u012bjuma epicentram atrad\u0101s ar\u012b liela Latvijas t\u016bristu grupa, kuru bija organiz\u0113ju\u0161i jogas interesenti no &#8220;Yantra&#8221;, bet maz\u0101ks Latvijas t\u016bristu skaits dabas katastrofas zon\u0101 atrad\u0101s viet\u0113j\u0101s firmas &#8220;Mighty Himalayan Trek&#8221; grup\u0101. \u0100rlietu ministrijai zin\u0101ms, ka tr\u012bs Latvijas iedz\u012bvot\u0101ji, kuri tobr\u012bd atrad\u0101s re\u0123ion\u0101, nav cietu\u0161i pl\u016bdu izrais\u012btaj\u0101 dub\u013cu nogruvum\u0101 Nep\u0101l\u0101, bet 33 patlaban tiek uzskat\u012bti par bezv\u0113sts pazudu\u0161iem.<\/p>\n<p>\u0100rlietu ministrija inform\u0113, ka emocion\u0101lu atbalstu var sa\u0146emt, sazinoties ar kr\u012b\u017eu centru &#8220;Skalbes&#8221; diennakts re\u017e\u012bm\u0101 pa t\u0101lru\u0146iem: 67222922, 27722292 vai 116006.<\/p>\n<p class=\"text-align-justify\">Praktisku un materi\u0101lu atbalstu ir gatava sniegt biedr\u012bba &#8220;Pal\u012bdz\u0113sim viens otram&#8221;.<\/p>\n<p class=\"text-align-justify\">Kontaktinform\u0101cija: Edijs, t\u0101lrunis 25750076 vai e-pasts edijs.pipars@gmail.com, Signija, t\u0101lrunis 20001277, vai Kristaps, t\u0101lrunis 29661068.<\/p>\n<p class=\"text-align-justify\">\u0100rlietu ministrijas Konsul\u0101rais dienests ir pieejams sazi\u0146ai diennakts re\u017e\u012bm\u0101 pa t\u0101lruni +371 26337711 vai e-pastu palidziba@mfa.gov.lv.<\/p>\n<p>T\u0101pat RSU Psiholo\u0123ijas katedras doc\u0113t\u0101ji un psiholo\u0123isk\u0101s pal\u012bdz\u012bbas profesion\u0101\u013ci aicina pieteikties bezmaksas psiholo\u0123isk\u0101 atbalsta sa\u0146em\u0161anai Nep\u0101l\u0101 bezv\u0113sts pazudu\u0161o \u0123imenes locek\u013cus, tuviniekus un draugus.<\/p>\n<p>Jaut\u0101jumos par pal\u012bdz\u012bbas sa\u0146em\u0161anu un speci\u0101listu pieejam\u012bbu iesp\u0113jams sazin\u0101ties ar koordinatori Nikolu Vanagu: nikola.vanaga@rsu.lv.<\/p>\n","protected":false},"excerpt":{"rendered":"Tuvu negad\u012bjuma epicentram atrad\u0101s ar\u012b liela Latvijas t\u016bristu grupa, kuru bija organiz\u0113ju\u0161i jogas interesenti no &#8220;Yantra&#8221;, bet maz\u0101ks&hellip;\n","protected":false},"author":2,"featured_media":284561,"comment_status":"","ping_status":"","sticky":false,"template":"","format":"standard","meta":{"footnotes":"","_share_on_mastodon":"0"},"categories":[5],"tags":[23,464,447,28,29,32,33,22,11563,486,30,31,35,39,38,36,37,34,40,5418,20,4821,26,27,24,25,21],"class_list":["post-284560","post","type-post","status-publish","format-standard","has-post-thumbnail","category-aktualitates","tag-aktualitates","tag-arlietu-ministrija","tag-baiba-braze","tag-breaking-news","tag-breakingnews","tag-featured-news","tag-featurednews","tag-headlines","tag-himalaji","tag-kanada","tag-latest-news","tag-latestnews","tag-latvia","tag-latvian","tag-latviesu","tag-latviesu-valoda","tag-latviesuvaloda","tag-latvija","tag-lv","tag-nepala","tag-news","tag-pludi","tag-popularakas-zinas","tag-popularakaszinas","tag-top-stories","tag-topstories","tag-zinas"],"share_on_mastodon":{"url":"https:\/\/pubeurope.com\/@lv\/117206884439968887","error":""},"_links":{"self":[{"href":"https:\/\/www.europesays.com\/lv\/wp-json\/wp\/v2\/posts\/284560","targetHints":{"allow":["GET"]}}],"collection":[{"href":"https:\/\/www.europesays.com\/lv\/wp-json\/wp\/v2\/posts"}],"about":[{"href":"https:\/\/www.europesays.com\/lv\/wp-json\/wp\/v2\/types\/post"}],"author":[{"embeddable":true,"href":"https:\/\/www.europesays.com\/lv\/wp-json\/wp\/v2\/users\/2"}],"replies":[{"embeddable":true,"href":"https:\/\/www.europesays.com\/lv\/wp-json\/wp\/v2\/comments?post=284560"}],"version-history":[{"count":0,"href":"https:\/\/www.europesays.com\/lv\/wp-json\/wp\/v2\/posts\/284560\/revisions"}],"wp:featuredmedia":[{"embeddable":true,"href":"https:\/\/www.europesays.com\/lv\/wp-json\/wp\/v2\/media\/284561"}],"wp:attachment":[{"href":"https:\/\/www.europesays.com\/lv\/wp-json\/wp\/v2\/media?parent=284560"}],"wp:term":[{"taxonomy":"category","embeddable":true,"href":"https:\/\/www.europesays.com\/lv\/wp-json\/wp\/v2\/categories?post=284560"},{"taxonomy":"post_tag","embeddable":true,"href":"https:\/\/www.europesays.com\/lv\/wp-json\/wp\/v2\/tags?post=284560"}],"curies":[{"name":"wp","href":"https:\/\/api.w.org\/{rel}","templated":true}]}}