{"id":284590,"date":"2026-09-03T11:58:12","date_gmt":"2026-09-03T11:58:12","guid":{"rendered":"https:\/\/www.europesays.com\/lv\/284590\/"},"modified":"2026-09-03T11:58:12","modified_gmt":"2026-09-03T11:58:12","slug":"mirusi-zurnaliste-un-feminisma-aktiviste-glorija-steinema","status":"publish","type":"post","link":"https:\/\/www.europesays.com\/lv\/284590\/","title":{"rendered":"Mirusi \u017eurn\u0101liste un feminisma akt\u012bviste Glorija Steinema"},"content":{"rendered":"<p>Steinema bija feminisma akt\u012bviste un rakstniece, vair\u0101ku gr\u0101matu un eseju kr\u0101jumu autore.<\/p>\n<p>Vi\u0146a c\u012bn\u012bj\u0101s pret vardarb\u012bbu \u0123imen\u0113, pornogr\u0101fijas industriju, iest\u0101j\u0101s par sievie\u0161u reprodukt\u012bvaj\u0101m un LGBTQ ties\u012bb\u0101m.<\/p>\n<p>Vi\u0146a piedal\u012bj\u0101s Sievie\u0161u r\u012bc\u012bbas alianses dibin\u0101\u0161an\u0101. Alianse bija novatorisks inform\u0101cijas centrs, kas specializ\u0113j\u0101s neseksistisk\u0101 da\u017e\u0101du rasu b\u0113rnu izgl\u012bt\u012bb\u0101.<\/p>\n<p>P\u0113c gadiem ilgas laul\u012bbas noraid\u012b\u0161anas vi\u0146a 2000. gad\u0101 tom\u0113r apprec\u0113j\u0101s ar vides akt\u012bvistu Deividu Beilu. P\u0113c v\u012bra n\u0101ves vi\u0146a saglab\u0101ja tuvas attiec\u012bbas ar savu aud\u017eud\u0113lu aktieri Kristianu Beilu.<\/p>\n<p>1986. gad\u0101 Steinemai tika diagnostic\u0113ts kr\u016bts v\u0113zis, bet 1994. gad\u0101 hroniska saslim\u0161ana \u2013 trijzaru nerva neiral\u0123ija.<\/p>\n<p>Steinema &#8220;mier\u012bgi aizg\u0101ja m\u016b\u017e\u012bb\u0101 sav\u0101s m\u0101j\u0101s \u0145ujork\u0101, daudzu vi\u0146u m\u012blo\u0161u cilv\u0113ku ieskauta&#8221;, teikts vi\u0146as Instagram lap\u0101 public\u0113taj\u0101 pazi\u0146ojum\u0101.<\/p>\n","protected":false},"excerpt":{"rendered":"Steinema bija feminisma akt\u012bviste un rakstniece, vair\u0101ku gr\u0101matu un eseju kr\u0101jumu autore. Vi\u0146a c\u012bn\u012bj\u0101s pret vardarb\u012bbu \u0123imen\u0113, pornogr\u0101fijas&hellip;\n","protected":false},"author":2,"featured_media":284591,"comment_status":"","ping_status":"","sticky":false,"template":"","format":"standard","meta":{"footnotes":"","_share_on_mastodon":"0"},"categories":[14],"tags":[23,57,292,28,29,32,33,42365,22,2161,30,31,35,39,38,36,37,34,40,20,26,27,24,25,54,55,56,21,58],"class_list":["post-284590","post","type-post","status-publish","format-standard","has-post-thumbnail","category-zinas-no-arvalstim","tag-aktualitates","tag-arvalstim","tag-asv","tag-breaking-news","tag-breakingnews","tag-featured-news","tag-featurednews","tag-feminisms","tag-headlines","tag-in-memoriam","tag-latest-news","tag-latestnews","tag-latvia","tag-latvian","tag-latviesu","tag-latviesu-valoda","tag-latviesuvaloda","tag-latvija","tag-lv","tag-news","tag-popularakas-zinas","tag-popularakaszinas","tag-top-stories","tag-topstories","tag-world","tag-world-news","tag-worldnews","tag-zinas","tag-zinas-no-arvalstim"],"share_on_mastodon":{"url":"https:\/\/pubeurope.com\/@lv\/117206994809885082","error":""},"_links":{"self":[{"href":"https:\/\/www.europesays.com\/lv\/wp-json\/wp\/v2\/posts\/284590","targetHints":{"allow":["GET"]}}],"collection":[{"href":"https:\/\/www.europesays.com\/lv\/wp-json\/wp\/v2\/posts"}],"about":[{"href":"https:\/\/www.europesays.com\/lv\/wp-json\/wp\/v2\/types\/post"}],"author":[{"embeddable":true,"href":"https:\/\/www.europesays.com\/lv\/wp-json\/wp\/v2\/users\/2"}],"replies":[{"embeddable":true,"href":"https:\/\/www.europesays.com\/lv\/wp-json\/wp\/v2\/comments?post=284590"}],"version-history":[{"count":0,"href":"https:\/\/www.europesays.com\/lv\/wp-json\/wp\/v2\/posts\/284590\/revisions"}],"wp:featuredmedia":[{"embeddable":true,"href":"https:\/\/www.europesays.com\/lv\/wp-json\/wp\/v2\/media\/284591"}],"wp:attachment":[{"href":"https:\/\/www.europesays.com\/lv\/wp-json\/wp\/v2\/media?parent=284590"}],"wp:term":[{"taxonomy":"category","embeddable":true,"href":"https:\/\/www.europesays.com\/lv\/wp-json\/wp\/v2\/categories?post=284590"},{"taxonomy":"post_tag","embeddable":true,"href":"https:\/\/www.europesays.com\/lv\/wp-json\/wp\/v2\/tags?post=284590"}],"curies":[{"name":"wp","href":"https:\/\/api.w.org\/{rel}","templated":true}]}}